{"id":8251,"date":"2021-11-19T14:15:43","date_gmt":"2021-11-19T13:15:43","guid":{"rendered":"https:\/\/agora.xtec.cat\/ies-santa-eulalia\/?p=8251"},"modified":"2021-11-22T16:34:01","modified_gmt":"2021-11-22T15:34:01","slug":"economia-circular-a-la-setmana-de-la-ciencia","status":"publish","type":"post","link":"https:\/\/agora.xtec.cat\/ies-santa-eulalia\/general\/economia-circular-a-la-setmana-de-la-ciencia\/","title":{"rendered":"Economia circular a la Setmana de la Ci\u00e8ncia"},"content":{"rendered":"<div>\n<p>El departament d&#8217;Economia tamb\u00e9 ha participat a la setmana de la ci\u00e8ncia organitzada pel departament de F\u00edsica i Qu\u00edmica i Ci\u00e8ncies Naturals.<\/p>\n<p align=\"JUSTIFY\">Aquest any, la setmana de la ci\u00e8ncia ha plantejat la tem\u00e0tica de l&#8217;Economia Circular com a alternativa a models econ\u00f2mics actuals que promouen una producci\u00f3 i consum insostenibles.<\/p>\n<p align=\"JUSTIFY\">Qu\u00e8 \u00e9s l&#8217;economia circular? Doncs, \u00e9s un model econ\u00f2mic que proposa la reutilitzaci\u00f3 de les mat\u00e8ries primeres, la reducci\u00f3 de les emissions de carboni i la sostenibilitat en les decisions econ\u00f2miques del dia a dia. Tamb\u00e9 evita la contaminaci\u00f3, fa servir recursos renovables i minimitza els impactes ambientals durant tot el cicle de vida dels productes.<\/p>\n<p align=\"JUSTIFY\">L&#8217;alumnat de 1r de Batxillerat de la mat\u00e8ria d&#8217;Economia ha realitzat un projecte d&#8217;economia circular de diferents tem\u00e0tiques: ruta de comer\u00e7os d&#8217;economia circular d&#8217;Hospitalet, mapa d&#8217;iniciatives d&#8217;economia social i solid\u00e0ria del Pam a Pam a Catalunya, mapa de conflictes mediambientals (<a href=\"http:\/\/ejatlas.org\/\" target=\"_blank\" rel=\"noopener\">ejatlas.org<\/a>), promoci\u00f3 del cal\u00e7at sostenible, reflexi\u00f3 sobre la ruta que fa un tom\u00e0quet des de la seva producci\u00f3 al Marroc fins al lloc de consum i conseq\u00fc\u00e8ncies actuals del consum excessiu de mat\u00e8ries primeres.<\/p>\n<\/div>\n<div><\/div>\n<div><a href=\"https:\/\/agora.xtec.cat\/ies-santa-eulalia\/wp-content\/uploads\/usu1612\/2021\/11\/reduida-scaled.jpg\"><img loading=\"lazy\" decoding=\"async\" class=\"alignnone wp-image-8252\" src=\"https:\/\/agora.xtec.cat\/ies-santa-eulalia\/wp-content\/uploads\/usu1612\/2021\/11\/reduida-1024x768.jpg\" alt=\"Treballs realitzats a classe\" width=\"549\" height=\"412\" srcset=\"https:\/\/agora.xtec.cat\/ies-santa-eulalia\/wp-content\/uploads\/usu1612\/2021\/11\/reduida-1024x768.jpg 1024w, https:\/\/agora.xtec.cat\/ies-santa-eulalia\/wp-content\/uploads\/usu1612\/2021\/11\/reduida-300x225.jpg 300w, https:\/\/agora.xtec.cat\/ies-santa-eulalia\/wp-content\/uploads\/usu1612\/2021\/11\/reduida-768x576.jpg 768w, https:\/\/agora.xtec.cat\/ies-santa-eulalia\/wp-content\/uploads\/usu1612\/2021\/11\/reduida-1536x1152.jpg 1536w, https:\/\/agora.xtec.cat\/ies-santa-eulalia\/wp-content\/uploads\/usu1612\/2021\/11\/reduida-2048x1536.jpg 2048w, https:\/\/agora.xtec.cat\/ies-santa-eulalia\/wp-content\/uploads\/usu1612\/2021\/11\/reduida-200x150.jpg 200w\" sizes=\"auto, (max-width: 549px) 100vw, 549px\" \/><\/a> <a href=\"https:\/\/agora.xtec.cat\/ies-santa-eulalia\/wp-content\/uploads\/usu1612\/2021\/11\/reduida-1-scaled.jpg\"><img loading=\"lazy\" decoding=\"async\" class=\"alignnone wp-image-8253\" src=\"https:\/\/agora.xtec.cat\/ies-santa-eulalia\/wp-content\/uploads\/usu1612\/2021\/11\/reduida-1-1024x768.jpg\" alt=\"\" width=\"489\" height=\"367\" srcset=\"https:\/\/agora.xtec.cat\/ies-santa-eulalia\/wp-content\/uploads\/usu1612\/2021\/11\/reduida-1-1024x768.jpg 1024w, https:\/\/agora.xtec.cat\/ies-santa-eulalia\/wp-content\/uploads\/usu1612\/2021\/11\/reduida-1-300x225.jpg 300w, https:\/\/agora.xtec.cat\/ies-santa-eulalia\/wp-content\/uploads\/usu1612\/2021\/11\/reduida-1-768x576.jpg 768w, https:\/\/agora.xtec.cat\/ies-santa-eulalia\/wp-content\/uploads\/usu1612\/2021\/11\/reduida-1-1536x1152.jpg 1536w, https:\/\/agora.xtec.cat\/ies-santa-eulalia\/wp-content\/uploads\/usu1612\/2021\/11\/reduida-1-2048x1536.jpg 2048w, https:\/\/agora.xtec.cat\/ies-santa-eulalia\/wp-content\/uploads\/usu1612\/2021\/11\/reduida-1-200x150.jpg 200w\" sizes=\"auto, (max-width: 489px) 100vw, 489px\" \/><\/a> <a href=\"https:\/\/agora.xtec.cat\/ies-santa-eulalia\/wp-content\/uploads\/usu1612\/2021\/11\/reduida-2-scaled.jpg\"><img loading=\"lazy\" decoding=\"async\" class=\"alignnone wp-image-8254\" src=\"https:\/\/agora.xtec.cat\/ies-santa-eulalia\/wp-content\/uploads\/usu1612\/2021\/11\/reduida-2-768x1024.jpg\" alt=\"\" width=\"605\" height=\"807\" srcset=\"https:\/\/agora.xtec.cat\/ies-santa-eulalia\/wp-content\/uploads\/usu1612\/2021\/11\/reduida-2-768x1024.jpg 768w, https:\/\/agora.xtec.cat\/ies-santa-eulalia\/wp-content\/uploads\/usu1612\/2021\/11\/reduida-2-225x300.jpg 225w, https:\/\/agora.xtec.cat\/ies-santa-eulalia\/wp-content\/uploads\/usu1612\/2021\/11\/reduida-2-1152x1536.jpg 1152w, https:\/\/agora.xtec.cat\/ies-santa-eulalia\/wp-content\/uploads\/usu1612\/2021\/11\/reduida-2-1536x2048.jpg 1536w, https:\/\/agora.xtec.cat\/ies-santa-eulalia\/wp-content\/uploads\/usu1612\/2021\/11\/reduida-2-scaled.jpg 1920w\" sizes=\"auto, (max-width: 605px) 100vw, 605px\" \/><\/a><\/div>\n<div><\/div>\n<div><\/div>\n<div>\n<div>\n<div class=\"gmail_quote\">\n<div class=\"gmail_attr\" dir=\"ltr\"><\/div>\n<\/div>\n<\/div>\n<\/div>\n","protected":false},"excerpt":{"rendered":"<p>El departament d&#8217;Economia tamb\u00e9 ha participat a la setmana de la ci\u00e8ncia organitzada pel departament de F\u00edsica i Qu\u00edmica i Ci\u00e8ncies Naturals.<br \/>\nAquest any, la setmana de la ci\u00e8ncia ha plantejat la tem\u00e0tica de l&#8217;Economia Circular com a alternativa a models econ\u00f2mics actuals que promouen una&hellip;  <a href=\"https:\/\/agora.xtec.cat\/ies-santa-eulalia\/general\/economia-circular-a-la-setmana-de-la-ciencia\/\" title=\"Read Economia circular a la Setmana de la Ci\u00e8ncia\">Llegeix m\u00e9s\u00bb<\/a><\/p>\n","protected":false},"author":66,"featured_media":8253,"comment_status":"open","ping_status":"closed","sticky":false,"template":"","format":"standard","meta":{"_bbp_topic_count":0,"_bbp_reply_count":0,"_bbp_total_topic_count":0,"_bbp_total_reply_count":0,"_bbp_voice_count":0,"_bbp_anonymous_reply_count":0,"_bbp_topic_count_hidden":0,"_bbp_reply_count_hidden":0,"_bbp_forum_subforum_count":0,"footnotes":""},"categories":[176,177,155,8,1,225,29],"tags":[],"class_list":["post-8251","post","type-post","status-publish","format-standard","has-post-thumbnail","hentry","category-1r-batx-a","category-1r-batx-b","category-novetats-economia","category-batxillerat","category-general","category-institut-santa-eulalia-i-el-medi-ambient","category-portada"],"post_mailing_queue_ids":[],"_links":{"self":[{"href":"https:\/\/agora.xtec.cat\/ies-santa-eulalia\/wp-json\/wp\/v2\/posts\/8251","targetHints":{"allow":["GET"]}}],"collection":[{"href":"https:\/\/agora.xtec.cat\/ies-santa-eulalia\/wp-json\/wp\/v2\/posts"}],"about":[{"href":"https:\/\/agora.xtec.cat\/ies-santa-eulalia\/wp-json\/wp\/v2\/types\/post"}],"author":[{"embeddable":true,"href":"https:\/\/agora.xtec.cat\/ies-santa-eulalia\/wp-json\/wp\/v2\/users\/66"}],"replies":[{"embeddable":true,"href":"https:\/\/agora.xtec.cat\/ies-santa-eulalia\/wp-json\/wp\/v2\/comments?post=8251"}],"version-history":[{"count":3,"href":"https:\/\/agora.xtec.cat\/ies-santa-eulalia\/wp-json\/wp\/v2\/posts\/8251\/revisions"}],"predecessor-version":[{"id":8280,"href":"https:\/\/agora.xtec.cat\/ies-santa-eulalia\/wp-json\/wp\/v2\/posts\/8251\/revisions\/8280"}],"wp:featuredmedia":[{"embeddable":true,"href":"https:\/\/agora.xtec.cat\/ies-santa-eulalia\/wp-json\/wp\/v2\/media\/8253"}],"wp:attachment":[{"href":"https:\/\/agora.xtec.cat\/ies-santa-eulalia\/wp-json\/wp\/v2\/media?parent=8251"}],"wp:term":[{"taxonomy":"category","embeddable":true,"href":"https:\/\/agora.xtec.cat\/ies-santa-eulalia\/wp-json\/wp\/v2\/categories?post=8251"},{"taxonomy":"post_tag","embeddable":true,"href":"https:\/\/agora.xtec.cat\/ies-santa-eulalia\/wp-json\/wp\/v2\/tags?post=8251"}],"curies":[{"name":"wp","href":"https:\/\/api.w.org\/{rel}","templated":true}]}}