{"id":8193,"date":"2021-11-12T08:10:44","date_gmt":"2021-11-12T07:10:44","guid":{"rendered":"https:\/\/agora.xtec.cat\/ies-santa-eulalia\/?p=8193"},"modified":"2021-11-16T08:18:34","modified_gmt":"2021-11-16T07:18:34","slug":"programa-de-la-v-setmana-de-la-ciencia","status":"publish","type":"post","link":"https:\/\/agora.xtec.cat\/ies-santa-eulalia\/general\/programa-de-la-v-setmana-de-la-ciencia\/","title":{"rendered":"Programa de la V Setmana de la Ci\u00e8ncia"},"content":{"rendered":"<p>Dilluns que ve comencem la\u00a0<strong>V Setmana de la Ci\u00e8ncia<\/strong>\u00a0de l&#8217;institut Santa Eul\u00e0lia.<\/p>\n<p>Des de principi de curs els departaments de F\u00edsica i Qu\u00edmica i Ci\u00e8ncies Naturals hem estat preparant algunes activitats i concursos. El primer va ser el del Cartell de la Setmana de la Ci\u00e8ncia que va guanyar Luc\u00eda Basalo i Leyre Gonz\u00e1lez de 4tA, agra\u00efm molt la col\u00b7laboraci\u00f3 de la Rosa i del departament de Visual i Pl\u00e0stica.<\/p>\n<p>La resta d&#8217;activitats s\u00f3n:<\/p>\n<ul>\n<li>Del 12 al 23 de novembre el\u00a0<strong>Concurs 7Ci\u00e8ncies<\/strong>. \u00c9s una s\u00e8rie d&#8217;enigmes diaris que plantegem a l&#8217;alumnat al compte d&#8217;Instagram del centre.<\/li>\n<li><strong>Concurs de Fotografia Cient\u00edfica<\/strong>.<\/li>\n<li>A partir del 15 de novembre podrem gaudir de l&#8217;exposici\u00f3 de\u00a0<strong>Maquetes de la C\u00e8l\u00b7lula <\/strong>de primer i 4t A d&#8217;ESO. Moltes s\u00f3n espectaculars, felicitats noies i nois!<\/li>\n<li>A partir del 15 de novembre podrem gaudir dels murals de la <strong>Mitosi i la Meiosi cel\u00b7lular <\/strong>de 4t A d&#8217;ESO.<\/li>\n<li>El 16 de novembre de 10:30 a 11:45\u00a0<strong>xerrada del IIBB: &#8220;Pseudoci\u00e8ncia i negacionisme en temps de pand\u00e8mia&#8221; <\/strong>pels dos grups de primer de batxillerat.<\/li>\n<li>El 17 de novembre de 9:15 a 10:15\u00a0<strong>xerrada del Programa &#8220;La ci\u00e8ncia en primera persona&#8221; de la FCRI sobre Rob\u00f2tica <\/strong>per 4t A i 4t C.<\/li>\n<li>El 17 de novembre de 11:45 a 12:45\u00a0\u00a0<strong>xerrada del Programa &#8220;La ci\u00e8ncia en primera persona&#8221; de la FCRI sobre Astrof\u00edsica\u00a0<\/strong>per tots els grups de tercer d&#8217;ESO.<\/li>\n<li>El 17 de novembre <strong>Xerrada a la Facultat de Matem\u00e0tiques<\/strong> de la UB per l\u2019alumnat de primer i segon de batxillerat de Ci\u00e8ncies i Tecnologia. Activitat organitzada pel departament de Matem\u00e0tiques.<\/li>\n<li>El 18 de novembre de 12:00 a 13:15 <strong>xerrada del IIBB: Desenvolupament d\u2019una ter\u00e0pia cel\u00b7lular, del laboratori a l\u2019hospital <\/strong>per primer i segon de Biologia de batxillerat.<\/li>\n<li>Activitats variades a classe de ci\u00e8ncies sobre <strong>sostenibilitat<\/strong>.<\/li>\n<li>Durant el mes de desembre 1r d\u2019ESO i 2n ESO far\u00e0 cartells i una entrada a la p\u00e0gina web per fer una crida a les fam\u00edlies i al professorat amb la finalitat d\u2019aconseguir <strong>estalvi energ\u00e8tic i d\u2019aigua<\/strong> a l\u2019institut i a casa.<\/li>\n<\/ul>\n<p>Esperem gaudir molt d&#8217;aquesta setmana tan especial, gr\u00e0cies a tota la comunitat de l&#8217;Institut Santa Eul\u00e0lia per fer m\u00e9s gran, any rere any, la Setmana de la Ci\u00e8ncia. Us animem a seguir el lema de la setmana: <b>actives i inclusives, sostenibles!<\/b><\/p>\n<p><img loading=\"lazy\" decoding=\"async\" class=\"attachment-266x266 size-266x266\" src=\"https:\/\/agora.xtec.cat\/ies-santa-eulalia\/wp-content\/uploads\/usu1612\/2021\/11\/Cartell-SCISE21.jpg\" alt=\"\" width=\"188\" height=\"266\" \/><\/p>\n<p><em>1r premi del Concurs de Cartells de la SCISE21: <strong>Luc\u00eda Basalo<\/strong> i<strong> Leyre Gonz\u00e1lez<\/strong> de 4t A d&#8217;ESO.<\/em><\/p>\n","protected":false},"excerpt":{"rendered":"<p>Dilluns que ve comencem la\u00a0V Setmana de la Ci\u00e8ncia\u00a0de l&#8217;institut Santa Eul\u00e0lia.<br \/>\nDes de principi de curs els departaments de F\u00edsica i Qu\u00edmica i Ci\u00e8ncies Naturals hem estat preparant algunes activitats i concursos. El primer va ser el del Cartell de la Setmana de la Ci\u00e8ncia&hellip;  <a href=\"https:\/\/agora.xtec.cat\/ies-santa-eulalia\/general\/programa-de-la-v-setmana-de-la-ciencia\/\" title=\"Read Programa de la V Setmana de la Ci\u00e8ncia\">Llegeix m\u00e9s\u00bb<\/a><\/p>\n","protected":false},"author":48,"featured_media":8196,"comment_status":"open","ping_status":"closed","sticky":false,"template":"","format":"standard","meta":{"_bbp_topic_count":0,"_bbp_reply_count":0,"_bbp_total_topic_count":0,"_bbp_total_reply_count":0,"_bbp_voice_count":0,"_bbp_anonymous_reply_count":0,"_bbp_topic_count_hidden":0,"_bbp_reply_count_hidden":0,"_bbp_forum_subforum_count":0,"footnotes":""},"categories":[144,145,8,3,1,29],"tags":[233,221,167,307,168,44],"class_list":["post-8193","post","type-post","status-publish","format-standard","has-post-thumbnail","hentry","category-novetats-ciencies-naturals","category-novetats-fisica-i-quimica","category-batxillerat","category-eso","category-general","category-portada","tag-iseulalia","tag-ciencia","tag-concursos","tag-ise2021","tag-setmana-de-la-ciencia","tag-xerrades"],"post_mailing_queue_ids":[],"_links":{"self":[{"href":"https:\/\/agora.xtec.cat\/ies-santa-eulalia\/wp-json\/wp\/v2\/posts\/8193","targetHints":{"allow":["GET"]}}],"collection":[{"href":"https:\/\/agora.xtec.cat\/ies-santa-eulalia\/wp-json\/wp\/v2\/posts"}],"about":[{"href":"https:\/\/agora.xtec.cat\/ies-santa-eulalia\/wp-json\/wp\/v2\/types\/post"}],"author":[{"embeddable":true,"href":"https:\/\/agora.xtec.cat\/ies-santa-eulalia\/wp-json\/wp\/v2\/users\/48"}],"replies":[{"embeddable":true,"href":"https:\/\/agora.xtec.cat\/ies-santa-eulalia\/wp-json\/wp\/v2\/comments?post=8193"}],"version-history":[{"count":3,"href":"https:\/\/agora.xtec.cat\/ies-santa-eulalia\/wp-json\/wp\/v2\/posts\/8193\/revisions"}],"predecessor-version":[{"id":8200,"href":"https:\/\/agora.xtec.cat\/ies-santa-eulalia\/wp-json\/wp\/v2\/posts\/8193\/revisions\/8200"}],"wp:featuredmedia":[{"embeddable":true,"href":"https:\/\/agora.xtec.cat\/ies-santa-eulalia\/wp-json\/wp\/v2\/media\/8196"}],"wp:attachment":[{"href":"https:\/\/agora.xtec.cat\/ies-santa-eulalia\/wp-json\/wp\/v2\/media?parent=8193"}],"wp:term":[{"taxonomy":"category","embeddable":true,"href":"https:\/\/agora.xtec.cat\/ies-santa-eulalia\/wp-json\/wp\/v2\/categories?post=8193"},{"taxonomy":"post_tag","embeddable":true,"href":"https:\/\/agora.xtec.cat\/ies-santa-eulalia\/wp-json\/wp\/v2\/tags?post=8193"}],"curies":[{"name":"wp","href":"https:\/\/api.w.org\/{rel}","templated":true}]}}