{"id":8168,"date":"2021-11-10T12:56:04","date_gmt":"2021-11-10T11:56:04","guid":{"rendered":"https:\/\/agora.xtec.cat\/ies-santa-eulalia\/?p=8168"},"modified":"2021-11-10T12:56:18","modified_gmt":"2021-11-10T11:56:18","slug":"xarxa-de-competencies-al-copem","status":"publish","type":"post","link":"https:\/\/agora.xtec.cat\/ies-santa-eulalia\/general\/xarxa-de-competencies-al-copem\/","title":{"rendered":"Xarxa de compet\u00e8ncies"},"content":{"rendered":"<p>La Xarxa de Compet\u00e8ncies B\u00e0siques (Xarxa Cb) \u00e9s una modalitat de formaci\u00f3 i desenvolupament professional docent basat en l\u2019aprenentatge entre iguals i en xarxa, promoguda pel Departament d\u2019Educaci\u00f3, dins el seu pla de formaci\u00f3 permanent. La Xarxa Cb est\u00e0 formada per equips docents de centres d\u2019educaci\u00f3 infantil, prim\u00e0ria, secund\u00e0ria i batxillerat que volen iniciar, mantenir o consolidar processos de reflexi\u00f3-acci\u00f3 en equip i en xarxa per transformar l\u2019escola en un espai que afavoreixi l\u2019aprenentatge i ajudi els docents a millorar el seu desenvolupament professional i als centres a constituir-se en organitzacions que aprenen. Actualment est\u00e0 formada per m\u00e9s de 700 centres, tant de prim\u00e0ria com de secund\u00e0ria, organitzats en xarxes territorials, i implica m\u00e9s de 10.000 docents.<\/p>\n<p>Podeu visitar el<a href=\"http:\/\/xtec.gencat.cat\/ca\/curriculum\/xarxacb\"> web de la Xarxa CB<\/a><\/p>\n<p><a href=\"https:\/\/agora.xtec.cat\/ies-santa-eulalia\/wp-content\/uploads\/usu1612\/2021\/11\/xarxa-de.jpg\"><img loading=\"lazy\" decoding=\"async\" class=\"alignnone size-full wp-image-8166\" src=\"https:\/\/agora.xtec.cat\/ies-santa-eulalia\/wp-content\/uploads\/usu1612\/2021\/11\/xarxa-de.jpg\" alt=\"\" width=\"1080\" height=\"1080\" srcset=\"https:\/\/agora.xtec.cat\/ies-santa-eulalia\/wp-content\/uploads\/usu1612\/2021\/11\/xarxa-de.jpg 1080w, https:\/\/agora.xtec.cat\/ies-santa-eulalia\/wp-content\/uploads\/usu1612\/2021\/11\/xarxa-de-300x300.jpg 300w, https:\/\/agora.xtec.cat\/ies-santa-eulalia\/wp-content\/uploads\/usu1612\/2021\/11\/xarxa-de-1024x1024.jpg 1024w, https:\/\/agora.xtec.cat\/ies-santa-eulalia\/wp-content\/uploads\/usu1612\/2021\/11\/xarxa-de-150x150.jpg 150w, https:\/\/agora.xtec.cat\/ies-santa-eulalia\/wp-content\/uploads\/usu1612\/2021\/11\/xarxa-de-768x768.jpg 768w\" sizes=\"auto, (max-width: 1080px) 100vw, 1080px\" \/><\/a><\/p>\n","protected":false},"excerpt":{"rendered":"<p>La Xarxa de Compet\u00e8ncies B\u00e0siques (Xarxa Cb) \u00e9s una modalitat de formaci\u00f3 i desenvolupament professional docent basat en l\u2019aprenentatge entre iguals i en xarxa, promoguda pel Departament d\u2019Educaci\u00f3, dins el seu pla de formaci\u00f3 permanent. La Xarxa Cb est\u00e0 formada per equips docents de centres&hellip;  <a href=\"https:\/\/agora.xtec.cat\/ies-santa-eulalia\/general\/xarxa-de-competencies-al-copem\/\" title=\"Read Xarxa de compet\u00e8ncies\">Llegeix m\u00e9s\u00bb<\/a><\/p>\n","protected":false},"author":1,"featured_media":8166,"comment_status":"open","ping_status":"closed","sticky":false,"template":"","format":"standard","meta":{"_bbp_topic_count":0,"_bbp_reply_count":0,"_bbp_total_topic_count":0,"_bbp_total_reply_count":0,"_bbp_voice_count":0,"_bbp_anonymous_reply_count":0,"_bbp_topic_count_hidden":0,"_bbp_reply_count_hidden":0,"_bbp_forum_subforum_count":0,"footnotes":""},"categories":[1,29],"tags":[],"class_list":["post-8168","post","type-post","status-publish","format-standard","has-post-thumbnail","hentry","category-general","category-portada"],"post_mailing_queue_ids":[],"_links":{"self":[{"href":"https:\/\/agora.xtec.cat\/ies-santa-eulalia\/wp-json\/wp\/v2\/posts\/8168","targetHints":{"allow":["GET"]}}],"collection":[{"href":"https:\/\/agora.xtec.cat\/ies-santa-eulalia\/wp-json\/wp\/v2\/posts"}],"about":[{"href":"https:\/\/agora.xtec.cat\/ies-santa-eulalia\/wp-json\/wp\/v2\/types\/post"}],"author":[{"embeddable":true,"href":"https:\/\/agora.xtec.cat\/ies-santa-eulalia\/wp-json\/wp\/v2\/users\/1"}],"replies":[{"embeddable":true,"href":"https:\/\/agora.xtec.cat\/ies-santa-eulalia\/wp-json\/wp\/v2\/comments?post=8168"}],"version-history":[{"count":3,"href":"https:\/\/agora.xtec.cat\/ies-santa-eulalia\/wp-json\/wp\/v2\/posts\/8168\/revisions"}],"predecessor-version":[{"id":8171,"href":"https:\/\/agora.xtec.cat\/ies-santa-eulalia\/wp-json\/wp\/v2\/posts\/8168\/revisions\/8171"}],"wp:featuredmedia":[{"embeddable":true,"href":"https:\/\/agora.xtec.cat\/ies-santa-eulalia\/wp-json\/wp\/v2\/media\/8166"}],"wp:attachment":[{"href":"https:\/\/agora.xtec.cat\/ies-santa-eulalia\/wp-json\/wp\/v2\/media?parent=8168"}],"wp:term":[{"taxonomy":"category","embeddable":true,"href":"https:\/\/agora.xtec.cat\/ies-santa-eulalia\/wp-json\/wp\/v2\/categories?post=8168"},{"taxonomy":"post_tag","embeddable":true,"href":"https:\/\/agora.xtec.cat\/ies-santa-eulalia\/wp-json\/wp\/v2\/tags?post=8168"}],"curies":[{"name":"wp","href":"https:\/\/api.w.org\/{rel}","templated":true}]}}