{"id":8126,"date":"2021-11-03T10:59:52","date_gmt":"2021-11-03T09:59:52","guid":{"rendered":"https:\/\/agora.xtec.cat\/ies-santa-eulalia\/?p=8126"},"modified":"2021-11-19T09:21:46","modified_gmt":"2021-11-19T08:21:46","slug":"eleccions-al-consell-escolar","status":"publish","type":"post","link":"https:\/\/agora.xtec.cat\/ies-santa-eulalia\/general\/eleccions-al-consell-escolar\/","title":{"rendered":"ELECCIONS AL CONSELL ESCOLAR"},"content":{"rendered":"<p><span style=\"font-weight: 400;\">Cada dos anys es convoquen les eleccions al Consell Escolar del centre dels diversos sectors de la comunitat escolar: professorat, pares i mares, alumnat i PAS. Tot i aix\u00ed, l\u2019any passat (curs 2020-21) no es va poder portar a terme aquest proc\u00e9s electoral atesa la pand\u00e8mia i com a circumst\u00e0ncia excepcional es va prorrogar un any m\u00e9s la composici\u00f3 del Consell Escolar.<\/span><\/p>\n<p><span style=\"font-weight: 400;\">Enguany i d\u2019acord amb al resoluci\u00f3 <\/span><b>EDU\/3043\/2021, de 6 d\u2019octubre,<\/b><span style=\"font-weight: 400;\"> s\u2019estableix el calendari i el r\u00e8gim del proc\u00e9s electoral per convocar eleccions per renovar parcialment tots els sectors que hi s\u00f3n representats<\/span><b>.<\/b><\/p>\n<p><span style=\"font-weight: 400;\">En el cas del nostre centre, el nombre de representants que es renovaran enguany \u00e9s el seg\u00fcent:<\/span><\/p>\n<p><b>PROFESSORAT<\/b><span style=\"font-weight: 400;\">: 2 VACANTS<\/span><\/p>\n<p><b>PARES I MARES<\/b><span style=\"font-weight: 400;\">: 2 VACANTS<\/span><\/p>\n<p><b>ALUMNAT<\/b><span style=\"font-weight: 400;\">: 3\u00a0 VACANTS<\/span><\/p>\n<p><b>PAS:<\/b><span style=\"font-weight: 400;\"> 1 VACANT<\/span><\/p>\n<p><b>PERSONAL D&#8217;ATENCI\u00d3 EDUCATIVA: <\/b><span style=\"font-weight: 400;\">1 VACANT<\/span><\/p>\n<p><b>Al final d\u2019aquest article anirem penjant tota la documentaci\u00f3 que \u00e9s preceptiva i tota la informaci\u00f3 que necessiteu per tal de dur a terme tot el proc\u00e9s de les eleccions al Consell Escolar de l\u2019Institut Santa Eul\u00e0lia.<\/b><\/p>\n<table>\n<tbody>\n<tr>\n<td colspan=\"2\"><b>CALENDARI<\/b><\/td>\n<\/tr>\n<tr>\n<td><span style=\"font-weight: 400;\">2 de novembre<\/span><\/td>\n<td><span style=\"font-weight: 400;\">Inici del proc\u00e9s.<\/span><\/td>\n<\/tr>\n<tr>\n<td><span style=\"font-weight: 400;\">3 de novembre<\/span><\/td>\n<td><span style=\"font-weight: 400;\">Exposici\u00f3\/ Publicaci\u00f3 de censos electorals al tauler d\u2019anuncis de l\u2019entrada de l\u2019institut, al costat de consergeria.<\/span><\/td>\n<\/tr>\n<tr>\n<td><span style=\"font-weight: 400;\">Del 3 al 5 de novembre<\/span><\/td>\n<td><span style=\"font-weight: 400;\">Reclamacions del cens.<\/span><\/td>\n<\/tr>\n<tr>\n<td><span style=\"font-weight: 400;\">10 de novembre\u00a0<\/span><\/td>\n<td><span style=\"font-weight: 400;\">Sorteig dels membres vocals de les meses electorals.<\/span><\/td>\n<\/tr>\n<tr>\n<td><span style=\"font-weight: 400;\">11 de novembre<\/span><\/td>\n<td><span style=\"font-weight: 400;\">Constituci\u00f3 de les meses.<\/span><\/td>\n<\/tr>\n<tr>\n<td><b>Del 11 al el 16 de novembre<\/b><\/td>\n<td><b>Presentaci\u00f3 de candidatures<\/b><\/p>\n<p><span style=\"font-weight: 400;\">Les candidatures s\u2019han de recollir i presentar a Secretaria ( Gemma i Manel) del centre amb l&#8217;impr\u00e8s corresponent.<\/span><\/td>\n<\/tr>\n<tr>\n<td><span style=\"font-weight: 400;\">17 de novembre<\/span><\/td>\n<td><span style=\"font-weight: 400;\">Publicaci\u00f3 de les candidatures al tauler d\u2019anuncis de l\u2019entrada de l\u2019institut.<\/span><\/p>\n<p><span style=\"font-weight: 400;\">Lliurament de credencials<\/span><\/td>\n<\/tr>\n<tr>\n<td><span style=\"font-weight: 400;\">Fins el 18 de novembre<\/span><\/td>\n<td><span style=\"font-weight: 400;\">Sol\u00b7licitud per actuar com a supervisor de les meses electorals.<\/span><\/td>\n<\/tr>\n<tr>\n<td><b>El 18 i 19 de novembre<\/b><\/td>\n<td><b>Els candidats ( alumnat, fam\u00edlies i professorat) poden presentar i fer difusi\u00f3 del seu programa.<\/b><\/td>\n<\/tr>\n<tr>\n<td colspan=\"2\"><b>VOTACIONS<\/b><\/td>\n<\/tr>\n<tr>\n<td><b>Professorat\u00a0 \u00a0 \u00a0 \u00a0 \u00a0 \u00a0 \u00a0 <\/b> <b>24\/11\/21<\/b><\/td>\n<td><b>Claustre extraordinari<\/b><\/p>\n<p><b>Hora 16:00 h. al\u00a0 gimn\u00e0s<\/b><\/td>\n<\/tr>\n<tr>\n<td><b>Pares i mares\u00a0 \u00a0 \u00a0 \u00a0 \u00a0 <\/b> <b>22\/11\/21<\/b><\/td>\n<td><b>Hora 17:00-18:30 h. Secretaria<\/b><\/td>\n<\/tr>\n<tr>\n<td><b>Alumnat\u00a0 \u00a0 \u00a0 \u00a0 \u00a0 \u00a0 \u00a0 \u00a0 \u00a0 <\/b> <b> 22\/11\/21<\/b><\/td>\n<td><b>Al llarg del mat\u00ed a l\u2019aula de cada grup.<\/b><\/p>\n<p><b>Segons torns<\/b><\/td>\n<\/tr>\n<tr>\n<td><b>PAS\u00a0 \u00a0 \u00a0 \u00a0 \u00a0 \u00a0 \u00a0 \u00a0 \u00a0 \u00a0 \u00a0 \u00a0 \u00a0 \u00a0 \u00a0 22\/11\/21<\/b><\/td>\n<td><b>Hora 14:00-15:00 Secretaria<\/b><\/td>\n<\/tr>\n<tr>\n<td><b> 15 de desembre a les 18.30 (telem\u00e0tic)<\/b><\/td>\n<td><b> Constituci\u00f3 del nou Consell Escolar<\/b><\/td>\n<\/tr>\n<\/tbody>\n<\/table>\n<p><b>\u00a0\u00a0<\/b><b>COM INFORMAREM A LES FAM\u00cdLIES I ALUMNAT?<\/b><\/p>\n<p><b>\u00a0FAM\u00cdLIES<\/b><\/p>\n<p><span style=\"font-weight: 400;\">Des de la direcci\u00f3 us enviem aquest comunicat informatiu a totes les fam\u00edlies amb les dates i actuacions de tot el proc\u00e9s electoral. Tamb\u00e9 es penjar\u00e0 a la p\u00e0gina web i al tauler d\u2019anuncis del centre.<\/span><\/p>\n<p><b>ALUMNAT<\/b><\/p>\n<p><span style=\"font-weight: 400;\">Es lliurar\u00e0 un full informatiu del Consell Escolar als tutors per tal de treballar-ho en una tutoria abans del dia 17 de novembre.<\/span><\/p>\n<p><b>Altres consideracions<\/b><\/p>\n<p><span style=\"font-weight: 400;\">La condici\u00f3 de membre electe del Consell Escolar s\u2019adquireix per 4 anys.<\/span><\/p>\n<p><span style=\"font-weight: 400;\">Recordeu que cada sector podr\u00e0 votar un nombre m\u00e0xim de persones candidates igual al nombre de representants d\u2019aquest sector a renovar.<\/span><\/p>\n<p><span style=\"font-weight: 400;\">Per exemple, fam\u00edlies 2 candidats a elegir, 2 candidats a votar m\u00e0xim. En els cas de l\u2019alumnat 3 candidats a votar m\u00e0xim.<\/span><\/p>\n<p><b>MESURES COVID<\/b><\/p>\n<p><span style=\"font-weight: 400;\">No cal dir que es tindran en compte totes les recomanacions i mesures sanit\u00e0ries que dicten els departaments d\u2019Educaci\u00f3 i Salut.<\/span><\/p>\n<p><span style=\"font-weight: 400; color: #ff0000;\">Us animo a participar i a presentar-vos com a candidats!<\/span><\/p>\n<p><a href=\"https:\/\/drive.google.com\/file\/d\/1ZRG6JORnF2vapvUDqZJFuWO3IeaHd182\/view?usp=sharing\">Convocat\u00f2ria oficial de les eleccions al consell escolar<\/a><\/p>\n<p><a href=\"https:\/\/drive.google.com\/file\/d\/1m6I4AhKQtOFBB6t_ddnkkz0QN1dIw_iT\/view?usp=sharing\">Model de presentaci\u00f3 de candidatura<\/a><\/p>\n<p><span style=\"font-weight: 400;\">Maria Bardia Preixens<\/span><\/p>\n<p><span style=\"font-weight: 400;\">Directora<\/span><\/p>\n<p><a href=\"https:\/\/agora.xtec.cat\/ies-santa-eulalia\/wp-content\/uploads\/usu1612\/2021\/11\/WEB-2.jpg\"><img loading=\"lazy\" decoding=\"async\" class=\"alignnone size-full wp-image-8133\" src=\"https:\/\/agora.xtec.cat\/ies-santa-eulalia\/wp-content\/uploads\/usu1612\/2021\/11\/WEB-2.jpg\" alt=\"\" width=\"1080\" height=\"1080\" srcset=\"https:\/\/agora.xtec.cat\/ies-santa-eulalia\/wp-content\/uploads\/usu1612\/2021\/11\/WEB-2.jpg 1080w, https:\/\/agora.xtec.cat\/ies-santa-eulalia\/wp-content\/uploads\/usu1612\/2021\/11\/WEB-2-300x300.jpg 300w, https:\/\/agora.xtec.cat\/ies-santa-eulalia\/wp-content\/uploads\/usu1612\/2021\/11\/WEB-2-1024x1024.jpg 1024w, https:\/\/agora.xtec.cat\/ies-santa-eulalia\/wp-content\/uploads\/usu1612\/2021\/11\/WEB-2-150x150.jpg 150w, https:\/\/agora.xtec.cat\/ies-santa-eulalia\/wp-content\/uploads\/usu1612\/2021\/11\/WEB-2-768x768.jpg 768w\" sizes=\"auto, (max-width: 1080px) 100vw, 1080px\" \/><\/a><\/p>\n<p><span style=\"font-weight: 400;\">L\u2019Hospitalet de Llobregat, 3 de novembre de 2021<\/span><\/p>\n","protected":false},"excerpt":{"rendered":"<p>Cada dos anys es convoquen les eleccions al Consell Escolar del centre dels diversos sectors de la comunitat escolar: professorat, pares i mares, alumnat i PAS. Tot i aix\u00ed, l\u2019any passat (curs 2020-21) no es va poder portar a terme aquest proc\u00e9s electoral atesa la&hellip;  <a href=\"https:\/\/agora.xtec.cat\/ies-santa-eulalia\/general\/eleccions-al-consell-escolar\/\" title=\"Read ELECCIONS AL CONSELL ESCOLAR\">Llegeix m\u00e9s\u00bb<\/a><\/p>\n","protected":false},"author":1,"featured_media":8133,"comment_status":"open","ping_status":"closed","sticky":false,"template":"","format":"standard","meta":{"_bbp_topic_count":0,"_bbp_reply_count":0,"_bbp_total_topic_count":0,"_bbp_total_reply_count":0,"_bbp_voice_count":0,"_bbp_anonymous_reply_count":0,"_bbp_topic_count_hidden":0,"_bbp_reply_count_hidden":0,"_bbp_forum_subforum_count":0,"footnotes":""},"categories":[1,29],"tags":[],"class_list":["post-8126","post","type-post","status-publish","format-standard","has-post-thumbnail","hentry","category-general","category-portada"],"post_mailing_queue_ids":[],"_links":{"self":[{"href":"https:\/\/agora.xtec.cat\/ies-santa-eulalia\/wp-json\/wp\/v2\/posts\/8126","targetHints":{"allow":["GET"]}}],"collection":[{"href":"https:\/\/agora.xtec.cat\/ies-santa-eulalia\/wp-json\/wp\/v2\/posts"}],"about":[{"href":"https:\/\/agora.xtec.cat\/ies-santa-eulalia\/wp-json\/wp\/v2\/types\/post"}],"author":[{"embeddable":true,"href":"https:\/\/agora.xtec.cat\/ies-santa-eulalia\/wp-json\/wp\/v2\/users\/1"}],"replies":[{"embeddable":true,"href":"https:\/\/agora.xtec.cat\/ies-santa-eulalia\/wp-json\/wp\/v2\/comments?post=8126"}],"version-history":[{"count":4,"href":"https:\/\/agora.xtec.cat\/ies-santa-eulalia\/wp-json\/wp\/v2\/posts\/8126\/revisions"}],"predecessor-version":[{"id":8250,"href":"https:\/\/agora.xtec.cat\/ies-santa-eulalia\/wp-json\/wp\/v2\/posts\/8126\/revisions\/8250"}],"wp:featuredmedia":[{"embeddable":true,"href":"https:\/\/agora.xtec.cat\/ies-santa-eulalia\/wp-json\/wp\/v2\/media\/8133"}],"wp:attachment":[{"href":"https:\/\/agora.xtec.cat\/ies-santa-eulalia\/wp-json\/wp\/v2\/media?parent=8126"}],"wp:term":[{"taxonomy":"category","embeddable":true,"href":"https:\/\/agora.xtec.cat\/ies-santa-eulalia\/wp-json\/wp\/v2\/categories?post=8126"},{"taxonomy":"post_tag","embeddable":true,"href":"https:\/\/agora.xtec.cat\/ies-santa-eulalia\/wp-json\/wp\/v2\/tags?post=8126"}],"curies":[{"name":"wp","href":"https:\/\/api.w.org\/{rel}","templated":true}]}}