{"id":8062,"date":"2021-10-15T13:21:21","date_gmt":"2021-10-15T11:21:21","guid":{"rendered":"https:\/\/agora.xtec.cat\/ies-santa-eulalia\/?p=8062"},"modified":"2021-10-15T13:26:22","modified_gmt":"2021-10-15T11:26:22","slug":"quart-b-eso-visita-el-caixaforum","status":"publish","type":"post","link":"https:\/\/agora.xtec.cat\/ies-santa-eulalia\/general\/quart-b-eso-visita-el-caixaforum\/","title":{"rendered":"Quart B ESO visita el CaixaF\u00f2rum."},"content":{"rendered":"<p>El dijous dia catorze d&#8217;octubre , el grup de quart B de l&#8217;ESO va realitzar la mateix sortida que els seus companys de quart A. Van anar al CaixaF\u00f2rum per participar en el seminari &#8220;Escriptura en Viu&#8221;<\/p>\n<p>Com els seus companys , els alumnes de quart B s&#8217;ho van passar for\u00e7a b\u00e9 i van gaudir d&#8217;una jornada liter\u00e0ria i una passejada per Barcelona.<\/p>\n<p>Quart B al CaixaF\u00f2rum<\/p>\n<figure class=\"figure wp-caption alignnone\"><img loading=\"lazy\" decoding=\"async\" class=\"size-large\" src=\"https:\/\/lh3.googleusercontent.com\/3BUXC4SiUW6WgewGPduyNy5l0Csm_0egs1pKxOZWZu2qXVwbyOPfKQOYayO55m5jIsHMbc84ur5FhZSxYcUqFusFwINx2W063gnax7R0vCK_C2mOBp_dJd5LXJYUWeiS03KJUMKeZs9A0mg0bCawegME7eRmoE_h1Lw5wTnxtGy5SqWj5Ub7eXXT7GpAQWAbgkV6P95MAwqLBEHGY8IWo1vWaXG3TClrtMNi65ZHsZuD3cBgweaEswHJ0A8D7iXMlBIjlsXW8aoPQE_R5MHi4-O6RFdMVNZc_qFUC2ZmMxpvlmV_5crMoyZYOjiw6GdIvK3VBRU8LCJ5ntgswZ7PfyylALlEJwBmwmDB85rc6OpNEfdh1kruqMctTgLnCnl0MaKk6L0eiJTgNzoU_1OMavVGFqE2dfFvlD4hEmuldNcrogCnS9TPqVAJ57KM7ymGS6h9PRiGubQTehU6PV5gPPFOpY7syloxG2sVs9m5P5YMVeofZWcFdl9fw3hWnXNsLSQ7Z3BB8zeihrumBoFnBjovFtdwpJrey9EIdlv5nO9iygpvFwc1SeMhTcRk5l0913GjyzZPm9YAUuta6cX9r9OXVJPJb0skwAtCIyUUwGYiBZUwr64an0aE4Dv-jBYaWBhxwmPfx5_YQKdSsrh4FMjytghzNlnlOuFQ_5DDRqRiIafFkFL_Mt5VE0yXkDWdQBXlC-_5fC09VMrJTRfPKnmf=w1174-h880-no?authuser=0\" width=\"1174\" height=\"880\" \/><figcaption class=\"wp-caption-text\">Quart B de visita al CaixaF\u00f2rum.<\/figcaption><\/figure>\n","protected":false},"excerpt":{"rendered":"<p>El dijous dia catorze d&#8217;octubre , el grup de quart B de l&#8217;ESO va realitzar la mateix sortida que els seus companys de quart A. Van anar al CaixaF\u00f2rum per participar en el seminari &#8220;Escriptura en Viu&#8221;<br \/>\nCom els seus companys , els alumnes de quart&hellip;  <a href=\"https:\/\/agora.xtec.cat\/ies-santa-eulalia\/general\/quart-b-eso-visita-el-caixaforum\/\" title=\"Read Quart B ESO visita el CaixaF\u00f2rum.\">Llegeix m\u00e9s\u00bb<\/a><\/p>\n","protected":false},"author":61,"featured_media":0,"comment_status":"open","ping_status":"closed","sticky":false,"template":"","format":"standard","meta":{"_bbp_topic_count":0,"_bbp_reply_count":0,"_bbp_total_topic_count":0,"_bbp_total_reply_count":0,"_bbp_voice_count":0,"_bbp_anonymous_reply_count":0,"_bbp_topic_count_hidden":0,"_bbp_reply_count_hidden":0,"_bbp_forum_subforum_count":0,"footnotes":""},"categories":[136,3,1,29],"tags":[],"class_list":["post-8062","post","type-post","status-publish","format-standard","hentry","category-novetats-catala","category-eso","category-general","category-portada"],"post_mailing_queue_ids":[],"_links":{"self":[{"href":"https:\/\/agora.xtec.cat\/ies-santa-eulalia\/wp-json\/wp\/v2\/posts\/8062","targetHints":{"allow":["GET"]}}],"collection":[{"href":"https:\/\/agora.xtec.cat\/ies-santa-eulalia\/wp-json\/wp\/v2\/posts"}],"about":[{"href":"https:\/\/agora.xtec.cat\/ies-santa-eulalia\/wp-json\/wp\/v2\/types\/post"}],"author":[{"embeddable":true,"href":"https:\/\/agora.xtec.cat\/ies-santa-eulalia\/wp-json\/wp\/v2\/users\/61"}],"replies":[{"embeddable":true,"href":"https:\/\/agora.xtec.cat\/ies-santa-eulalia\/wp-json\/wp\/v2\/comments?post=8062"}],"version-history":[{"count":2,"href":"https:\/\/agora.xtec.cat\/ies-santa-eulalia\/wp-json\/wp\/v2\/posts\/8062\/revisions"}],"predecessor-version":[{"id":8065,"href":"https:\/\/agora.xtec.cat\/ies-santa-eulalia\/wp-json\/wp\/v2\/posts\/8062\/revisions\/8065"}],"wp:attachment":[{"href":"https:\/\/agora.xtec.cat\/ies-santa-eulalia\/wp-json\/wp\/v2\/media?parent=8062"}],"wp:term":[{"taxonomy":"category","embeddable":true,"href":"https:\/\/agora.xtec.cat\/ies-santa-eulalia\/wp-json\/wp\/v2\/categories?post=8062"},{"taxonomy":"post_tag","embeddable":true,"href":"https:\/\/agora.xtec.cat\/ies-santa-eulalia\/wp-json\/wp\/v2\/tags?post=8062"}],"curies":[{"name":"wp","href":"https:\/\/api.w.org\/{rel}","templated":true}]}}