{"id":8045,"date":"2021-10-15T13:04:46","date_gmt":"2021-10-15T11:04:46","guid":{"rendered":"https:\/\/agora.xtec.cat\/ies-santa-eulalia\/?p=8045"},"modified":"2021-10-15T13:26:57","modified_gmt":"2021-10-15T11:26:57","slug":"quart-a-visita-el-caixaforum-escriptura-en-viu","status":"publish","type":"post","link":"https:\/\/agora.xtec.cat\/ies-santa-eulalia\/general\/quart-a-visita-el-caixaforum-escriptura-en-viu\/","title":{"rendered":"Quart A visita el CaixaForum. Escriptura en viu."},"content":{"rendered":"<p>El dijous sis d&#8217;octubre , el grup-classe de quart A va realitzar una sortida en la qual va visitar el CaixaF\u00f2rum.<\/p>\n<p>En les seves instal\u00b7lacions did\u00e0ctiques van realitzar el seminari &#8220;Escriptura en viu&#8221; amb la direcci\u00f3 de l&#8217;educador Joan de Boer. Ens s&#8217;ho van passar for\u00e7a b\u00e9.<\/p>\n<p><a href=\"https:\/\/drive.google.com\/file\/d\/1vP5dn824p76h02jtLvcUzik9Q9EqXPcQ\/view?usp=sharing\">Quart A al Caixaf\u00f2rum<\/a><\/p>\n<figure class=\"figure wp-caption aligncenter\"><img loading=\"lazy\" decoding=\"async\" class=\"size-large\" src=\"https:\/\/lh3.googleusercontent.com\/NniQv6UUwFJNevTwwbcNACl3hksqAAViggoqgOLFu2IUZrjI_8nWs9eblb9B3XmuL7b3Y_I04wwYydYDUfUodD0Ms2DPya_LYrcZCSUhXlCJhcjFx5oI1vdTFlbytlHM3Cve2R0-Vf5FzyeP9fDbKg32GFSrWgrcIaIEoayBletcgXoerlpv82taCYOJ8E_7WOtYfNv642Av9FO1jgHuvC1NHaY__zvocPlej-ks5zyv1-DQW6FmuiFIiPmMtYHDB0J0da_d4JFrwh9OteSXnV98lSptsem9c3EaBzUvaEyfKyM2ATJU1Kx2CovVIRXhj3pGOCBeK6043QUjGM2ta5R424-yw7kIhybsDuSeTWm8aEeSYaQylSnLT-Zd1jFK6R-A1q8P9mybTs3WxifHv9BWlyaOBVie5g6MIr_MA_4o2Pr4y8iaXTboyguUnpxIP1zKjqGKUxDeB1lqG9hNYlgORa6c57kbH610xuujn-lUqvlXNTZJMEVSeTshSmvOWMcCPH2zWi4PBqtFVoovoBfY6KvoJtOxRdAvtpCMOHsz20MnSWD-01lTajX8SoE8DxO7nggpp9Z275N7W5RacU7GURgJ3cS_PKmv3e6yBazMbOgo4EyMR8IKt6QI_PPcLOE1veR0210wi4lwlLMwA_Syy6uv-oiqLca1uruudio9EZ_SDsBSsSN5Bv7uBvKvLe2OF17TWRw7me5XKyWi49cp=w1250-h937-no?authuser=0\" width=\"1249\" height=\"937\" \/><figcaption class=\"wp-caption-text\">Quart A al Caixaf\u00f2rum<\/figcaption><\/figure>\n","protected":false},"excerpt":{"rendered":"<p>El dijous sis d&#8217;octubre , el grup-classe de quart A va realitzar una sortida en la qual va visitar el CaixaF\u00f2rum.<br \/>\nEn les seves instal\u00b7lacions did\u00e0ctiques van realitzar el seminari &#8220;Escriptura en viu&#8221; amb la direcci\u00f3 de l&#8217;educador Joan de Boer. Ens s&#8217;ho van passar for\u00e7a&hellip;  <a href=\"https:\/\/agora.xtec.cat\/ies-santa-eulalia\/general\/quart-a-visita-el-caixaforum-escriptura-en-viu\/\" title=\"Read Quart A visita el CaixaForum. Escriptura en viu.\">Llegeix m\u00e9s\u00bb<\/a><\/p>\n","protected":false},"author":61,"featured_media":0,"comment_status":"open","ping_status":"closed","sticky":false,"template":"","format":"standard","meta":{"_bbp_topic_count":0,"_bbp_reply_count":0,"_bbp_total_topic_count":0,"_bbp_total_reply_count":0,"_bbp_voice_count":0,"_bbp_anonymous_reply_count":0,"_bbp_topic_count_hidden":0,"_bbp_reply_count_hidden":0,"_bbp_forum_subforum_count":0,"footnotes":""},"categories":[136,3,1,29],"tags":[],"class_list":["post-8045","post","type-post","status-publish","format-standard","hentry","category-novetats-catala","category-eso","category-general","category-portada"],"post_mailing_queue_ids":[],"_links":{"self":[{"href":"https:\/\/agora.xtec.cat\/ies-santa-eulalia\/wp-json\/wp\/v2\/posts\/8045","targetHints":{"allow":["GET"]}}],"collection":[{"href":"https:\/\/agora.xtec.cat\/ies-santa-eulalia\/wp-json\/wp\/v2\/posts"}],"about":[{"href":"https:\/\/agora.xtec.cat\/ies-santa-eulalia\/wp-json\/wp\/v2\/types\/post"}],"author":[{"embeddable":true,"href":"https:\/\/agora.xtec.cat\/ies-santa-eulalia\/wp-json\/wp\/v2\/users\/61"}],"replies":[{"embeddable":true,"href":"https:\/\/agora.xtec.cat\/ies-santa-eulalia\/wp-json\/wp\/v2\/comments?post=8045"}],"version-history":[{"count":4,"href":"https:\/\/agora.xtec.cat\/ies-santa-eulalia\/wp-json\/wp\/v2\/posts\/8045\/revisions"}],"predecessor-version":[{"id":8066,"href":"https:\/\/agora.xtec.cat\/ies-santa-eulalia\/wp-json\/wp\/v2\/posts\/8045\/revisions\/8066"}],"wp:attachment":[{"href":"https:\/\/agora.xtec.cat\/ies-santa-eulalia\/wp-json\/wp\/v2\/media?parent=8045"}],"wp:term":[{"taxonomy":"category","embeddable":true,"href":"https:\/\/agora.xtec.cat\/ies-santa-eulalia\/wp-json\/wp\/v2\/categories?post=8045"},{"taxonomy":"post_tag","embeddable":true,"href":"https:\/\/agora.xtec.cat\/ies-santa-eulalia\/wp-json\/wp\/v2\/tags?post=8045"}],"curies":[{"name":"wp","href":"https:\/\/api.w.org\/{rel}","templated":true}]}}