{"id":8021,"date":"2021-10-04T18:34:18","date_gmt":"2021-10-04T16:34:18","guid":{"rendered":"https:\/\/agora.xtec.cat\/ies-santa-eulalia\/?p=8021"},"modified":"2021-10-04T19:10:04","modified_gmt":"2021-10-04T17:10:04","slug":"colonies-i-credits-de-sintesi","status":"publish","type":"post","link":"https:\/\/agora.xtec.cat\/ies-santa-eulalia\/general\/colonies-i-credits-de-sintesi\/","title":{"rendered":"Col\u00f2nies i cr\u00e8dits de s\u00edntesi"},"content":{"rendered":"<table width=\"935\">\n<tbody>\n<tr>\n<td>\n<h1><span style=\"color: #808000;\">Final de curs: s\u00edntesi, col\u00f2nies i sortides<\/span><\/h1>\n<h6><strong><span style=\"color: #808000;\">Deixa\u00a0<\/span><span style=\"color: #ff6600;\">empremta<\/span>,<span style=\"color: #808000;\"> emporta\u2019t<\/span><span style=\"color: #ff6600;\">\u00a0records<\/span><\/strong><\/h6>\n<\/td>\n<\/tr>\n<tr>\n<td>\n<h5><strong><em>Com qui no vol la cosa, hem arribat a final de curs. La valoraci\u00f3 que fem \u00e9s molt i molt positiva. Pens\u00e0vem que potser les circumst\u00e0ncies ens farien perdre all\u00f2 que \u00e9s m\u00e9s important pels que ens estimem la nostra feina com a docents: els vincles amb i entre els alumnes, les emocions i la sensaci\u00f3 d\u2019escola que ens envolta i ens acarona.<\/em><\/strong><\/h5>\n<h5><strong><em>Res m\u00e9s lluny de la realitat. Acabem el curs amb els \u00e0nims ben a dalt, fent els treballs de s\u00edntesi per recopilar tot all\u00f2 que han apr\u00e8s al llarg del curs.<a href=\"https:\/\/agora.xtec.cat\/ies-santa-eulalia\/com-treballem\/sortides-i-activitats\/colonies-i-sortides\/.\"> Us en mostrem un petit tast.<\/a><\/em><\/strong><\/h5>\n<p>&nbsp;<\/p>\n<p><a href=\"https:\/\/agora.xtec.cat\/ies-santa-eulalia\/wp-content\/uploads\/usu1612\/2021\/09\/sintesi.jpg\"><img loading=\"lazy\" decoding=\"async\" class=\"alignnone wp-image-7904 size-full\" src=\"https:\/\/agora.xtec.cat\/ies-santa-eulalia\/wp-content\/uploads\/usu1612\/2021\/09\/sintesi.jpg\" alt=\"Col\u00f2nies\" width=\"2048\" height=\"1536\" srcset=\"https:\/\/agora.xtec.cat\/ies-santa-eulalia\/wp-content\/uploads\/usu1612\/2021\/09\/sintesi.jpg 2048w, https:\/\/agora.xtec.cat\/ies-santa-eulalia\/wp-content\/uploads\/usu1612\/2021\/09\/sintesi-300x225.jpg 300w, https:\/\/agora.xtec.cat\/ies-santa-eulalia\/wp-content\/uploads\/usu1612\/2021\/09\/sintesi-1024x768.jpg 1024w, https:\/\/agora.xtec.cat\/ies-santa-eulalia\/wp-content\/uploads\/usu1612\/2021\/09\/sintesi-768x576.jpg 768w, https:\/\/agora.xtec.cat\/ies-santa-eulalia\/wp-content\/uploads\/usu1612\/2021\/09\/sintesi-1536x1152.jpg 1536w, https:\/\/agora.xtec.cat\/ies-santa-eulalia\/wp-content\/uploads\/usu1612\/2021\/09\/sintesi-200x150.jpg 200w\" sizes=\"auto, (max-width: 2048px) 100vw, 2048px\" \/><\/a><\/td>\n<\/tr>\n<\/tbody>\n<\/table>\n","protected":false},"excerpt":{"rendered":"<p>Final de curs: s\u00edntesi, col\u00f2nies i sortides<br \/>\nDeixa\u00a0empremta, emporta\u2019t\u00a0records<\/p>\n<p>Com qui no vol la cosa, hem arribat a final de curs. La valoraci\u00f3 que fem \u00e9s molt i molt positiva. Pens\u00e0vem que potser les circumst\u00e0ncies ens farien perdre all\u00f2 que \u00e9s m\u00e9s important pels que ens estimem&hellip;  <a href=\"https:\/\/agora.xtec.cat\/ies-santa-eulalia\/general\/colonies-i-credits-de-sintesi\/\" title=\"Read Col\u00f2nies i cr\u00e8dits de s\u00edntesi\">Llegeix m\u00e9s\u00bb<\/a><\/p>\n","protected":false},"author":1,"featured_media":7904,"comment_status":"open","ping_status":"closed","sticky":false,"template":"","format":"standard","meta":{"_bbp_topic_count":0,"_bbp_reply_count":0,"_bbp_total_topic_count":0,"_bbp_total_reply_count":0,"_bbp_voice_count":0,"_bbp_anonymous_reply_count":0,"_bbp_topic_count_hidden":0,"_bbp_reply_count_hidden":0,"_bbp_forum_subforum_count":0,"footnotes":""},"categories":[3,1],"tags":[195,318,39],"class_list":["post-8021","post","type-post","status-publish","format-standard","has-post-thumbnail","hentry","category-eso","category-general","tag-colonies","tag-credits-de-sintesi","tag-sortides"],"post_mailing_queue_ids":[],"_links":{"self":[{"href":"https:\/\/agora.xtec.cat\/ies-santa-eulalia\/wp-json\/wp\/v2\/posts\/8021","targetHints":{"allow":["GET"]}}],"collection":[{"href":"https:\/\/agora.xtec.cat\/ies-santa-eulalia\/wp-json\/wp\/v2\/posts"}],"about":[{"href":"https:\/\/agora.xtec.cat\/ies-santa-eulalia\/wp-json\/wp\/v2\/types\/post"}],"author":[{"embeddable":true,"href":"https:\/\/agora.xtec.cat\/ies-santa-eulalia\/wp-json\/wp\/v2\/users\/1"}],"replies":[{"embeddable":true,"href":"https:\/\/agora.xtec.cat\/ies-santa-eulalia\/wp-json\/wp\/v2\/comments?post=8021"}],"version-history":[{"count":3,"href":"https:\/\/agora.xtec.cat\/ies-santa-eulalia\/wp-json\/wp\/v2\/posts\/8021\/revisions"}],"predecessor-version":[{"id":8024,"href":"https:\/\/agora.xtec.cat\/ies-santa-eulalia\/wp-json\/wp\/v2\/posts\/8021\/revisions\/8024"}],"wp:featuredmedia":[{"embeddable":true,"href":"https:\/\/agora.xtec.cat\/ies-santa-eulalia\/wp-json\/wp\/v2\/media\/7904"}],"wp:attachment":[{"href":"https:\/\/agora.xtec.cat\/ies-santa-eulalia\/wp-json\/wp\/v2\/media?parent=8021"}],"wp:term":[{"taxonomy":"category","embeddable":true,"href":"https:\/\/agora.xtec.cat\/ies-santa-eulalia\/wp-json\/wp\/v2\/categories?post=8021"},{"taxonomy":"post_tag","embeddable":true,"href":"https:\/\/agora.xtec.cat\/ies-santa-eulalia\/wp-json\/wp\/v2\/tags?post=8021"}],"curies":[{"name":"wp","href":"https:\/\/api.w.org\/{rel}","templated":true}]}}