{"id":7871,"date":"2021-06-23T11:33:24","date_gmt":"2021-06-23T09:33:24","guid":{"rendered":"http:\/\/agora.xtec.cat\/ies-santa-eulalia\/?p=7871"},"modified":"2021-06-23T11:37:20","modified_gmt":"2021-06-23T09:37:20","slug":"buscando-pastwomen","status":"publish","type":"post","link":"https:\/\/agora.xtec.cat\/ies-santa-eulalia\/general\/buscando-pastwomen\/","title":{"rendered":"Guanyadors del concurs &#8220;Buscando PastWomen&#8221;"},"content":{"rendered":"<p>&nbsp;<\/p>\n<table style=\"height: 656px;\">\n<tbody>\n<tr style=\"height: 354px;\">\n<td style=\"width: 382.5px; background-color: #ffffff; border-style: hidden; height: 354px;\"><a href=\"https:\/\/agora.xtec.cat\/ies-santa-eulalia\/wp-content\/uploads\/usu1612\/2021\/06\/pastwomen.png\"><img loading=\"lazy\" decoding=\"async\" class=\"alignnone size-full wp-image-7854\" src=\"https:\/\/agora.xtec.cat\/ies-santa-eulalia\/wp-content\/uploads\/usu1612\/2021\/06\/pastwomen.png\" alt=\"\" width=\"324\" height=\"155\" srcset=\"https:\/\/agora.xtec.cat\/ies-santa-eulalia\/wp-content\/uploads\/usu1612\/2021\/06\/pastwomen.png 324w, https:\/\/agora.xtec.cat\/ies-santa-eulalia\/wp-content\/uploads\/usu1612\/2021\/06\/pastwomen-300x144.png 300w\" sizes=\"auto, (max-width: 324px) 100vw, 324px\" \/><\/a><\/td>\n<td style=\"width: 382.5px; background-color: #ffffff; border-style: hidden; height: 354px;\">\n<h5><strong>Us volem comentar que hem resultat guanyadors, en primer i tercer lloc, del concurs Pastwomen, d&#8217;\u00e0mbit estatal (han concursat alumnes de tot el territori espanyol).<\/strong><\/h5>\n<h5><strong>Pastwomen te com a objectiu donar visibilitat a les l\u00ednies\u00a0d&#8217;investigaci\u00f3 sobre les dones en arqueologia i hist\u00f2ria.<\/strong><\/h5>\n<h5><strong>Amb la seva acci\u00f3 a les xarxes pret\u00e9n donar recursos actualitzats amb una perspectiva de g\u00e8nere per a la divulgaci\u00f3 hist\u00f2rica.\u00a0 Podeu consultar m\u00e9s informaci\u00f3 a la web:<\/strong><\/h5>\n<div dir=\"auto\"><strong><a href=\"https:\/\/buscando.pastwomen.net\/\" target=\"_blank\" rel=\"noopener noreferrer\" data-saferedirecturl=\"https:\/\/www.google.com\/url?q=https:\/\/buscando.pastwomen.net\/&amp;source=gmail&amp;ust=1624445377708000&amp;usg=AFQjCNHr0Z5NGaxYh4Fe6kk2UnIAMY9fyw\">https:\/\/buscando.pastwomen.<wbr \/>net\/<\/a><\/strong><\/div>\n<\/td>\n<\/tr>\n<tr style=\"height: 204px;\">\n<td style=\"width: 382.5px; background-color: #ffffff; border-style: hidden; height: 204px;\"><a href=\"https:\/\/drive.google.com\/file\/d\/1H6XBuNslxDsgAg5k5CoyXfUaUSW_oJh6\/view?usp=sharing\"><img loading=\"lazy\" decoding=\"async\" class=\"wp-image-7856 aligncenter\" src=\"https:\/\/agora.xtec.cat\/ies-santa-eulalia\/wp-content\/uploads\/usu1612\/2021\/06\/video-1.png\" alt=\"\" width=\"305\" height=\"155\" srcset=\"https:\/\/agora.xtec.cat\/ies-santa-eulalia\/wp-content\/uploads\/usu1612\/2021\/06\/video-1.png 824w, https:\/\/agora.xtec.cat\/ies-santa-eulalia\/wp-content\/uploads\/usu1612\/2021\/06\/video-1-300x153.png 300w, https:\/\/agora.xtec.cat\/ies-santa-eulalia\/wp-content\/uploads\/usu1612\/2021\/06\/video-1-768x391.png 768w\" sizes=\"auto, (max-width: 305px) 100vw, 305px\" \/><\/a><\/td>\n<td style=\"width: 382.5px; background-color: #ffffff; border-style: hidden; height: 204px;\">\n<h5><strong>A l&#8217;esquerra podeu gaudir del v\u00eddeo dels guanyadors i guanyadores, tots alumnes de 3rC:<\/strong><\/h5>\n<ul>\n<li><strong>Anni Jia<\/strong><\/li>\n<li><strong>Carla Dorada<\/strong><\/li>\n<li><strong>In\u00e9s Ib\u00e1\u00f1ez<\/strong><\/li>\n<li><strong>Rub\u00e9n Morales<\/strong><\/li>\n<li><strong>Janna P\u00e9rez<\/strong><\/li>\n<\/ul>\n<\/td>\n<\/tr>\n<tr style=\"height: 48px;\">\n<td style=\"width: 382.5px; background-color: #ffffff; border-style: hidden; height: 48px;\"><a href=\"https:\/\/drive.google.com\/file\/d\/1Hy-EGPByalJJ6Nwzv0ge4CdJB5bQ91-X\/view?usp=sharing\"><img loading=\"lazy\" decoding=\"async\" class=\"wp-image-7858 aligncenter\" src=\"https:\/\/agora.xtec.cat\/ies-santa-eulalia\/wp-content\/uploads\/usu1612\/2021\/06\/video2.png\" alt=\"\" width=\"313\" height=\"181\" srcset=\"https:\/\/agora.xtec.cat\/ies-santa-eulalia\/wp-content\/uploads\/usu1612\/2021\/06\/video2.png 566w, https:\/\/agora.xtec.cat\/ies-santa-eulalia\/wp-content\/uploads\/usu1612\/2021\/06\/video2-300x173.png 300w\" sizes=\"auto, (max-width: 313px) 100vw, 313px\" \/><\/a><\/td>\n<td style=\"width: 382.5px; background-color: #ffffff; border-style: hidden; height: 48px;\">\n<h5><strong>I aqu\u00ed teniu el v\u00eddeo dels nostres alumnes de 3rA que han quedat en 3ra posici\u00f3:<\/strong><\/h5>\n<ul>\n<li><strong>Lucia Basalo<\/strong><\/li>\n<li><strong>Melani Coaquira,<\/strong><\/li>\n<li><strong>Keyra Epul<\/strong><\/li>\n<li><strong>Zahira Serrano<\/strong><\/li>\n<\/ul>\n<\/td>\n<\/tr>\n<tr>\n<td style=\"width: 382.5px; background-color: #ffffff; border-style: hidden;\"><a href=\"https:\/\/youtu.be\/Cx4Q4jMO200\"><img loading=\"lazy\" decoding=\"async\" class=\"wp-image-7867 aligncenter\" src=\"https:\/\/agora.xtec.cat\/ies-santa-eulalia\/wp-content\/uploads\/usu1612\/2021\/06\/buscandopastwomen.png\" alt=\"\" width=\"310\" height=\"172\" srcset=\"https:\/\/agora.xtec.cat\/ies-santa-eulalia\/wp-content\/uploads\/usu1612\/2021\/06\/buscandopastwomen.png 845w, https:\/\/agora.xtec.cat\/ies-santa-eulalia\/wp-content\/uploads\/usu1612\/2021\/06\/buscandopastwomen-300x166.png 300w, https:\/\/agora.xtec.cat\/ies-santa-eulalia\/wp-content\/uploads\/usu1612\/2021\/06\/buscandopastwomen-768x424.png 768w\" sizes=\"auto, (max-width: 310px) 100vw, 310px\" \/><\/a><\/td>\n<td style=\"width: 382.5px; background-color: #ffffff; border-style: hidden;\">\n<h5><strong>Si feu clic a la imatge de l&#8217;esquerra podeu accedir a l&#8217;entrega de premis.<\/strong><\/h5>\n<h5><strong>\u00a0<\/strong><\/h5>\n<\/td>\n<\/tr>\n<\/tbody>\n<\/table>\n","protected":false},"excerpt":{"rendered":"<p>&nbsp;<\/p>\n<p><a href=\"https:\/\/agora.xtec.cat\/ies-santa-eulalia\/wp-content\/uploads\/usu1612\/2021\/06\/pastwomen.png\"><\/a><\/p>\n<p>Us volem comentar que hem resultat guanyadors, en primer i tercer lloc, del concurs Pastwomen, d&#8217;\u00e0mbit estatal (han concursat alumnes de tot el territori espanyol).<br \/>\nPastwomen te com a objectiu donar visibilitat a les l\u00ednies\u00a0d&#8217;investigaci\u00f3 sobre les dones en arqueologia i hist\u00f2ria.<br \/>\nAmb la seva acci\u00f3&hellip;  <a href=\"https:\/\/agora.xtec.cat\/ies-santa-eulalia\/general\/buscando-pastwomen\/\" title=\"Read Guanyadors del concurs &#8220;Buscando PastWomen&#8221;\">Llegeix m\u00e9s\u00bb<\/a><\/p>\n","protected":false},"author":1,"featured_media":7854,"comment_status":"open","ping_status":"closed","sticky":false,"template":"","format":"standard","meta":{"_bbp_topic_count":0,"_bbp_reply_count":0,"_bbp_total_topic_count":0,"_bbp_total_reply_count":0,"_bbp_voice_count":0,"_bbp_anonymous_reply_count":0,"_bbp_topic_count_hidden":0,"_bbp_reply_count_hidden":0,"_bbp_forum_subforum_count":0,"footnotes":""},"categories":[147,3,1,29],"tags":[],"class_list":["post-7871","post","type-post","status-publish","format-standard","has-post-thumbnail","hentry","category-novetats-geografia-i-historia","category-eso","category-general","category-portada"],"post_mailing_queue_ids":[],"_links":{"self":[{"href":"https:\/\/agora.xtec.cat\/ies-santa-eulalia\/wp-json\/wp\/v2\/posts\/7871","targetHints":{"allow":["GET"]}}],"collection":[{"href":"https:\/\/agora.xtec.cat\/ies-santa-eulalia\/wp-json\/wp\/v2\/posts"}],"about":[{"href":"https:\/\/agora.xtec.cat\/ies-santa-eulalia\/wp-json\/wp\/v2\/types\/post"}],"author":[{"embeddable":true,"href":"https:\/\/agora.xtec.cat\/ies-santa-eulalia\/wp-json\/wp\/v2\/users\/1"}],"replies":[{"embeddable":true,"href":"https:\/\/agora.xtec.cat\/ies-santa-eulalia\/wp-json\/wp\/v2\/comments?post=7871"}],"version-history":[{"count":3,"href":"https:\/\/agora.xtec.cat\/ies-santa-eulalia\/wp-json\/wp\/v2\/posts\/7871\/revisions"}],"predecessor-version":[{"id":7874,"href":"https:\/\/agora.xtec.cat\/ies-santa-eulalia\/wp-json\/wp\/v2\/posts\/7871\/revisions\/7874"}],"wp:featuredmedia":[{"embeddable":true,"href":"https:\/\/agora.xtec.cat\/ies-santa-eulalia\/wp-json\/wp\/v2\/media\/7854"}],"wp:attachment":[{"href":"https:\/\/agora.xtec.cat\/ies-santa-eulalia\/wp-json\/wp\/v2\/media?parent=7871"}],"wp:term":[{"taxonomy":"category","embeddable":true,"href":"https:\/\/agora.xtec.cat\/ies-santa-eulalia\/wp-json\/wp\/v2\/categories?post=7871"},{"taxonomy":"post_tag","embeddable":true,"href":"https:\/\/agora.xtec.cat\/ies-santa-eulalia\/wp-json\/wp\/v2\/tags?post=7871"}],"curies":[{"name":"wp","href":"https:\/\/api.w.org\/{rel}","templated":true}]}}