{"id":7733,"date":"2021-06-17T10:53:09","date_gmt":"2021-06-17T08:53:09","guid":{"rendered":"http:\/\/agora.xtec.cat\/ies-santa-eulalia\/?p=7733"},"modified":"2021-06-18T11:37:43","modified_gmt":"2021-06-18T09:37:43","slug":"donants-de-vida","status":"publish","type":"post","link":"https:\/\/agora.xtec.cat\/ies-santa-eulalia\/general\/donants-de-vida\/","title":{"rendered":"Donants de vida"},"content":{"rendered":"<p style=\"text-align: left;\"><a href=\"https:\/\/agora.xtec.cat\/ies-santa-eulalia\/wp-content\/uploads\/usu1612\/2021\/06\/Agrai\u0308ment-INS-Santa-Eulalia-1.jpg\"><img loading=\"lazy\" decoding=\"async\" class=\"wp-image-7764 alignright\" src=\"https:\/\/agora.xtec.cat\/ies-santa-eulalia\/wp-content\/uploads\/usu1612\/2021\/06\/Agrai\u0308ment-INS-Santa-Eulalia-1.jpg\" alt=\"\" width=\"441\" height=\"311\" srcset=\"https:\/\/agora.xtec.cat\/ies-santa-eulalia\/wp-content\/uploads\/usu1612\/2021\/06\/Agrai\u0308ment-INS-Santa-Eulalia-1.jpg 3508w, https:\/\/agora.xtec.cat\/ies-santa-eulalia\/wp-content\/uploads\/usu1612\/2021\/06\/Agrai\u0308ment-INS-Santa-Eulalia-1-300x212.jpg 300w, https:\/\/agora.xtec.cat\/ies-santa-eulalia\/wp-content\/uploads\/usu1612\/2021\/06\/Agrai\u0308ment-INS-Santa-Eulalia-1-768x543.jpg 768w, https:\/\/agora.xtec.cat\/ies-santa-eulalia\/wp-content\/uploads\/usu1612\/2021\/06\/Agrai\u0308ment-INS-Santa-Eulalia-1-1024x724.jpg 1024w\" sizes=\"auto, (max-width: 441px) 100vw, 441px\" \/><\/a>A 4t d&#8217;eso els nostres alumnes a la mat\u00e8ria d&#8217;Etico-C\u00edvica realitzen diverses activitats de col\u00b7laboraci\u00f3 amb la comunitat i el barri on vivim. Ja hem vist alguns exemples: per nadal els alumnes de 4tA van intentar fer el nadal una mica m\u00e9s agradable pels avis i \u00e0vies de les resid\u00e8ncies del nostre barri. Un v\u00eddeo, boniques paraules i molta emoci\u00f3 van emplenar els ulls de les persones grans de ll\u00e0grimes quan els vam anar a visitar.<\/p>\n<p>Fa pocs dies els alumnes de 4tC tamb\u00e9 van posar tot el que tenien per acabar la eso de la millor manera possible. Col\u00b7laborant amb el Banc de Sang i Teixits per la campanya de donaci\u00f3 de sang que portava el lema: &#8220;15 minuts x 3 vides&#8221;. I els resultats, com veieu, s\u00f3n bon\u00edssims!<\/p>\n<p>El cartell de la campanya el van fer ells i han estat involucrats en la promoci\u00f3 de l&#8217;activitat fins a l&#8217;\u00faltim moment, que es va produir finalment el dimarts 15 de juny a la tarda. No podem sin\u00f3 agrair a totes les fam\u00edlies, companys i companyes i voluntaris que hi van anar a deixar una miqueta d&#8217;ells mateixos que ajudar\u00e0 a que moltes i moltes persones puguin viure una mica m\u00e9s.<\/p>\n<p>&nbsp;<\/p>\n","protected":false},"excerpt":{"rendered":"<p><a href=\"https:\/\/agora.xtec.cat\/ies-santa-eulalia\/wp-content\/uploads\/usu1612\/2021\/06\/Agrai\u0308ment-INS-Santa-Eulalia-1.jpg\"><\/a>A 4t d&#8217;eso els nostres alumnes a la mat\u00e8ria d&#8217;Etico-C\u00edvica realitzen diverses activitats de col\u00b7laboraci\u00f3 amb la comunitat i el barri on vivim. Ja hem vist alguns exemples: per nadal els alumnes de 4tA van intentar fer el nadal una mica m\u00e9s agradable pels&hellip;  <a href=\"https:\/\/agora.xtec.cat\/ies-santa-eulalia\/general\/donants-de-vida\/\" title=\"Read Donants de vida\">Llegeix m\u00e9s\u00bb<\/a><\/p>\n","protected":false},"author":1,"featured_media":7671,"comment_status":"open","ping_status":"closed","sticky":false,"template":"","format":"standard","meta":{"_bbp_topic_count":0,"_bbp_reply_count":0,"_bbp_total_topic_count":0,"_bbp_total_reply_count":0,"_bbp_voice_count":0,"_bbp_anonymous_reply_count":0,"_bbp_topic_count_hidden":0,"_bbp_reply_count_hidden":0,"_bbp_forum_subforum_count":0,"footnotes":""},"categories":[3,1,29],"tags":[],"class_list":["post-7733","post","type-post","status-publish","format-standard","has-post-thumbnail","hentry","category-eso","category-general","category-portada"],"post_mailing_queue_ids":[],"_links":{"self":[{"href":"https:\/\/agora.xtec.cat\/ies-santa-eulalia\/wp-json\/wp\/v2\/posts\/7733","targetHints":{"allow":["GET"]}}],"collection":[{"href":"https:\/\/agora.xtec.cat\/ies-santa-eulalia\/wp-json\/wp\/v2\/posts"}],"about":[{"href":"https:\/\/agora.xtec.cat\/ies-santa-eulalia\/wp-json\/wp\/v2\/types\/post"}],"author":[{"embeddable":true,"href":"https:\/\/agora.xtec.cat\/ies-santa-eulalia\/wp-json\/wp\/v2\/users\/1"}],"replies":[{"embeddable":true,"href":"https:\/\/agora.xtec.cat\/ies-santa-eulalia\/wp-json\/wp\/v2\/comments?post=7733"}],"version-history":[{"count":3,"href":"https:\/\/agora.xtec.cat\/ies-santa-eulalia\/wp-json\/wp\/v2\/posts\/7733\/revisions"}],"predecessor-version":[{"id":7807,"href":"https:\/\/agora.xtec.cat\/ies-santa-eulalia\/wp-json\/wp\/v2\/posts\/7733\/revisions\/7807"}],"wp:featuredmedia":[{"embeddable":true,"href":"https:\/\/agora.xtec.cat\/ies-santa-eulalia\/wp-json\/wp\/v2\/media\/7671"}],"wp:attachment":[{"href":"https:\/\/agora.xtec.cat\/ies-santa-eulalia\/wp-json\/wp\/v2\/media?parent=7733"}],"wp:term":[{"taxonomy":"category","embeddable":true,"href":"https:\/\/agora.xtec.cat\/ies-santa-eulalia\/wp-json\/wp\/v2\/categories?post=7733"},{"taxonomy":"post_tag","embeddable":true,"href":"https:\/\/agora.xtec.cat\/ies-santa-eulalia\/wp-json\/wp\/v2\/tags?post=7733"}],"curies":[{"name":"wp","href":"https:\/\/api.w.org\/{rel}","templated":true}]}}