{"id":7477,"date":"2021-05-19T10:52:29","date_gmt":"2021-05-19T08:52:29","guid":{"rendered":"http:\/\/agora.xtec.cat\/ies-santa-eulalia\/?p=7477"},"modified":"2021-05-19T10:52:29","modified_gmt":"2021-05-19T08:52:29","slug":"english-week-2021","status":"publish","type":"post","link":"https:\/\/agora.xtec.cat\/ies-santa-eulalia\/general\/english-week-2021\/","title":{"rendered":"English Week 2021"},"content":{"rendered":"<p><span style=\"font-weight: 400;\">Cada curs dediquem uns dies del curs a la mat\u00e8ria d&#8217;angl\u00e8s, tan important pel futur de tots els nostres alumnes. Ho fem organitzat un munt d&#8217;activitats divertides i engrescadores on seguim treballant l&#8217;angl\u00e8s, per\u00f2 de formes ben diferents.<\/span><\/p>\n<p><span style=\"font-weight: 400;\">Les activitats per a celebrar la ja tradicional<strong> English Week<\/strong> al Santa Eul\u00e0lia d&#8217;aquest curs han estat:<\/span><\/p>\n<p>&nbsp;<\/p>\n<ul>\n<li style=\"font-weight: 400;\" aria-level=\"1\"><span style=\"font-weight: 400;\">L\u00b4alumnat de <\/span><b>4t d\u00b4ESO<\/b><span style=\"font-weight: 400;\"> han preparat un <\/span><b>pasapalabra <\/b><span style=\"font-weight: 400;\">i 3 alumnes dels diferents grup s&#8217;han ocupat de realitzar l&#8217;activitat i dinamitzar les classes de <\/span><b>1r i 2n d\u00b4ESO,<\/b><span style=\"font-weight: 400;\"> que han estat ben distretes i participatives, com \u00e9s habitual en elles. Moltes gr\u00e0cies a tot l\u00b4alumnat de 4t per la seva col.laboraci\u00f3!!!!<\/span><\/li>\n<\/ul>\n<table style=\"height: 31px;\" width=\"1094\">\n<tbody>\n<tr>\n<td style=\"width: 361px;\"><a href=\"https:\/\/agora.xtec.cat\/ies-santa-eulalia\/wp-content\/uploads\/usu1612\/2021\/05\/Pasapalabra-1.jpg\"><img loading=\"lazy\" decoding=\"async\" class=\"alignnone size-full wp-image-7487\" src=\"https:\/\/agora.xtec.cat\/ies-santa-eulalia\/wp-content\/uploads\/usu1612\/2021\/05\/Pasapalabra-1.jpg\" alt=\"\" width=\"3264\" height=\"2448\" srcset=\"https:\/\/agora.xtec.cat\/ies-santa-eulalia\/wp-content\/uploads\/usu1612\/2021\/05\/Pasapalabra-1.jpg 3264w, https:\/\/agora.xtec.cat\/ies-santa-eulalia\/wp-content\/uploads\/usu1612\/2021\/05\/Pasapalabra-1-300x225.jpg 300w, https:\/\/agora.xtec.cat\/ies-santa-eulalia\/wp-content\/uploads\/usu1612\/2021\/05\/Pasapalabra-1-768x576.jpg 768w, https:\/\/agora.xtec.cat\/ies-santa-eulalia\/wp-content\/uploads\/usu1612\/2021\/05\/Pasapalabra-1-1024x768.jpg 1024w, https:\/\/agora.xtec.cat\/ies-santa-eulalia\/wp-content\/uploads\/usu1612\/2021\/05\/Pasapalabra-1-200x150.jpg 200w\" sizes=\"auto, (max-width: 3264px) 100vw, 3264px\" \/><\/a><\/td>\n<td style=\"width: 361px;\"><a href=\"https:\/\/agora.xtec.cat\/ies-santa-eulalia\/wp-content\/uploads\/usu1612\/2021\/05\/Pasapalabra-2.jpg\"><img loading=\"lazy\" decoding=\"async\" class=\"alignnone size-full wp-image-7488\" src=\"https:\/\/agora.xtec.cat\/ies-santa-eulalia\/wp-content\/uploads\/usu1612\/2021\/05\/Pasapalabra-2.jpg\" alt=\"\" width=\"3264\" height=\"2448\" srcset=\"https:\/\/agora.xtec.cat\/ies-santa-eulalia\/wp-content\/uploads\/usu1612\/2021\/05\/Pasapalabra-2.jpg 3264w, https:\/\/agora.xtec.cat\/ies-santa-eulalia\/wp-content\/uploads\/usu1612\/2021\/05\/Pasapalabra-2-300x225.jpg 300w, https:\/\/agora.xtec.cat\/ies-santa-eulalia\/wp-content\/uploads\/usu1612\/2021\/05\/Pasapalabra-2-768x576.jpg 768w, https:\/\/agora.xtec.cat\/ies-santa-eulalia\/wp-content\/uploads\/usu1612\/2021\/05\/Pasapalabra-2-1024x768.jpg 1024w, https:\/\/agora.xtec.cat\/ies-santa-eulalia\/wp-content\/uploads\/usu1612\/2021\/05\/Pasapalabra-2-200x150.jpg 200w\" sizes=\"auto, (max-width: 3264px) 100vw, 3264px\" \/><\/a><\/td>\n<td style=\"width: 362px;\"><a href=\"https:\/\/agora.xtec.cat\/ies-santa-eulalia\/wp-content\/uploads\/usu1612\/2021\/05\/Pasabalabra-3.jpeg\"><img loading=\"lazy\" decoding=\"async\" class=\"alignnone size-full wp-image-7489\" src=\"https:\/\/agora.xtec.cat\/ies-santa-eulalia\/wp-content\/uploads\/usu1612\/2021\/05\/Pasabalabra-3.jpeg\" alt=\"\" width=\"1600\" height=\"777\" srcset=\"https:\/\/agora.xtec.cat\/ies-santa-eulalia\/wp-content\/uploads\/usu1612\/2021\/05\/Pasabalabra-3.jpeg 1600w, https:\/\/agora.xtec.cat\/ies-santa-eulalia\/wp-content\/uploads\/usu1612\/2021\/05\/Pasabalabra-3-300x146.jpeg 300w, https:\/\/agora.xtec.cat\/ies-santa-eulalia\/wp-content\/uploads\/usu1612\/2021\/05\/Pasabalabra-3-768x373.jpeg 768w, https:\/\/agora.xtec.cat\/ies-santa-eulalia\/wp-content\/uploads\/usu1612\/2021\/05\/Pasabalabra-3-1024x497.jpeg 1024w\" sizes=\"auto, (max-width: 1600px) 100vw, 1600px\" \/><\/a><\/td>\n<\/tr>\n<\/tbody>\n<\/table>\n<ul>\n<li style=\"font-weight: 400;\" aria-level=\"1\"><span style=\"font-weight: 400;\">A <\/span><b>3r d\u00b4ESO<\/b><span style=\"font-weight: 400;\"> hem pogut gaudir d\u00b4unes <\/span><b>Xerrades Culturals ofertes per l\u00b4Editorial Burlington<\/b><span style=\"font-weight: 400;\"> i que ha portat a terme la Cristina, una noia visitant de Nova York. Ens ha parlar dels USA i de Un Viatge a Londres. Quina sort poder con\u00e8ixer l&#8217;experi\u00e8ncia tan interessant directament d&#8217;alg\u00fa que ho ha viscut!<\/span><\/li>\n<\/ul>\n<table style=\"height: 30px;\" width=\"1086\">\n<tbody>\n<tr>\n<td style=\"width: 539px;\"><a href=\"https:\/\/agora.xtec.cat\/ies-santa-eulalia\/wp-content\/uploads\/usu1612\/2021\/05\/Xerrades-Editorial-Burlinton-1.jpg\"><img loading=\"lazy\" decoding=\"async\" class=\"alignnone size-full wp-image-7485\" src=\"https:\/\/agora.xtec.cat\/ies-santa-eulalia\/wp-content\/uploads\/usu1612\/2021\/05\/Xerrades-Editorial-Burlinton-1.jpg\" alt=\"\" width=\"3264\" height=\"2448\" srcset=\"https:\/\/agora.xtec.cat\/ies-santa-eulalia\/wp-content\/uploads\/usu1612\/2021\/05\/Xerrades-Editorial-Burlinton-1.jpg 3264w, https:\/\/agora.xtec.cat\/ies-santa-eulalia\/wp-content\/uploads\/usu1612\/2021\/05\/Xerrades-Editorial-Burlinton-1-300x225.jpg 300w, https:\/\/agora.xtec.cat\/ies-santa-eulalia\/wp-content\/uploads\/usu1612\/2021\/05\/Xerrades-Editorial-Burlinton-1-768x576.jpg 768w, https:\/\/agora.xtec.cat\/ies-santa-eulalia\/wp-content\/uploads\/usu1612\/2021\/05\/Xerrades-Editorial-Burlinton-1-1024x768.jpg 1024w, https:\/\/agora.xtec.cat\/ies-santa-eulalia\/wp-content\/uploads\/usu1612\/2021\/05\/Xerrades-Editorial-Burlinton-1-200x150.jpg 200w\" sizes=\"auto, (max-width: 3264px) 100vw, 3264px\" \/><\/a><\/td>\n<td style=\"width: 539px;\"><a href=\"https:\/\/agora.xtec.cat\/ies-santa-eulalia\/wp-content\/uploads\/usu1612\/2021\/05\/Xerrades-Editorial-Burlinton-2.jpg\"><img loading=\"lazy\" decoding=\"async\" class=\"alignnone size-full wp-image-7486\" src=\"https:\/\/agora.xtec.cat\/ies-santa-eulalia\/wp-content\/uploads\/usu1612\/2021\/05\/Xerrades-Editorial-Burlinton-2.jpg\" alt=\"\" width=\"3264\" height=\"2448\" srcset=\"https:\/\/agora.xtec.cat\/ies-santa-eulalia\/wp-content\/uploads\/usu1612\/2021\/05\/Xerrades-Editorial-Burlinton-2.jpg 3264w, https:\/\/agora.xtec.cat\/ies-santa-eulalia\/wp-content\/uploads\/usu1612\/2021\/05\/Xerrades-Editorial-Burlinton-2-300x225.jpg 300w, https:\/\/agora.xtec.cat\/ies-santa-eulalia\/wp-content\/uploads\/usu1612\/2021\/05\/Xerrades-Editorial-Burlinton-2-768x576.jpg 768w, https:\/\/agora.xtec.cat\/ies-santa-eulalia\/wp-content\/uploads\/usu1612\/2021\/05\/Xerrades-Editorial-Burlinton-2-1024x768.jpg 1024w, https:\/\/agora.xtec.cat\/ies-santa-eulalia\/wp-content\/uploads\/usu1612\/2021\/05\/Xerrades-Editorial-Burlinton-2-200x150.jpg 200w\" sizes=\"auto, (max-width: 3264px) 100vw, 3264px\" \/><\/a><\/td>\n<\/tr>\n<\/tbody>\n<\/table>\n<ul>\n<li style=\"font-weight: 400;\" aria-level=\"1\"><span style=\"font-weight: 400;\">L\u00b4alumnat de <\/span><b>4t d\u00b4ESO<\/b><span style=\"font-weight: 400;\">, ha fet un taller a l&#8217;aire lliure de <\/span><b><i>danses irlandeses<\/i><\/b><span style=\"font-weight: 400;\"> impartit\u00a0 per la nostra <em>Language Assistant<\/em> irlandesa, la <strong>Kate<\/strong>. Pels alumnes va ser tota una sorpresa, no s&#8217;ho esperaven pas. Per\u00f2 amb el somriure i les ganes de la Kate i l&#8217;alegria que transmet la m\u00fasica, es van anar engrescant i als pocs minuts estaven ben entregats. Tant i tant que al dia seg\u00fcent en volien fer m\u00e9s.<\/span><\/li>\n<\/ul>\n<table style=\"height: 16px;\" width=\"1104\">\n<tbody>\n<tr>\n<td style=\"width: 364px;\"><a href=\"https:\/\/agora.xtec.cat\/ies-santa-eulalia\/wp-content\/uploads\/usu1612\/2021\/05\/Irish-Dancing-1.jpg\"><img loading=\"lazy\" decoding=\"async\" class=\"alignnone size-full wp-image-7478\" src=\"https:\/\/agora.xtec.cat\/ies-santa-eulalia\/wp-content\/uploads\/usu1612\/2021\/05\/Irish-Dancing-1.jpg\" alt=\"\" width=\"4000\" height=\"3000\" srcset=\"https:\/\/agora.xtec.cat\/ies-santa-eulalia\/wp-content\/uploads\/usu1612\/2021\/05\/Irish-Dancing-1.jpg 4000w, https:\/\/agora.xtec.cat\/ies-santa-eulalia\/wp-content\/uploads\/usu1612\/2021\/05\/Irish-Dancing-1-300x225.jpg 300w, https:\/\/agora.xtec.cat\/ies-santa-eulalia\/wp-content\/uploads\/usu1612\/2021\/05\/Irish-Dancing-1-768x576.jpg 768w, https:\/\/agora.xtec.cat\/ies-santa-eulalia\/wp-content\/uploads\/usu1612\/2021\/05\/Irish-Dancing-1-1024x768.jpg 1024w, https:\/\/agora.xtec.cat\/ies-santa-eulalia\/wp-content\/uploads\/usu1612\/2021\/05\/Irish-Dancing-1-200x150.jpg 200w\" sizes=\"auto, (max-width: 4000px) 100vw, 4000px\" \/><\/a><\/td>\n<td style=\"width: 365px;\"><a href=\"https:\/\/agora.xtec.cat\/ies-santa-eulalia\/wp-content\/uploads\/usu1612\/2021\/05\/Irish-Dancing-2.jpg\"><img loading=\"lazy\" decoding=\"async\" class=\"alignnone size-full wp-image-7479\" src=\"https:\/\/agora.xtec.cat\/ies-santa-eulalia\/wp-content\/uploads\/usu1612\/2021\/05\/Irish-Dancing-2.jpg\" alt=\"\" width=\"4000\" height=\"3000\" srcset=\"https:\/\/agora.xtec.cat\/ies-santa-eulalia\/wp-content\/uploads\/usu1612\/2021\/05\/Irish-Dancing-2.jpg 4000w, https:\/\/agora.xtec.cat\/ies-santa-eulalia\/wp-content\/uploads\/usu1612\/2021\/05\/Irish-Dancing-2-300x225.jpg 300w, https:\/\/agora.xtec.cat\/ies-santa-eulalia\/wp-content\/uploads\/usu1612\/2021\/05\/Irish-Dancing-2-768x576.jpg 768w, https:\/\/agora.xtec.cat\/ies-santa-eulalia\/wp-content\/uploads\/usu1612\/2021\/05\/Irish-Dancing-2-1024x768.jpg 1024w, https:\/\/agora.xtec.cat\/ies-santa-eulalia\/wp-content\/uploads\/usu1612\/2021\/05\/Irish-Dancing-2-200x150.jpg 200w\" sizes=\"auto, (max-width: 4000px) 100vw, 4000px\" \/><\/a><\/td>\n<td style=\"width: 365px;\"><a href=\"https:\/\/agora.xtec.cat\/ies-santa-eulalia\/wp-content\/uploads\/usu1612\/2021\/05\/Irish-Dancing-3.jpg\"><img loading=\"lazy\" decoding=\"async\" class=\"alignnone size-full wp-image-7480\" src=\"https:\/\/agora.xtec.cat\/ies-santa-eulalia\/wp-content\/uploads\/usu1612\/2021\/05\/Irish-Dancing-3.jpg\" alt=\"\" width=\"4000\" height=\"3000\" srcset=\"https:\/\/agora.xtec.cat\/ies-santa-eulalia\/wp-content\/uploads\/usu1612\/2021\/05\/Irish-Dancing-3.jpg 4000w, https:\/\/agora.xtec.cat\/ies-santa-eulalia\/wp-content\/uploads\/usu1612\/2021\/05\/Irish-Dancing-3-300x225.jpg 300w, https:\/\/agora.xtec.cat\/ies-santa-eulalia\/wp-content\/uploads\/usu1612\/2021\/05\/Irish-Dancing-3-768x576.jpg 768w, https:\/\/agora.xtec.cat\/ies-santa-eulalia\/wp-content\/uploads\/usu1612\/2021\/05\/Irish-Dancing-3-1024x768.jpg 1024w, https:\/\/agora.xtec.cat\/ies-santa-eulalia\/wp-content\/uploads\/usu1612\/2021\/05\/Irish-Dancing-3-200x150.jpg 200w\" sizes=\"auto, (max-width: 4000px) 100vw, 4000px\" \/><\/a><\/td>\n<\/tr>\n<\/tbody>\n<\/table>\n<ul>\n<li style=\"font-weight: 400;\" aria-level=\"1\"><span style=\"font-weight: 400;\">A <\/span><b>1r de Batxillerat<\/b><span style=\"font-weight: 400;\"> han fet un <\/span><b>Karaoke.\u00a0<\/b>Un altre cop m\u00e9s, la comuni\u00f3 de m\u00fasica i llengua facilita l&#8217;aprenentatge.<\/li>\n<\/ul>\n<table style=\"height: 55px;\" width=\"1107\">\n<tbody>\n<tr>\n<td style=\"width: 549px;\"><a href=\"https:\/\/agora.xtec.cat\/ies-santa-eulalia\/wp-content\/uploads\/usu1612\/2021\/05\/Karaoke-1.jpg\"><img loading=\"lazy\" decoding=\"async\" class=\"alignnone size-full wp-image-7481\" src=\"https:\/\/agora.xtec.cat\/ies-santa-eulalia\/wp-content\/uploads\/usu1612\/2021\/05\/Karaoke-1.jpg\" alt=\"\" width=\"3264\" height=\"2448\" srcset=\"https:\/\/agora.xtec.cat\/ies-santa-eulalia\/wp-content\/uploads\/usu1612\/2021\/05\/Karaoke-1.jpg 3264w, https:\/\/agora.xtec.cat\/ies-santa-eulalia\/wp-content\/uploads\/usu1612\/2021\/05\/Karaoke-1-300x225.jpg 300w, https:\/\/agora.xtec.cat\/ies-santa-eulalia\/wp-content\/uploads\/usu1612\/2021\/05\/Karaoke-1-768x576.jpg 768w, https:\/\/agora.xtec.cat\/ies-santa-eulalia\/wp-content\/uploads\/usu1612\/2021\/05\/Karaoke-1-1024x768.jpg 1024w, https:\/\/agora.xtec.cat\/ies-santa-eulalia\/wp-content\/uploads\/usu1612\/2021\/05\/Karaoke-1-200x150.jpg 200w\" sizes=\"auto, (max-width: 3264px) 100vw, 3264px\" \/><\/a><\/td>\n<td style=\"width: 550px;\"><a href=\"https:\/\/agora.xtec.cat\/ies-santa-eulalia\/wp-content\/uploads\/usu1612\/2021\/05\/Karaoke-2.jpg\"><img loading=\"lazy\" decoding=\"async\" class=\"alignnone size-full wp-image-7482\" src=\"https:\/\/agora.xtec.cat\/ies-santa-eulalia\/wp-content\/uploads\/usu1612\/2021\/05\/Karaoke-2.jpg\" alt=\"\" width=\"3264\" height=\"2448\" srcset=\"https:\/\/agora.xtec.cat\/ies-santa-eulalia\/wp-content\/uploads\/usu1612\/2021\/05\/Karaoke-2.jpg 3264w, https:\/\/agora.xtec.cat\/ies-santa-eulalia\/wp-content\/uploads\/usu1612\/2021\/05\/Karaoke-2-300x225.jpg 300w, https:\/\/agora.xtec.cat\/ies-santa-eulalia\/wp-content\/uploads\/usu1612\/2021\/05\/Karaoke-2-768x576.jpg 768w, https:\/\/agora.xtec.cat\/ies-santa-eulalia\/wp-content\/uploads\/usu1612\/2021\/05\/Karaoke-2-1024x768.jpg 1024w, https:\/\/agora.xtec.cat\/ies-santa-eulalia\/wp-content\/uploads\/usu1612\/2021\/05\/Karaoke-2-200x150.jpg 200w\" sizes=\"auto, (max-width: 3264px) 100vw, 3264px\" \/><\/a><\/td>\n<\/tr>\n<tr>\n<td style=\"width: 549px;\"><a href=\"https:\/\/agora.xtec.cat\/ies-santa-eulalia\/wp-content\/uploads\/usu1612\/2021\/05\/Karaoke-3.jpg\"><img loading=\"lazy\" decoding=\"async\" class=\"alignnone size-full wp-image-7483\" src=\"https:\/\/agora.xtec.cat\/ies-santa-eulalia\/wp-content\/uploads\/usu1612\/2021\/05\/Karaoke-3.jpg\" alt=\"\" width=\"3264\" height=\"2448\" srcset=\"https:\/\/agora.xtec.cat\/ies-santa-eulalia\/wp-content\/uploads\/usu1612\/2021\/05\/Karaoke-3.jpg 3264w, https:\/\/agora.xtec.cat\/ies-santa-eulalia\/wp-content\/uploads\/usu1612\/2021\/05\/Karaoke-3-300x225.jpg 300w, https:\/\/agora.xtec.cat\/ies-santa-eulalia\/wp-content\/uploads\/usu1612\/2021\/05\/Karaoke-3-768x576.jpg 768w, https:\/\/agora.xtec.cat\/ies-santa-eulalia\/wp-content\/uploads\/usu1612\/2021\/05\/Karaoke-3-1024x768.jpg 1024w, https:\/\/agora.xtec.cat\/ies-santa-eulalia\/wp-content\/uploads\/usu1612\/2021\/05\/Karaoke-3-200x150.jpg 200w\" sizes=\"auto, (max-width: 3264px) 100vw, 3264px\" \/><\/a><\/td>\n<td style=\"width: 550px;\"><a href=\"https:\/\/agora.xtec.cat\/ies-santa-eulalia\/wp-content\/uploads\/usu1612\/2021\/05\/Karaoke-4.jpg\"><img loading=\"lazy\" decoding=\"async\" class=\"alignnone size-full wp-image-7484\" src=\"https:\/\/agora.xtec.cat\/ies-santa-eulalia\/wp-content\/uploads\/usu1612\/2021\/05\/Karaoke-4.jpg\" alt=\"\" width=\"3264\" height=\"2448\" srcset=\"https:\/\/agora.xtec.cat\/ies-santa-eulalia\/wp-content\/uploads\/usu1612\/2021\/05\/Karaoke-4.jpg 3264w, https:\/\/agora.xtec.cat\/ies-santa-eulalia\/wp-content\/uploads\/usu1612\/2021\/05\/Karaoke-4-300x225.jpg 300w, https:\/\/agora.xtec.cat\/ies-santa-eulalia\/wp-content\/uploads\/usu1612\/2021\/05\/Karaoke-4-768x576.jpg 768w, https:\/\/agora.xtec.cat\/ies-santa-eulalia\/wp-content\/uploads\/usu1612\/2021\/05\/Karaoke-4-1024x768.jpg 1024w, https:\/\/agora.xtec.cat\/ies-santa-eulalia\/wp-content\/uploads\/usu1612\/2021\/05\/Karaoke-4-200x150.jpg 200w\" sizes=\"auto, (max-width: 3264px) 100vw, 3264px\" \/><\/a><\/td>\n<\/tr>\n<\/tbody>\n<\/table>\n<ul>\n<li style=\"font-weight: 400;\" aria-level=\"1\"><span style=\"font-weight: 400;\">L\u00b4alumnat de <\/span><b>2n de Batxillerat<\/b><span style=\"font-weight: 400;\"> estava prou entretingut amb el seu final de curs i la preparaci\u00f3 per Selectivitat\u2026 Esperem que tots els cursos que porten fent angl\u00e8s amb nosaltres els donin bon fruit per la seg\u00fcent etapa que d&#8217;aqu\u00ed poc comencen.<\/span><\/li>\n<\/ul>\n<p>Estem ben contents de la rebuda i de la participaci\u00f3 dels alumnes en activitats com aquesta que fem amb la m\u00e9s gran de les il\u00b7lusions.<\/p>\n<p><strong>Us hi esperem amb m\u00e9s propostes el curs proper!<\/strong><\/p>\n","protected":false},"excerpt":{"rendered":"<p>Cada curs dediquem uns dies del curs a la mat\u00e8ria d&#8217;angl\u00e8s, tan important pel futur de tots els nostres alumnes. Ho fem organitzat un munt d&#8217;activitats divertides i engrescadores on seguim treballant l&#8217;angl\u00e8s, per\u00f2 de formes ben diferents.<br \/>\nLes activitats per a celebrar la ja tradicional&hellip;  <a href=\"https:\/\/agora.xtec.cat\/ies-santa-eulalia\/general\/english-week-2021\/\" title=\"Read English Week 2021\">Llegeix m\u00e9s\u00bb<\/a><\/p>\n","protected":false},"author":1,"featured_media":7490,"comment_status":"open","ping_status":"closed","sticky":false,"template":"","format":"standard","meta":{"_bbp_topic_count":0,"_bbp_reply_count":0,"_bbp_total_topic_count":0,"_bbp_total_reply_count":0,"_bbp_voice_count":0,"_bbp_anonymous_reply_count":0,"_bbp_topic_count_hidden":0,"_bbp_reply_count_hidden":0,"_bbp_forum_subforum_count":0,"footnotes":""},"categories":[138,8,3,1,29],"tags":[],"class_list":["post-7477","post","type-post","status-publish","format-standard","has-post-thumbnail","hentry","category-novetats-llengues-estrangeres-angles","category-batxillerat","category-eso","category-general","category-portada"],"post_mailing_queue_ids":[],"_links":{"self":[{"href":"https:\/\/agora.xtec.cat\/ies-santa-eulalia\/wp-json\/wp\/v2\/posts\/7477","targetHints":{"allow":["GET"]}}],"collection":[{"href":"https:\/\/agora.xtec.cat\/ies-santa-eulalia\/wp-json\/wp\/v2\/posts"}],"about":[{"href":"https:\/\/agora.xtec.cat\/ies-santa-eulalia\/wp-json\/wp\/v2\/types\/post"}],"author":[{"embeddable":true,"href":"https:\/\/agora.xtec.cat\/ies-santa-eulalia\/wp-json\/wp\/v2\/users\/1"}],"replies":[{"embeddable":true,"href":"https:\/\/agora.xtec.cat\/ies-santa-eulalia\/wp-json\/wp\/v2\/comments?post=7477"}],"version-history":[{"count":1,"href":"https:\/\/agora.xtec.cat\/ies-santa-eulalia\/wp-json\/wp\/v2\/posts\/7477\/revisions"}],"predecessor-version":[{"id":7491,"href":"https:\/\/agora.xtec.cat\/ies-santa-eulalia\/wp-json\/wp\/v2\/posts\/7477\/revisions\/7491"}],"wp:featuredmedia":[{"embeddable":true,"href":"https:\/\/agora.xtec.cat\/ies-santa-eulalia\/wp-json\/wp\/v2\/media\/7490"}],"wp:attachment":[{"href":"https:\/\/agora.xtec.cat\/ies-santa-eulalia\/wp-json\/wp\/v2\/media?parent=7477"}],"wp:term":[{"taxonomy":"category","embeddable":true,"href":"https:\/\/agora.xtec.cat\/ies-santa-eulalia\/wp-json\/wp\/v2\/categories?post=7477"},{"taxonomy":"post_tag","embeddable":true,"href":"https:\/\/agora.xtec.cat\/ies-santa-eulalia\/wp-json\/wp\/v2\/tags?post=7477"}],"curies":[{"name":"wp","href":"https:\/\/api.w.org\/{rel}","templated":true}]}}