{"id":744,"date":"2017-05-17T11:50:51","date_gmt":"2017-05-17T09:50:51","guid":{"rendered":"http:\/\/agora.xtec.cat\/ies-santa-eulalia\/?p=744"},"modified":"2017-05-17T11:50:51","modified_gmt":"2017-05-17T09:50:51","slug":"credit-de-sintesi","status":"publish","type":"post","link":"https:\/\/agora.xtec.cat\/ies-santa-eulalia\/eso\/credit-de-sintesi\/","title":{"rendered":"Cr\u00e8dit de s\u00edntesi"},"content":{"rendered":"<h4>Cr\u00e8dit de s\u00edntesi. Exposici\u00f3 oral<\/h4>\n<p>&nbsp;<\/p>\n<p>El cr\u00e8dit de s\u00edntesi es presenta en una exposici\u00f3 oral davant d\u2019un tribunal format per professorat del curs. Al final d&#8217;aquesta exposici\u00f3, els professors\/es avaluadors podran formular preguntes o demanar aclariments.<\/p>\n<p>Un de vosaltres pot fer de portaveu i presentar els companys. I, tot seguit, anar repartint els torns d\u2019intervenci\u00f3.<\/p>\n<p>Tamb\u00e9 pot ser que un alumne, quan acabi de parlar, doni pas al seg\u00fcent.<\/p>\n<p>Cadasc\u00fa es fa c\u00e0rrec d\u2019exposar i explicar una part del treball, i coneix tamb\u00e9 el que expliquen els seus companys\/es\u00a0(fins al punt que ha de poder substituir-los, si cal).<\/p>\n<p>La durada de l&#8217;exposici\u00f3 pot ser fins a 20 minuts per a cada grup.En qualsevol moment, durant la sessi\u00f3, es pot il\u00b7lustrar\u00a0l\u2019exposici\u00f3 amb recursos audiovisuals, maquetes, objectes o material addicional, que s\u2019hagi elaborat durant el cr\u00e8dit.<br \/>\nAlguns consells\u00a0off the record:<\/p>\n<p>&nbsp;<\/p>\n<p>Com a grup,<\/p>\n<p>&#8220;Visualitzeu\u201d pr\u00e8viament la situaci\u00f3 en qu\u00e8 us trobareu: de cara a uns professors que coneixeu, al costat dels companys, explicant coses que sabeu&#8230;<\/p>\n<p>Decidiu la posici\u00f3 de cadasc\u00fa i la disposici\u00f3 del grup davant de l\u2019auditori, que sigui adequada per a aquesta situaci\u00f3 de formalitat acad\u00e8mica.<br \/>\nIndividualment,<\/p>\n<p>Fes-te un\u00a0gui\u00f3 simple per\u00f2 complet. No cal anotar-hi frases senceres sin\u00f3 els conceptes. Prepara les frases per comen\u00e7ar i acabar. Cuida i entrena\u00a0la dicci\u00f3. Beu aigua abans de comen\u00e7ar.<\/p>\n<p>Parla a poc a poc, pronunciant tots els sons. I respira tranquil\u00b7lament.<\/p>\n<p>Atura&#8217;t\u00a0quan et calgui prendre una pausa; ning\u00fa se n&#8217;estranyar\u00e0.<\/p>\n<p>Pensa amb calma\u00a0l&#8217;adjectiu o el verb que no trobes. L&#8217;auditori t&#8217;esperar\u00e0.<\/p>\n<p>Si comets un error, que no et bloquegi: accepta&#8217;l i corregeix-lo.<\/p>\n<p>Mira el p\u00fablic\u00a0amb tranquil\u00b7litat abans de comen\u00e7ar.<\/p>\n<p>Tingues en compte que\u00a0l&#8217;auditori vol entendre el que expliques\u00a0i ben aviat tindr\u00e0 curiositat pel que li presentes. No t&#8217;han d&#8217;amo\u00efnar, doncs,\u00a0les seves preguntes, que responen al seu inter\u00e8s.<\/p>\n","protected":false},"excerpt":{"rendered":"<p>Cr\u00e8dit de s\u00edntesi. Exposici\u00f3 oral<br \/>\n&nbsp;<br \/>\nEl cr\u00e8dit de s\u00edntesi es presenta en una exposici\u00f3 oral davant d\u2019un tribunal format per professorat del curs. Al final d&#8217;aquesta exposici\u00f3, els professors\/es avaluadors podran formular preguntes o demanar aclariments.<br \/>\nUn de vosaltres pot fer de portaveu i presentar els companys.&hellip;  <a href=\"https:\/\/agora.xtec.cat\/ies-santa-eulalia\/eso\/credit-de-sintesi\/\" title=\"Read Cr\u00e8dit de s\u00edntesi\">Llegeix m\u00e9s\u00bb<\/a><\/p>\n","protected":false},"author":1,"featured_media":0,"comment_status":"open","ping_status":"open","sticky":false,"template":"","format":"standard","meta":{"_bbp_topic_count":0,"_bbp_reply_count":0,"_bbp_total_topic_count":0,"_bbp_total_reply_count":0,"_bbp_voice_count":0,"_bbp_anonymous_reply_count":0,"_bbp_topic_count_hidden":0,"_bbp_reply_count_hidden":0,"_bbp_forum_subforum_count":0,"footnotes":""},"categories":[3],"tags":[],"class_list":["post-744","post","type-post","status-publish","format-standard","hentry","category-eso"],"post_mailing_queue_ids":[],"_links":{"self":[{"href":"https:\/\/agora.xtec.cat\/ies-santa-eulalia\/wp-json\/wp\/v2\/posts\/744","targetHints":{"allow":["GET"]}}],"collection":[{"href":"https:\/\/agora.xtec.cat\/ies-santa-eulalia\/wp-json\/wp\/v2\/posts"}],"about":[{"href":"https:\/\/agora.xtec.cat\/ies-santa-eulalia\/wp-json\/wp\/v2\/types\/post"}],"author":[{"embeddable":true,"href":"https:\/\/agora.xtec.cat\/ies-santa-eulalia\/wp-json\/wp\/v2\/users\/1"}],"replies":[{"embeddable":true,"href":"https:\/\/agora.xtec.cat\/ies-santa-eulalia\/wp-json\/wp\/v2\/comments?post=744"}],"version-history":[{"count":1,"href":"https:\/\/agora.xtec.cat\/ies-santa-eulalia\/wp-json\/wp\/v2\/posts\/744\/revisions"}],"predecessor-version":[{"id":746,"href":"https:\/\/agora.xtec.cat\/ies-santa-eulalia\/wp-json\/wp\/v2\/posts\/744\/revisions\/746"}],"wp:attachment":[{"href":"https:\/\/agora.xtec.cat\/ies-santa-eulalia\/wp-json\/wp\/v2\/media?parent=744"}],"wp:term":[{"taxonomy":"category","embeddable":true,"href":"https:\/\/agora.xtec.cat\/ies-santa-eulalia\/wp-json\/wp\/v2\/categories?post=744"},{"taxonomy":"post_tag","embeddable":true,"href":"https:\/\/agora.xtec.cat\/ies-santa-eulalia\/wp-json\/wp\/v2\/tags?post=744"}],"curies":[{"name":"wp","href":"https:\/\/api.w.org\/{rel}","templated":true}]}}