{"id":7412,"date":"2021-05-10T09:36:05","date_gmt":"2021-05-10T07:36:05","guid":{"rendered":"http:\/\/agora.xtec.cat\/ies-santa-eulalia\/?p=7412"},"modified":"2021-05-10T09:37:41","modified_gmt":"2021-05-10T07:37:41","slug":"punts-de-llibre-per-la-solidaritat","status":"publish","type":"post","link":"https:\/\/agora.xtec.cat\/ies-santa-eulalia\/general\/punts-de-llibre-per-la-solidaritat\/","title":{"rendered":"Punts de llibre per la solidaritat"},"content":{"rendered":"<p class=\"gmail_default\">Durant la setmana anterior a Sant Jordi, els alumnes de 1r i 2n d&#8217;ESO van estar treballant en el projecte &#8220;<strong>Punts de llibre per la solidaritat<\/strong>&#8221; des de les tutories, organitzat per l&#8217;<strong>ONG Save the Children<\/strong>. Van decorar uns punts de llibre per a poder vendre&#8217;ls a les fam\u00edlies i a la comunitat educativa. Per la Diada van recollir 1.000,00 euros. Tot un repte!!!!<\/p>\n<p class=\"gmail_default\">Els diners aconseguits han anat destinats als programes educatius i de protecci\u00f3 dels nens i nenes refugiats rohingya. Fa 4 anys, aquesta poblaci\u00f3 va ser expulsada del seu territori, Myanmar (Birm\u00e0nia), de forma tr\u00e0gica. 600.000 nens rohingya, junt amb les seves fam\u00edlies, viuen en un camp de refugiats de Bangladesh i depenen \u00fanica i exclusivament dels ajuts de les organitzacions humanit\u00e0ries.<\/p>\n<p class=\"gmail_default\">Des de l&#8217;institut aplaudim la dedicaci\u00f3 i entrega dels nostres alumnes cap els nens rohingya; agra\u00efm a les fam\u00edlies que han participat amb les seves donacions i a tot el professorat i PAS que tamb\u00e9 hi han contribu\u00eft.<\/p>\n<p class=\"gmail_default\">L&#8217;ONG ha entregat un diploma a cada alumne com agra\u00efment per la feina.<\/p>\n<p class=\"gmail_default\"><strong>Moltes gr\u00e0cies a tothom per la vostra solidaritat!!!!<\/strong><\/p>\n<div class=\"gmail_default\">\n<table style=\"height: 8px;\" width=\"1060\">\n<tbody>\n<tr>\n<td style=\"width: 350px;\"><a href=\"https:\/\/agora.xtec.cat\/ies-santa-eulalia\/wp-content\/uploads\/usu1612\/2021\/05\/PHOTO-2021-04-23-14-10-16.jpg\"><img loading=\"lazy\" decoding=\"async\" class=\"alignnone size-full wp-image-7413\" src=\"https:\/\/agora.xtec.cat\/ies-santa-eulalia\/wp-content\/uploads\/usu1612\/2021\/05\/PHOTO-2021-04-23-14-10-16.jpg\" alt=\"\" width=\"1600\" height=\"900\" srcset=\"https:\/\/agora.xtec.cat\/ies-santa-eulalia\/wp-content\/uploads\/usu1612\/2021\/05\/PHOTO-2021-04-23-14-10-16.jpg 1600w, https:\/\/agora.xtec.cat\/ies-santa-eulalia\/wp-content\/uploads\/usu1612\/2021\/05\/PHOTO-2021-04-23-14-10-16-300x169.jpg 300w, https:\/\/agora.xtec.cat\/ies-santa-eulalia\/wp-content\/uploads\/usu1612\/2021\/05\/PHOTO-2021-04-23-14-10-16-768x432.jpg 768w, https:\/\/agora.xtec.cat\/ies-santa-eulalia\/wp-content\/uploads\/usu1612\/2021\/05\/PHOTO-2021-04-23-14-10-16-1024x576.jpg 1024w\" sizes=\"auto, (max-width: 1600px) 100vw, 1600px\" \/><\/a><\/td>\n<td style=\"width: 350px;\"><a href=\"https:\/\/agora.xtec.cat\/ies-santa-eulalia\/wp-content\/uploads\/usu1612\/2021\/05\/PHOTO-2021-05-03-12-37-24.jpg\"><img loading=\"lazy\" decoding=\"async\" class=\"alignnone size-full wp-image-7414\" src=\"https:\/\/agora.xtec.cat\/ies-santa-eulalia\/wp-content\/uploads\/usu1612\/2021\/05\/PHOTO-2021-05-03-12-37-24.jpg\" alt=\"\" width=\"1024\" height=\"768\" srcset=\"https:\/\/agora.xtec.cat\/ies-santa-eulalia\/wp-content\/uploads\/usu1612\/2021\/05\/PHOTO-2021-05-03-12-37-24.jpg 1024w, https:\/\/agora.xtec.cat\/ies-santa-eulalia\/wp-content\/uploads\/usu1612\/2021\/05\/PHOTO-2021-05-03-12-37-24-300x225.jpg 300w, https:\/\/agora.xtec.cat\/ies-santa-eulalia\/wp-content\/uploads\/usu1612\/2021\/05\/PHOTO-2021-05-03-12-37-24-768x576.jpg 768w, https:\/\/agora.xtec.cat\/ies-santa-eulalia\/wp-content\/uploads\/usu1612\/2021\/05\/PHOTO-2021-05-03-12-37-24-200x150.jpg 200w\" sizes=\"auto, (max-width: 1024px) 100vw, 1024px\" \/><\/a><\/td>\n<td style=\"width: 350px;\"><a href=\"https:\/\/agora.xtec.cat\/ies-santa-eulalia\/wp-content\/uploads\/usu1612\/2021\/05\/IMG_1610-1.jpg\"><img loading=\"lazy\" decoding=\"async\" class=\"alignnone size-full wp-image-7415\" src=\"https:\/\/agora.xtec.cat\/ies-santa-eulalia\/wp-content\/uploads\/usu1612\/2021\/05\/IMG_1610-1.jpg\" alt=\"\" width=\"3787\" height=\"2581\" srcset=\"https:\/\/agora.xtec.cat\/ies-santa-eulalia\/wp-content\/uploads\/usu1612\/2021\/05\/IMG_1610-1.jpg 3787w, https:\/\/agora.xtec.cat\/ies-santa-eulalia\/wp-content\/uploads\/usu1612\/2021\/05\/IMG_1610-1-300x204.jpg 300w, https:\/\/agora.xtec.cat\/ies-santa-eulalia\/wp-content\/uploads\/usu1612\/2021\/05\/IMG_1610-1-768x523.jpg 768w, https:\/\/agora.xtec.cat\/ies-santa-eulalia\/wp-content\/uploads\/usu1612\/2021\/05\/IMG_1610-1-1024x698.jpg 1024w\" sizes=\"auto, (max-width: 3787px) 100vw, 3787px\" \/><\/a><\/td>\n<\/tr>\n<\/tbody>\n<\/table>\n<\/div>\n<p>&nbsp;<\/p>\n","protected":false},"excerpt":{"rendered":"<p>Durant la setmana anterior a Sant Jordi, els alumnes de 1r i 2n d&#8217;ESO van estar treballant en el projecte &#8220;Punts de llibre per la solidaritat&#8221; des de les tutories, organitzat per l&#8217;ONG Save the Children. Van decorar uns punts de llibre per a poder&hellip;  <a href=\"https:\/\/agora.xtec.cat\/ies-santa-eulalia\/general\/punts-de-llibre-per-la-solidaritat\/\" title=\"Read Punts de llibre per la solidaritat\">Llegeix m\u00e9s\u00bb<\/a><\/p>\n","protected":false},"author":1,"featured_media":7413,"comment_status":"open","ping_status":"closed","sticky":false,"template":"","format":"standard","meta":{"_bbp_topic_count":0,"_bbp_reply_count":0,"_bbp_total_topic_count":0,"_bbp_total_reply_count":0,"_bbp_voice_count":0,"_bbp_anonymous_reply_count":0,"_bbp_topic_count_hidden":0,"_bbp_reply_count_hidden":0,"_bbp_forum_subforum_count":0,"footnotes":""},"categories":[3,1,29],"tags":[],"class_list":["post-7412","post","type-post","status-publish","format-standard","has-post-thumbnail","hentry","category-eso","category-general","category-portada"],"post_mailing_queue_ids":[],"_links":{"self":[{"href":"https:\/\/agora.xtec.cat\/ies-santa-eulalia\/wp-json\/wp\/v2\/posts\/7412","targetHints":{"allow":["GET"]}}],"collection":[{"href":"https:\/\/agora.xtec.cat\/ies-santa-eulalia\/wp-json\/wp\/v2\/posts"}],"about":[{"href":"https:\/\/agora.xtec.cat\/ies-santa-eulalia\/wp-json\/wp\/v2\/types\/post"}],"author":[{"embeddable":true,"href":"https:\/\/agora.xtec.cat\/ies-santa-eulalia\/wp-json\/wp\/v2\/users\/1"}],"replies":[{"embeddable":true,"href":"https:\/\/agora.xtec.cat\/ies-santa-eulalia\/wp-json\/wp\/v2\/comments?post=7412"}],"version-history":[{"count":1,"href":"https:\/\/agora.xtec.cat\/ies-santa-eulalia\/wp-json\/wp\/v2\/posts\/7412\/revisions"}],"predecessor-version":[{"id":7416,"href":"https:\/\/agora.xtec.cat\/ies-santa-eulalia\/wp-json\/wp\/v2\/posts\/7412\/revisions\/7416"}],"wp:featuredmedia":[{"embeddable":true,"href":"https:\/\/agora.xtec.cat\/ies-santa-eulalia\/wp-json\/wp\/v2\/media\/7413"}],"wp:attachment":[{"href":"https:\/\/agora.xtec.cat\/ies-santa-eulalia\/wp-json\/wp\/v2\/media?parent=7412"}],"wp:term":[{"taxonomy":"category","embeddable":true,"href":"https:\/\/agora.xtec.cat\/ies-santa-eulalia\/wp-json\/wp\/v2\/categories?post=7412"},{"taxonomy":"post_tag","embeddable":true,"href":"https:\/\/agora.xtec.cat\/ies-santa-eulalia\/wp-json\/wp\/v2\/tags?post=7412"}],"curies":[{"name":"wp","href":"https:\/\/api.w.org\/{rel}","templated":true}]}}