{"id":7389,"date":"2021-05-05T14:18:18","date_gmt":"2021-05-05T12:18:18","guid":{"rendered":"http:\/\/agora.xtec.cat\/ies-santa-eulalia\/?p=7389"},"modified":"2021-05-05T14:28:02","modified_gmt":"2021-05-05T12:28:02","slug":"el-gust-per-la-lectura","status":"publish","type":"post","link":"https:\/\/agora.xtec.cat\/ies-santa-eulalia\/general\/el-gust-per-la-lectura\/","title":{"rendered":"El gust per la lectura"},"content":{"rendered":"<p><a href=\"https:\/\/drive.google.com\/file\/d\/1QmDFrQY4hDjSLsBTR9m3a5_kd0SrP-S_\/view\"><img loading=\"lazy\" decoding=\"async\" class=\" wp-image-7391 alignleft\" src=\"https:\/\/agora.xtec.cat\/ies-santa-eulalia\/wp-content\/uploads\/usu1612\/2021\/05\/gustlectura.jpeg\" alt=\"\" width=\"213\" height=\"212\" srcset=\"https:\/\/agora.xtec.cat\/ies-santa-eulalia\/wp-content\/uploads\/usu1612\/2021\/05\/gustlectura.jpeg 500w, https:\/\/agora.xtec.cat\/ies-santa-eulalia\/wp-content\/uploads\/usu1612\/2021\/05\/gustlectura-150x150.jpeg 150w, https:\/\/agora.xtec.cat\/ies-santa-eulalia\/wp-content\/uploads\/usu1612\/2021\/05\/gustlectura-300x298.jpeg 300w\" sizes=\"auto, (max-width: 213px) 100vw, 213px\" \/><\/a><img loading=\"lazy\" decoding=\"async\" class=\" wp-image-7383 alignright\" src=\"https:\/\/agora.xtec.cat\/ies-santa-eulalia\/wp-content\/uploads\/usu1612\/2021\/05\/2021_HI-PARTICIPEM_petit-noulogo-1.png\" alt=\"\" width=\"207\" height=\"207\" srcset=\"https:\/\/agora.xtec.cat\/ies-santa-eulalia\/wp-content\/uploads\/usu1612\/2021\/05\/2021_HI-PARTICIPEM_petit-noulogo-1.png 375w, https:\/\/agora.xtec.cat\/ies-santa-eulalia\/wp-content\/uploads\/usu1612\/2021\/05\/2021_HI-PARTICIPEM_petit-noulogo-1-150x150.png 150w, https:\/\/agora.xtec.cat\/ies-santa-eulalia\/wp-content\/uploads\/usu1612\/2021\/05\/2021_HI-PARTICIPEM_petit-noulogo-1-300x300.png 300w\" sizes=\"auto, (max-width: 207px) 100vw, 207px\" \/>Un curs m\u00e9s els alumnes del nostre institut participen del Concurs del Gust per la Lectura, organitzat pel Departament d&#8217;Educaci\u00f3. Enguany els alumnes de 1rB d&#8217;ESO han llegit l&#8217;obra <i>El malefici de la reina d&#8217;Hongria<\/i>, de Maria Aur\u00e8lia Capmany i han fet un bibliotr\u00e0iler per animar-vos a tots a llegir aquesta novel\u00b7la tan apassionant i plena d&#8217;aventures!<\/p>\n<p>Podeu veure el tr\u00e0iler fent clic sobre la imatge.<\/p>\n<h5><strong>Esperem que us agradi!<\/strong><\/h5>\n<p>&nbsp;<\/p>\n","protected":false},"excerpt":{"rendered":"<p><a href=\"https:\/\/drive.google.com\/file\/d\/1QmDFrQY4hDjSLsBTR9m3a5_kd0SrP-S_\/view\"><\/a>Un curs m\u00e9s els alumnes del nostre institut participen del Concurs del Gust per la Lectura, organitzat pel Departament d&#8217;Educaci\u00f3. Enguany els alumnes de 1rB d&#8217;ESO han llegit l&#8217;obra El malefici de la reina d&#8217;Hongria, de Maria Aur\u00e8lia Capmany i han fet un bibliotr\u00e0iler&hellip;  <a href=\"https:\/\/agora.xtec.cat\/ies-santa-eulalia\/general\/el-gust-per-la-lectura\/\" title=\"Read El gust per la lectura\">Llegeix m\u00e9s\u00bb<\/a><\/p>\n","protected":false},"author":1,"featured_media":7383,"comment_status":"open","ping_status":"closed","sticky":false,"template":"","format":"standard","meta":{"_bbp_topic_count":0,"_bbp_reply_count":0,"_bbp_total_topic_count":0,"_bbp_total_reply_count":0,"_bbp_voice_count":0,"_bbp_anonymous_reply_count":0,"_bbp_topic_count_hidden":0,"_bbp_reply_count_hidden":0,"_bbp_forum_subforum_count":0,"footnotes":""},"categories":[136,3,1,29],"tags":[],"class_list":["post-7389","post","type-post","status-publish","format-standard","has-post-thumbnail","hentry","category-novetats-catala","category-eso","category-general","category-portada"],"post_mailing_queue_ids":[],"_links":{"self":[{"href":"https:\/\/agora.xtec.cat\/ies-santa-eulalia\/wp-json\/wp\/v2\/posts\/7389","targetHints":{"allow":["GET"]}}],"collection":[{"href":"https:\/\/agora.xtec.cat\/ies-santa-eulalia\/wp-json\/wp\/v2\/posts"}],"about":[{"href":"https:\/\/agora.xtec.cat\/ies-santa-eulalia\/wp-json\/wp\/v2\/types\/post"}],"author":[{"embeddable":true,"href":"https:\/\/agora.xtec.cat\/ies-santa-eulalia\/wp-json\/wp\/v2\/users\/1"}],"replies":[{"embeddable":true,"href":"https:\/\/agora.xtec.cat\/ies-santa-eulalia\/wp-json\/wp\/v2\/comments?post=7389"}],"version-history":[{"count":3,"href":"https:\/\/agora.xtec.cat\/ies-santa-eulalia\/wp-json\/wp\/v2\/posts\/7389\/revisions"}],"predecessor-version":[{"id":7394,"href":"https:\/\/agora.xtec.cat\/ies-santa-eulalia\/wp-json\/wp\/v2\/posts\/7389\/revisions\/7394"}],"wp:featuredmedia":[{"embeddable":true,"href":"https:\/\/agora.xtec.cat\/ies-santa-eulalia\/wp-json\/wp\/v2\/media\/7383"}],"wp:attachment":[{"href":"https:\/\/agora.xtec.cat\/ies-santa-eulalia\/wp-json\/wp\/v2\/media?parent=7389"}],"wp:term":[{"taxonomy":"category","embeddable":true,"href":"https:\/\/agora.xtec.cat\/ies-santa-eulalia\/wp-json\/wp\/v2\/categories?post=7389"},{"taxonomy":"post_tag","embeddable":true,"href":"https:\/\/agora.xtec.cat\/ies-santa-eulalia\/wp-json\/wp\/v2\/tags?post=7389"}],"curies":[{"name":"wp","href":"https:\/\/api.w.org\/{rel}","templated":true}]}}