{"id":737,"date":"2017-05-17T11:37:52","date_gmt":"2017-05-17T09:37:52","guid":{"rendered":"http:\/\/agora.xtec.cat\/ies-santa-eulalia\/?p=737"},"modified":"2018-10-03T09:36:56","modified_gmt":"2018-10-03T07:36:56","slug":"avaluacions-externes","status":"publish","type":"post","link":"https:\/\/agora.xtec.cat\/ies-santa-eulalia\/eso\/avaluacions-externes\/","title":{"rendered":"Avaluacions externes"},"content":{"rendered":"<p>&nbsp;<\/p>\n<p>Aquesta \u00e9s una\u00a0avaluaci\u00f3 externa\u00a0que fa tot l\u2019alumnat de quart d\u2019ESO de Catalunya, de centres p\u00fablics i privats, amb una\u00a0prova elaborada pel Consell Superior d\u2019Avaluaci\u00f3 del Sistema Educatiu. Avalua les compet\u00e8ncies i coneixements b\u00e0sics que ha d\u2019haver adquirit l\u2019alumnat al final de l\u2019ESO en Llengua Catalana, Castellana, Anglesa, Matem\u00e0tiques i Cient\u00edfico-Tecnol\u00f2gica.<\/p>\n<p>\u00c9s una avaluaci\u00f3 externa de car\u00e0cter informatiu, formatiu i orientador, que vol ser una eina al servei dels centres, del professorat i de l&#8217;alumnat per impulsar la millora global del sistema educatiu catal\u00e0. \u00c9s una activitat educativa i, com a tal, t\u00e9 car\u00e0cter obligatori, at\u00e8s que est\u00e0 configurada com un dret i un deure dels alumnes.<\/p>\n<h4><\/h4>\n<h4><\/h4>\n<h4>Calendari de proves per al curs 2018-2019<\/h4>\n<p>&nbsp;<\/p>\n<p>Enguany es realitzaran les proves d&#8217;avaluaci\u00f3 diagn\u00f2stica els dies 12 i 13 de febrer<\/p>\n<p>Consulta aquests enlla\u00e7os a la web del Departament d&#8217;Ensenyament, on trobar\u00e0s:<\/p>\n<p><a href=\"http:\/\/csda.gencat.cat\/ca\/arees_d_actuacio\/avaluacions-consell\/\">informaci\u00f3 general i models de proves de l&#8217;avaluaci\u00f3 diagn\u00f2stica<\/a>\u00a0de 3r d&#8217;ESO i<\/p>\n<p><a href=\"http:\/\/www20.gencat.cat\/portal\/site\/ensenyament\/menuitem.d9cf94acff010a2b74f751dab0c0e1a0\/?vgnextoid=f4ca1984544fa310VgnVCM1000008d0c1e0aRCRD\">informaci\u00f3 general<\/a>\u00a0i\u00a0<a href=\"http:\/\/csda.gencat.cat\/ca\/arees_d_actuacio\/avaluacions-consell\/avaluacio-quart-eso\/2018\/\">models de proves d&#8217;avaluaci\u00f3<\/a>\u00a0 de \u00a04t d&#8217;ESO<\/p>\n<p>&nbsp;<\/p>\n<p>&nbsp;<\/p>\n","protected":false},"excerpt":{"rendered":"<p>&nbsp;<br \/>\nAquesta \u00e9s una\u00a0avaluaci\u00f3 externa\u00a0que fa tot l\u2019alumnat de quart d\u2019ESO de Catalunya, de centres p\u00fablics i privats, amb una\u00a0prova elaborada pel Consell Superior d\u2019Avaluaci\u00f3 del Sistema Educatiu. Avalua les compet\u00e8ncies i coneixements b\u00e0sics que ha d\u2019haver adquirit l\u2019alumnat al final de l\u2019ESO en Llengua Catalana,&hellip;  <a href=\"https:\/\/agora.xtec.cat\/ies-santa-eulalia\/eso\/avaluacions-externes\/\" title=\"Read Avaluacions externes\">Llegeix m\u00e9s\u00bb<\/a><\/p>\n","protected":false},"author":1,"featured_media":0,"comment_status":"open","ping_status":"closed","sticky":false,"template":"","format":"standard","meta":{"_bbp_topic_count":0,"_bbp_reply_count":0,"_bbp_total_topic_count":0,"_bbp_total_reply_count":0,"_bbp_voice_count":0,"_bbp_anonymous_reply_count":0,"_bbp_topic_count_hidden":0,"_bbp_reply_count_hidden":0,"_bbp_forum_subforum_count":0,"footnotes":""},"categories":[3],"tags":[],"class_list":["post-737","post","type-post","status-publish","format-standard","hentry","category-eso"],"post_mailing_queue_ids":[],"_links":{"self":[{"href":"https:\/\/agora.xtec.cat\/ies-santa-eulalia\/wp-json\/wp\/v2\/posts\/737","targetHints":{"allow":["GET"]}}],"collection":[{"href":"https:\/\/agora.xtec.cat\/ies-santa-eulalia\/wp-json\/wp\/v2\/posts"}],"about":[{"href":"https:\/\/agora.xtec.cat\/ies-santa-eulalia\/wp-json\/wp\/v2\/types\/post"}],"author":[{"embeddable":true,"href":"https:\/\/agora.xtec.cat\/ies-santa-eulalia\/wp-json\/wp\/v2\/users\/1"}],"replies":[{"embeddable":true,"href":"https:\/\/agora.xtec.cat\/ies-santa-eulalia\/wp-json\/wp\/v2\/comments?post=737"}],"version-history":[{"count":4,"href":"https:\/\/agora.xtec.cat\/ies-santa-eulalia\/wp-json\/wp\/v2\/posts\/737\/revisions"}],"predecessor-version":[{"id":2819,"href":"https:\/\/agora.xtec.cat\/ies-santa-eulalia\/wp-json\/wp\/v2\/posts\/737\/revisions\/2819"}],"wp:attachment":[{"href":"https:\/\/agora.xtec.cat\/ies-santa-eulalia\/wp-json\/wp\/v2\/media?parent=737"}],"wp:term":[{"taxonomy":"category","embeddable":true,"href":"https:\/\/agora.xtec.cat\/ies-santa-eulalia\/wp-json\/wp\/v2\/categories?post=737"},{"taxonomy":"post_tag","embeddable":true,"href":"https:\/\/agora.xtec.cat\/ies-santa-eulalia\/wp-json\/wp\/v2\/tags?post=737"}],"curies":[{"name":"wp","href":"https:\/\/api.w.org\/{rel}","templated":true}]}}