{"id":7361,"date":"2021-04-21T12:00:36","date_gmt":"2021-04-21T10:00:36","guid":{"rendered":"http:\/\/agora.xtec.cat\/ies-santa-eulalia\/?p=7361"},"modified":"2021-04-21T12:01:08","modified_gmt":"2021-04-21T10:01:08","slug":"nova-sessio-de-lescola-de-families-2","status":"publish","type":"post","link":"https:\/\/agora.xtec.cat\/ies-santa-eulalia\/general\/nova-sessio-de-lescola-de-families-2\/","title":{"rendered":"Nova sessi\u00f3 de l&#8217;escola de fam\u00edlies"},"content":{"rendered":"<p><a href=\"https:\/\/agora.xtec.cat\/ies-santa-eulalia\/wp-content\/uploads\/usu1612\/2021\/04\/27.4.21-JOANA-GALLARDO.-SANTA-EULALIA-CASTELLANO.pdf\"><img loading=\"lazy\" decoding=\"async\" class=\"size-full wp-image-7362 alignleft\" src=\"https:\/\/agora.xtec.cat\/ies-santa-eulalia\/wp-content\/uploads\/usu1612\/2021\/04\/escolafam274.png\" alt=\"\" width=\"396\" height=\"512\" srcset=\"https:\/\/agora.xtec.cat\/ies-santa-eulalia\/wp-content\/uploads\/usu1612\/2021\/04\/escolafam274.png 396w, https:\/\/agora.xtec.cat\/ies-santa-eulalia\/wp-content\/uploads\/usu1612\/2021\/04\/escolafam274-232x300.png 232w\" sizes=\"auto, (max-width: 396px) 100vw, 396px\" \/><\/a><\/p>\n<p>&nbsp;<\/p>\n<p>Una vegada m\u00e9s, s&#8217;ofereix als pares i mares la oportunitat d&#8217;assistir de forma gratu\u00efta a una nova sessi\u00f3 de l&#8217;escola de fam\u00edlies. En aquest cas, es proposa donar eines als pares perqu\u00e8 coneguin millor als seus fills. T&#8217;has plantejat mai si el teu fill \u00e9s visual, auditiu o cinest\u00e8sic. Estem segurs que podreu treure molta informaci\u00f3 i aprendre moltes coses que us ajudaran a millorar en la vostra relaci\u00f3 amb els vostres fills i a acompanyar-los millor en el seu aprenentatge.<\/p>\n<p>Us hi esperem! No falteu!<\/p>\n<p>La sessi\u00f3 es far\u00e0 el dimarts 27 d&#8217;abril de forma online i \u00e9s a c\u00e0rrec de la Joana Gallardo, professora molt estimada del centre.<\/p>\n<p><strong> Feu clic a la imatge per tenir m\u00e9s informaci\u00f3 sobre com accedir-hi.<\/strong><\/p>\n<p>&nbsp;<\/p>\n","protected":false},"excerpt":{"rendered":"<p><a href=\"https:\/\/agora.xtec.cat\/ies-santa-eulalia\/wp-content\/uploads\/usu1612\/2021\/04\/27.4.21-JOANA-GALLARDO.-SANTA-EULALIA-CASTELLANO.pdf\"><\/a><br \/>\n&nbsp;<br \/>\nUna vegada m\u00e9s, s&#8217;ofereix als pares i mares la oportunitat d&#8217;assistir de forma gratu\u00efta a una nova sessi\u00f3 de l&#8217;escola de fam\u00edlies. En aquest cas, es proposa donar eines als pares perqu\u00e8 coneguin millor als seus fills. T&#8217;has plantejat mai si el teu fill&hellip;  <a href=\"https:\/\/agora.xtec.cat\/ies-santa-eulalia\/general\/nova-sessio-de-lescola-de-families-2\/\" title=\"Read Nova sessi\u00f3 de l&#8217;escola de fam\u00edlies\">Llegeix m\u00e9s\u00bb<\/a><\/p>\n","protected":false},"author":1,"featured_media":7362,"comment_status":"open","ping_status":"closed","sticky":false,"template":"","format":"standard","meta":{"_bbp_topic_count":0,"_bbp_reply_count":0,"_bbp_total_topic_count":0,"_bbp_total_reply_count":0,"_bbp_voice_count":0,"_bbp_anonymous_reply_count":0,"_bbp_topic_count_hidden":0,"_bbp_reply_count_hidden":0,"_bbp_forum_subforum_count":0,"footnotes":""},"categories":[3,1,29],"tags":[],"class_list":["post-7361","post","type-post","status-publish","format-standard","has-post-thumbnail","hentry","category-eso","category-general","category-portada"],"post_mailing_queue_ids":[],"_links":{"self":[{"href":"https:\/\/agora.xtec.cat\/ies-santa-eulalia\/wp-json\/wp\/v2\/posts\/7361","targetHints":{"allow":["GET"]}}],"collection":[{"href":"https:\/\/agora.xtec.cat\/ies-santa-eulalia\/wp-json\/wp\/v2\/posts"}],"about":[{"href":"https:\/\/agora.xtec.cat\/ies-santa-eulalia\/wp-json\/wp\/v2\/types\/post"}],"author":[{"embeddable":true,"href":"https:\/\/agora.xtec.cat\/ies-santa-eulalia\/wp-json\/wp\/v2\/users\/1"}],"replies":[{"embeddable":true,"href":"https:\/\/agora.xtec.cat\/ies-santa-eulalia\/wp-json\/wp\/v2\/comments?post=7361"}],"version-history":[{"count":1,"href":"https:\/\/agora.xtec.cat\/ies-santa-eulalia\/wp-json\/wp\/v2\/posts\/7361\/revisions"}],"predecessor-version":[{"id":7364,"href":"https:\/\/agora.xtec.cat\/ies-santa-eulalia\/wp-json\/wp\/v2\/posts\/7361\/revisions\/7364"}],"wp:featuredmedia":[{"embeddable":true,"href":"https:\/\/agora.xtec.cat\/ies-santa-eulalia\/wp-json\/wp\/v2\/media\/7362"}],"wp:attachment":[{"href":"https:\/\/agora.xtec.cat\/ies-santa-eulalia\/wp-json\/wp\/v2\/media?parent=7361"}],"wp:term":[{"taxonomy":"category","embeddable":true,"href":"https:\/\/agora.xtec.cat\/ies-santa-eulalia\/wp-json\/wp\/v2\/categories?post=7361"},{"taxonomy":"post_tag","embeddable":true,"href":"https:\/\/agora.xtec.cat\/ies-santa-eulalia\/wp-json\/wp\/v2\/tags?post=7361"}],"curies":[{"name":"wp","href":"https:\/\/api.w.org\/{rel}","templated":true}]}}