{"id":7334,"date":"2021-04-14T11:46:53","date_gmt":"2021-04-14T09:46:53","guid":{"rendered":"http:\/\/agora.xtec.cat\/ies-santa-eulalia\/?p=7334"},"modified":"2021-04-14T11:47:39","modified_gmt":"2021-04-14T09:47:39","slug":"setmana-de-la-dona-a-la-siei","status":"publish","type":"post","link":"https:\/\/agora.xtec.cat\/ies-santa-eulalia\/general\/setmana-de-la-dona-a-la-siei\/","title":{"rendered":"Setmana de la Dona a la SIEI"},"content":{"rendered":"<p dir=\"auto\"><a href=\"https:\/\/drive.google.com\/file\/d\/1OE2JkRLMjGsEi74vV6QJ5OA_zbMpgBze\/view?usp=sharing\"><img loading=\"lazy\" decoding=\"async\" class=\"wp-image-7335 alignright\" src=\"https:\/\/agora.xtec.cat\/ies-santa-eulalia\/wp-content\/uploads\/usu1612\/2021\/04\/IMG_20210413_170605-1-1.jpg\" alt=\"\" width=\"368\" height=\"491\" srcset=\"https:\/\/agora.xtec.cat\/ies-santa-eulalia\/wp-content\/uploads\/usu1612\/2021\/04\/IMG_20210413_170605-1-1.jpg 2160w, https:\/\/agora.xtec.cat\/ies-santa-eulalia\/wp-content\/uploads\/usu1612\/2021\/04\/IMG_20210413_170605-1-1-225x300.jpg 225w, https:\/\/agora.xtec.cat\/ies-santa-eulalia\/wp-content\/uploads\/usu1612\/2021\/04\/IMG_20210413_170605-1-1-768x1024.jpg 768w\" sizes=\"auto, (max-width: 368px) 100vw, 368px\" \/><\/a>Aquest any des del SIEI hem aprofitat la setmana de la Dona per treballar tamb\u00e9 continguts de la mat\u00e8ria de socials de 4t ESO. Dues dones ens han guiat per con\u00e8ixer millor un moment de la nostra hist\u00f2ria recent: la guerra civil espanyola i l\u2019exili.<\/p>\n<p dir=\"auto\">De la ma de la Josefina Piquet, la \u201cNena del 36\u201d,\u00a0 revivim els anys de la Guerra civil a Barcelona i les sirenes antia\u00e8ries ens fan de banda sonora.\u00a0 L\u2019acompanyem en \u201cla retirada\u201d, quan tenia 5 anys; els bombardejos de Figueres , la fugida creuant a peu els Pirineus\u00a0 i la deixem a la frontera de Le Perthus, sola amb la seva mare.<\/p>\n<p dir=\"auto\">Creuem la frontera i ens quedem als camps de refugiats, on milers de persones malviuen sobre la sorra de les platges.\u00a0 Aqu\u00ed ens acompanya l\u2019Elisabeth Eidenbenz. Les condicions en les que les dones havien de viure l\u2019embar\u00e0s i la crian\u00e7a dels seus fills feia que la mortalitat infantil en els camps fos del 95%. L\u2019Elisabeth va haver de lluitar molt fins aconseguir crear en un vell casalot una maternitat.\u00a0 Com ella deia,\u00a0 \u201cuna illa de pau en un\u00a0 oce\u00e0 de destrucci\u00f3\u201d on van n\u00e9ixer en poc m\u00e9s de 4 anys 597 infants.<\/p>\n<p dir=\"auto\">Ens hem emocionat escoltant testimonis que de primer ma ens expliquen com van viure aquells moment i hem volgut plasmar tot aix\u00f2 en un mural.<\/p>\n<p dir=\"auto\">Fotografies, petis escrits, dades que ens han impactat i codis QR que ens posen la banda sonora formen part d\u2019aquest mural. Us animem a que us pareu uns minuts davant del mural i, com nosaltres, revisqueu aquest moment de la hist\u00f2ria a trav\u00e9s de la mirada de dues dones: la Josefina i l\u2019Elisabeth<\/p>\n<p dir=\"auto\"><strong>Feu clic sobre la imatge per veure en viu la nostra experi\u00e8ncia.<\/strong><\/p>\n","protected":false},"excerpt":{"rendered":"<p><a href=\"https:\/\/drive.google.com\/file\/d\/1OE2JkRLMjGsEi74vV6QJ5OA_zbMpgBze\/view?usp=sharing\"><\/a>Aquest any des del SIEI hem aprofitat la setmana de la Dona per treballar tamb\u00e9 continguts de la mat\u00e8ria de socials de 4t ESO. Dues dones ens han guiat per con\u00e8ixer millor un moment de la nostra hist\u00f2ria recent: la guerra civil espanyola i&hellip;  <a href=\"https:\/\/agora.xtec.cat\/ies-santa-eulalia\/general\/setmana-de-la-dona-a-la-siei\/\" title=\"Read Setmana de la Dona a la SIEI\">Llegeix m\u00e9s\u00bb<\/a><\/p>\n","protected":false},"author":1,"featured_media":7335,"comment_status":"open","ping_status":"closed","sticky":false,"template":"","format":"standard","meta":{"_bbp_topic_count":0,"_bbp_reply_count":0,"_bbp_total_topic_count":0,"_bbp_total_reply_count":0,"_bbp_voice_count":0,"_bbp_anonymous_reply_count":0,"_bbp_topic_count_hidden":0,"_bbp_reply_count_hidden":0,"_bbp_forum_subforum_count":0,"footnotes":""},"categories":[153,3,1,29],"tags":[],"class_list":["post-7334","post","type-post","status-publish","format-standard","has-post-thumbnail","hentry","category-novetats-siei","category-eso","category-general","category-portada"],"post_mailing_queue_ids":[],"_links":{"self":[{"href":"https:\/\/agora.xtec.cat\/ies-santa-eulalia\/wp-json\/wp\/v2\/posts\/7334","targetHints":{"allow":["GET"]}}],"collection":[{"href":"https:\/\/agora.xtec.cat\/ies-santa-eulalia\/wp-json\/wp\/v2\/posts"}],"about":[{"href":"https:\/\/agora.xtec.cat\/ies-santa-eulalia\/wp-json\/wp\/v2\/types\/post"}],"author":[{"embeddable":true,"href":"https:\/\/agora.xtec.cat\/ies-santa-eulalia\/wp-json\/wp\/v2\/users\/1"}],"replies":[{"embeddable":true,"href":"https:\/\/agora.xtec.cat\/ies-santa-eulalia\/wp-json\/wp\/v2\/comments?post=7334"}],"version-history":[{"count":2,"href":"https:\/\/agora.xtec.cat\/ies-santa-eulalia\/wp-json\/wp\/v2\/posts\/7334\/revisions"}],"predecessor-version":[{"id":7337,"href":"https:\/\/agora.xtec.cat\/ies-santa-eulalia\/wp-json\/wp\/v2\/posts\/7334\/revisions\/7337"}],"wp:featuredmedia":[{"embeddable":true,"href":"https:\/\/agora.xtec.cat\/ies-santa-eulalia\/wp-json\/wp\/v2\/media\/7335"}],"wp:attachment":[{"href":"https:\/\/agora.xtec.cat\/ies-santa-eulalia\/wp-json\/wp\/v2\/media?parent=7334"}],"wp:term":[{"taxonomy":"category","embeddable":true,"href":"https:\/\/agora.xtec.cat\/ies-santa-eulalia\/wp-json\/wp\/v2\/categories?post=7334"},{"taxonomy":"post_tag","embeddable":true,"href":"https:\/\/agora.xtec.cat\/ies-santa-eulalia\/wp-json\/wp\/v2\/tags?post=7334"}],"curies":[{"name":"wp","href":"https:\/\/api.w.org\/{rel}","templated":true}]}}