{"id":7317,"date":"2021-04-09T14:29:16","date_gmt":"2021-04-09T12:29:16","guid":{"rendered":"http:\/\/agora.xtec.cat\/ies-santa-eulalia\/?p=7317"},"modified":"2021-04-09T14:31:56","modified_gmt":"2021-04-09T12:31:56","slug":"taller-india-tenim-les-mateixes-oportunitats","status":"publish","type":"post","link":"https:\/\/agora.xtec.cat\/ies-santa-eulalia\/general\/taller-india-tenim-les-mateixes-oportunitats\/","title":{"rendered":"Taller \u00cdndia, tenim les mateixes oportunitats?"},"content":{"rendered":"<p dir=\"auto\">El passat 9 de mar\u00e7 la <strong>fundaci\u00f3 Vicente Ferrer<\/strong> va fer un taller adre\u00e7at a l&#8217;alumnat de 3r d&#8217;ESO.<\/p>\n<p dir=\"auto\">Mitjan\u00e7ant un joc de rols es va reflexionar sobre <span style=\"color: #800080;\"><strong>la igualtat d&#8217;oportunitats entre homes i dones<\/strong><\/span> i sobre els motius de discriminaci\u00f3.<\/p>\n<p dir=\"auto\">L&#8217;objectiu era con\u00e8ixer el grau d&#8217;escolaritzaci\u00f3 de les nenes i la relaci\u00f3 amb el seu futur per tal de valorar la import\u00e0ncia de l&#8217;educaci\u00f3 com a motor de canvi.<\/p>\n<p dir=\"auto\">\n<p dir=\"auto\"><em>Ha estat tota una experi\u00e8ncia que ha creat un f\u00f2rum de reflexi\u00f3 molt interessant per al nostre alumnat.<\/em><\/p>\n<p dir=\"auto\" style=\"text-align: center;\"><strong>Aprenem &#8211; Reflexionem\u00a0 &#8211;\u00a0 Sentim\u00a0 &#8211;\u00a0 Coneixem el m\u00f3n\u00a0\u00a0<\/strong><\/p>\n<p dir=\"auto\">\n<p dir=\"auto\">Us deixem a continuaci\u00f3 algunes fotos per il\u00b7lustrar com va anar la jornada.<\/p>\n<div dir=\"auto\">\n<table style=\"height: 20px;\" width=\"946\">\n<tbody>\n<tr>\n<td style=\"width: 312px;\"><a href=\"https:\/\/agora.xtec.cat\/ies-santa-eulalia\/wp-content\/uploads\/usu1612\/2021\/04\/IMG_20210312_094236.jpg\"><img loading=\"lazy\" decoding=\"async\" class=\"alignnone size-full wp-image-7318\" src=\"https:\/\/agora.xtec.cat\/ies-santa-eulalia\/wp-content\/uploads\/usu1612\/2021\/04\/IMG_20210312_094236.jpg\" alt=\"\" width=\"2361\" height=\"2017\" srcset=\"https:\/\/agora.xtec.cat\/ies-santa-eulalia\/wp-content\/uploads\/usu1612\/2021\/04\/IMG_20210312_094236.jpg 2361w, https:\/\/agora.xtec.cat\/ies-santa-eulalia\/wp-content\/uploads\/usu1612\/2021\/04\/IMG_20210312_094236-300x256.jpg 300w, https:\/\/agora.xtec.cat\/ies-santa-eulalia\/wp-content\/uploads\/usu1612\/2021\/04\/IMG_20210312_094236-768x656.jpg 768w, https:\/\/agora.xtec.cat\/ies-santa-eulalia\/wp-content\/uploads\/usu1612\/2021\/04\/IMG_20210312_094236-1024x875.jpg 1024w\" sizes=\"auto, (max-width: 2361px) 100vw, 2361px\" \/><\/a><\/td>\n<td style=\"width: 312px;\"><a href=\"https:\/\/agora.xtec.cat\/ies-santa-eulalia\/wp-content\/uploads\/usu1612\/2021\/04\/IMG_20210312_094135.jpg\"><img loading=\"lazy\" decoding=\"async\" class=\"alignnone size-full wp-image-7319\" src=\"https:\/\/agora.xtec.cat\/ies-santa-eulalia\/wp-content\/uploads\/usu1612\/2021\/04\/IMG_20210312_094135.jpg\" alt=\"\" width=\"2328\" height=\"2105\" srcset=\"https:\/\/agora.xtec.cat\/ies-santa-eulalia\/wp-content\/uploads\/usu1612\/2021\/04\/IMG_20210312_094135.jpg 2328w, https:\/\/agora.xtec.cat\/ies-santa-eulalia\/wp-content\/uploads\/usu1612\/2021\/04\/IMG_20210312_094135-300x271.jpg 300w, https:\/\/agora.xtec.cat\/ies-santa-eulalia\/wp-content\/uploads\/usu1612\/2021\/04\/IMG_20210312_094135-768x694.jpg 768w, https:\/\/agora.xtec.cat\/ies-santa-eulalia\/wp-content\/uploads\/usu1612\/2021\/04\/IMG_20210312_094135-1024x926.jpg 1024w\" sizes=\"auto, (max-width: 2328px) 100vw, 2328px\" \/><\/a><\/td>\n<td style=\"width: 312px;\"><a href=\"https:\/\/agora.xtec.cat\/ies-santa-eulalia\/wp-content\/uploads\/usu1612\/2021\/04\/IMG_20210312_094103.jpg\"><img loading=\"lazy\" decoding=\"async\" class=\"alignnone size-full wp-image-7320\" src=\"https:\/\/agora.xtec.cat\/ies-santa-eulalia\/wp-content\/uploads\/usu1612\/2021\/04\/IMG_20210312_094103.jpg\" alt=\"\" width=\"1854\" height=\"2046\" srcset=\"https:\/\/agora.xtec.cat\/ies-santa-eulalia\/wp-content\/uploads\/usu1612\/2021\/04\/IMG_20210312_094103.jpg 1854w, https:\/\/agora.xtec.cat\/ies-santa-eulalia\/wp-content\/uploads\/usu1612\/2021\/04\/IMG_20210312_094103-272x300.jpg 272w, https:\/\/agora.xtec.cat\/ies-santa-eulalia\/wp-content\/uploads\/usu1612\/2021\/04\/IMG_20210312_094103-768x848.jpg 768w, https:\/\/agora.xtec.cat\/ies-santa-eulalia\/wp-content\/uploads\/usu1612\/2021\/04\/IMG_20210312_094103-928x1024.jpg 928w\" sizes=\"auto, (max-width: 1854px) 100vw, 1854px\" \/><\/a><\/td>\n<\/tr>\n<\/tbody>\n<\/table>\n<\/div>\n","protected":false},"excerpt":{"rendered":"<p>El passat 9 de mar\u00e7 la fundaci\u00f3 Vicente Ferrer va fer un taller adre\u00e7at a l&#8217;alumnat de 3r d&#8217;ESO.<br \/>\nMitjan\u00e7ant un joc de rols es va reflexionar sobre la igualtat d&#8217;oportunitats entre homes i dones i sobre els motius de discriminaci\u00f3.<br \/>\nL&#8217;objectiu era con\u00e8ixer el grau d&#8217;escolaritzaci\u00f3&hellip;  <a href=\"https:\/\/agora.xtec.cat\/ies-santa-eulalia\/general\/taller-india-tenim-les-mateixes-oportunitats\/\" title=\"Read Taller \u00cdndia, tenim les mateixes oportunitats?\">Llegeix m\u00e9s\u00bb<\/a><\/p>\n","protected":false},"author":1,"featured_media":7318,"comment_status":"open","ping_status":"closed","sticky":false,"template":"","format":"standard","meta":{"_bbp_topic_count":0,"_bbp_reply_count":0,"_bbp_total_topic_count":0,"_bbp_total_reply_count":0,"_bbp_voice_count":0,"_bbp_anonymous_reply_count":0,"_bbp_topic_count_hidden":0,"_bbp_reply_count_hidden":0,"_bbp_forum_subforum_count":0,"footnotes":""},"categories":[134,3,1,29],"tags":[],"class_list":["post-7317","post","type-post","status-publish","format-standard","has-post-thumbnail","hentry","category-novetats-orientacio-educativa","category-eso","category-general","category-portada"],"post_mailing_queue_ids":[],"_links":{"self":[{"href":"https:\/\/agora.xtec.cat\/ies-santa-eulalia\/wp-json\/wp\/v2\/posts\/7317","targetHints":{"allow":["GET"]}}],"collection":[{"href":"https:\/\/agora.xtec.cat\/ies-santa-eulalia\/wp-json\/wp\/v2\/posts"}],"about":[{"href":"https:\/\/agora.xtec.cat\/ies-santa-eulalia\/wp-json\/wp\/v2\/types\/post"}],"author":[{"embeddable":true,"href":"https:\/\/agora.xtec.cat\/ies-santa-eulalia\/wp-json\/wp\/v2\/users\/1"}],"replies":[{"embeddable":true,"href":"https:\/\/agora.xtec.cat\/ies-santa-eulalia\/wp-json\/wp\/v2\/comments?post=7317"}],"version-history":[{"count":3,"href":"https:\/\/agora.xtec.cat\/ies-santa-eulalia\/wp-json\/wp\/v2\/posts\/7317\/revisions"}],"predecessor-version":[{"id":7323,"href":"https:\/\/agora.xtec.cat\/ies-santa-eulalia\/wp-json\/wp\/v2\/posts\/7317\/revisions\/7323"}],"wp:featuredmedia":[{"embeddable":true,"href":"https:\/\/agora.xtec.cat\/ies-santa-eulalia\/wp-json\/wp\/v2\/media\/7318"}],"wp:attachment":[{"href":"https:\/\/agora.xtec.cat\/ies-santa-eulalia\/wp-json\/wp\/v2\/media?parent=7317"}],"wp:term":[{"taxonomy":"category","embeddable":true,"href":"https:\/\/agora.xtec.cat\/ies-santa-eulalia\/wp-json\/wp\/v2\/categories?post=7317"},{"taxonomy":"post_tag","embeddable":true,"href":"https:\/\/agora.xtec.cat\/ies-santa-eulalia\/wp-json\/wp\/v2\/tags?post=7317"}],"curies":[{"name":"wp","href":"https:\/\/api.w.org\/{rel}","templated":true}]}}