{"id":730,"date":"2017-05-10T12:15:56","date_gmt":"2017-05-10T10:15:56","guid":{"rendered":"http:\/\/agora.xtec.cat\/ies-santa-eulalia\/?p=730"},"modified":"2017-05-10T12:17:08","modified_gmt":"2017-05-10T10:17:08","slug":"accio-tutorial","status":"publish","type":"post","link":"https:\/\/agora.xtec.cat\/ies-santa-eulalia\/eso\/accio-tutorial\/","title":{"rendered":"Acci\u00f3 tutorial"},"content":{"rendered":"<p>&nbsp;<\/p>\n<p>L\u2019acci\u00f3 tutorial a l\u2019ESO es concreta en aquests aspectes:<\/p>\n<p>&nbsp;<\/p>\n<h4>L\u2019acollida de l\u2019alumnat<\/h4>\n<p>Rebuda per part de l\u2019equip directiu, en el cas de l\u2019alumnat de primer d\u2019ESO.<\/p>\n<p>&nbsp;<\/p>\n<h4>L\u2019atenci\u00f3 individual<\/h4>\n<p>Cada tutor o tutora disposa d\u2019una hora setmanal per fer un seguiment individualitzat del seu alumnat, que contempla, entre d\u2019altres, les converses amb l\u2019alumne\/a i les entrevistes amb pares i mares o representants legals.<\/p>\n<p>&nbsp;<\/p>\n<h4>Reunions dels equips docents<\/h4>\n<p>Els tutors i tutores, juntament amb les coordinadores d\u2019ESO\u00a0 i\/o la coordinadora pedag\u00f2gica, convoquen reunions de l\u2019equip docent sempre que ho creuen convenient.<\/p>\n<p>&nbsp;<\/p>\n<h4>Reuni\u00f3 col\u00b7lectiva amb els pares i mares o els responsables legals<\/h4>\n<p>Cada tutor o tutora realitza, un cop comen\u00e7at el curs, una reuni\u00f3 amb els responsables legals dels seu alumnat, per tal d\u2019informar-los sobre els detalls del curs que s\u2019inicia. Aquestes trobades solen ser cap a primers d\u2019octubre.<\/p>\n<p>&nbsp;<\/p>\n<h4>Sessions de tutoria amb el grup d\u2019alumnes<\/h4>\n<p>Cada tutor o tutora t\u00e9 una hora setmanal de tutoria amb els seu grup d\u2019alumnes per atendre les necessitats d\u2019organitzaci\u00f3 o de relaci\u00f3 del grup, i tamb\u00e9 per informar o orientar en tot all\u00f2 que calgui \u00a0i treballar els continguts transversals programats per a la tutoria.<\/p>\n<p>&nbsp;<\/p>\n<h4>Continguts del treball de tutoria a l\u2019aula<\/h4>\n<p>A partir dels blocs tem\u00e0tics generals esmentats al Pla d\u2019Acci\u00f3 Tutorial, les activitats de tutoria a l\u2019aula contemplen els objectius i continguts relacionats amb l\u2019autoconeixement personal i del m\u00f3n que ens envolta, per desenvolupar el criteri\u00a0i l\u2019autonomia personals\u00a0 i la capacitat de treballar en equip, \u00a0de cara a promoure en el noi o noia els valors de la toler\u00e0ncia, la solidaritat, l\u2019inter\u00e8s per superar-se, la participaci\u00f3, la cura de l\u2019entorn, l\u2019esperit cr\u00edtic i la reflexi\u00f3.<\/p>\n","protected":false},"excerpt":{"rendered":"<p>&nbsp;<br \/>\nL\u2019acci\u00f3 tutorial a l\u2019ESO es concreta en aquests aspectes:<br \/>\n&nbsp;<br \/>\nL\u2019acollida de l\u2019alumnat<br \/>\nRebuda per part de l\u2019equip directiu, en el cas de l\u2019alumnat de primer d\u2019ESO.<br \/>\n&nbsp;<br \/>\nL\u2019atenci\u00f3 individual<br \/>\nCada tutor o tutora disposa d\u2019una hora setmanal per fer un seguiment individualitzat del seu alumnat, que contempla, entre d\u2019altres, les&hellip;  <a href=\"https:\/\/agora.xtec.cat\/ies-santa-eulalia\/eso\/accio-tutorial\/\" title=\"Read Acci\u00f3 tutorial\">Llegeix m\u00e9s\u00bb<\/a><\/p>\n","protected":false},"author":1,"featured_media":0,"comment_status":"open","ping_status":"open","sticky":false,"template":"","format":"standard","meta":{"_bbp_topic_count":0,"_bbp_reply_count":0,"_bbp_total_topic_count":0,"_bbp_total_reply_count":0,"_bbp_voice_count":0,"_bbp_anonymous_reply_count":0,"_bbp_topic_count_hidden":0,"_bbp_reply_count_hidden":0,"_bbp_forum_subforum_count":0,"footnotes":""},"categories":[3],"tags":[],"class_list":["post-730","post","type-post","status-publish","format-standard","hentry","category-eso"],"post_mailing_queue_ids":[],"_links":{"self":[{"href":"https:\/\/agora.xtec.cat\/ies-santa-eulalia\/wp-json\/wp\/v2\/posts\/730","targetHints":{"allow":["GET"]}}],"collection":[{"href":"https:\/\/agora.xtec.cat\/ies-santa-eulalia\/wp-json\/wp\/v2\/posts"}],"about":[{"href":"https:\/\/agora.xtec.cat\/ies-santa-eulalia\/wp-json\/wp\/v2\/types\/post"}],"author":[{"embeddable":true,"href":"https:\/\/agora.xtec.cat\/ies-santa-eulalia\/wp-json\/wp\/v2\/users\/1"}],"replies":[{"embeddable":true,"href":"https:\/\/agora.xtec.cat\/ies-santa-eulalia\/wp-json\/wp\/v2\/comments?post=730"}],"version-history":[{"count":2,"href":"https:\/\/agora.xtec.cat\/ies-santa-eulalia\/wp-json\/wp\/v2\/posts\/730\/revisions"}],"predecessor-version":[{"id":733,"href":"https:\/\/agora.xtec.cat\/ies-santa-eulalia\/wp-json\/wp\/v2\/posts\/730\/revisions\/733"}],"wp:attachment":[{"href":"https:\/\/agora.xtec.cat\/ies-santa-eulalia\/wp-json\/wp\/v2\/media?parent=730"}],"wp:term":[{"taxonomy":"category","embeddable":true,"href":"https:\/\/agora.xtec.cat\/ies-santa-eulalia\/wp-json\/wp\/v2\/categories?post=730"},{"taxonomy":"post_tag","embeddable":true,"href":"https:\/\/agora.xtec.cat\/ies-santa-eulalia\/wp-json\/wp\/v2\/tags?post=730"}],"curies":[{"name":"wp","href":"https:\/\/api.w.org\/{rel}","templated":true}]}}