{"id":7284,"date":"2021-03-24T11:53:10","date_gmt":"2021-03-24T10:53:10","guid":{"rendered":"http:\/\/agora.xtec.cat\/ies-santa-eulalia\/?p=7284"},"modified":"2021-03-26T13:54:21","modified_gmt":"2021-03-26T12:54:21","slug":"participa-als-concursos-de-sant-jordi-de-linsti","status":"publish","type":"post","link":"https:\/\/agora.xtec.cat\/ies-santa-eulalia\/general\/participa-als-concursos-de-sant-jordi-de-linsti\/","title":{"rendered":"Participa als concursos de Sant Jordi de l&#8217;insti"},"content":{"rendered":"<p><img loading=\"lazy\" decoding=\"async\" class=\" wp-image-7286 alignright\" src=\"https:\/\/agora.xtec.cat\/ies-santa-eulalia\/wp-content\/uploads\/usu1612\/2021\/03\/sant-jordi.jpg\" alt=\"\" width=\"455\" height=\"240\" srcset=\"https:\/\/agora.xtec.cat\/ies-santa-eulalia\/wp-content\/uploads\/usu1612\/2021\/03\/sant-jordi.jpg 1200w, https:\/\/agora.xtec.cat\/ies-santa-eulalia\/wp-content\/uploads\/usu1612\/2021\/03\/sant-jordi-300x159.jpg 300w, https:\/\/agora.xtec.cat\/ies-santa-eulalia\/wp-content\/uploads\/usu1612\/2021\/03\/sant-jordi-768x406.jpg 768w, https:\/\/agora.xtec.cat\/ies-santa-eulalia\/wp-content\/uploads\/usu1612\/2021\/03\/sant-jordi-1024x541.jpg 1024w\" sizes=\"auto, (max-width: 455px) 100vw, 455px\" \/>S&#8217;apropa el dia <strong>23 d&#8217;abril<\/strong> i us animem a tots els alumnes i les alumnes del nostre centre, ja sigui d&#8217;eso com batxillerat, a participar en algun dels diferents concursos de <strong>Sant Jordi<\/strong>. Enguany en tenim de tot tipus i colors, i hi haur\u00e0 premi pels millors.<\/p>\n<p>Teniu <span style=\"color: #339966;\"><strong>concursos de producci\u00f3 liter\u00e0ria en catal\u00e0, castell\u00e0 o angl\u00e8s<\/strong><\/span>. Qui escriur\u00e0 el text m\u00e9s original? Tamb\u00e9 podeu escriure <span style=\"color: #993300;\"><strong>un relat m\u00e9s hist\u00f2ric<\/strong><\/span> i participar al concurs que proposa el departament de socials. Des de ci\u00e8ncies, us animen a escriure els seus famosos <strong><span style=\"color: #0000ff;\">microrelats cient\u00edfics<\/span><\/strong> i des de visual i pl\u00e0stica us animen a treure fora tota la vostra creativitat en la creaci\u00f3 d&#8217;un <span style=\"color: #ff6600;\"><strong>punt de llibre<\/strong><\/span> o d&#8217;<span style=\"color: #ff6600;\"><strong>un cartell per l&#8217;obra de teatre<\/strong><\/span> del nostre grup de teatre Ela-Ela. I des de matem\u00e0tiques, us conviden a tenir els ulls ben oberts, ja que en qualsevol moment podeu fer una foto a alguna cosa que us cridi l&#8217;atenci\u00f3 i ja tindreu <strong><span style=\"color: #ff0000;\">una perfecta foto matem\u00e0tica<\/span><\/strong> per concursar.<\/p>\n<p>Podeu consultar les bases dels diferents concursos <a href=\"https:\/\/agora.xtec.cat\/ies-santa-eulalia\/wp-content\/uploads\/usu1612\/2021\/03\/CONCURSOS-SANT-JORDI.pdf\"><span style=\"color: #ffcc00;\"><strong>aqu\u00ed<\/strong><\/span><\/a>.<\/p>\n<h6>Estem conven\u00e7uts que entre tots podrem fer un gran Sant Jordi. Frisem per poder veure els vostres treballs.<\/h6>\n<table style=\"height: 24px;\" width=\"940\">\n<tbody>\n<tr>\n<td style=\"width: 476px;\"><img loading=\"lazy\" decoding=\"async\" class=\"alignnone size-full wp-image-7291\" src=\"https:\/\/agora.xtec.cat\/ies-santa-eulalia\/wp-content\/uploads\/usu1612\/2021\/03\/20210325_124222.jpg\" alt=\"\" width=\"1355\" height=\"1892\" srcset=\"https:\/\/agora.xtec.cat\/ies-santa-eulalia\/wp-content\/uploads\/usu1612\/2021\/03\/20210325_124222.jpg 1355w, https:\/\/agora.xtec.cat\/ies-santa-eulalia\/wp-content\/uploads\/usu1612\/2021\/03\/20210325_124222-215x300.jpg 215w, https:\/\/agora.xtec.cat\/ies-santa-eulalia\/wp-content\/uploads\/usu1612\/2021\/03\/20210325_124222-768x1072.jpg 768w, https:\/\/agora.xtec.cat\/ies-santa-eulalia\/wp-content\/uploads\/usu1612\/2021\/03\/20210325_124222-733x1024.jpg 733w\" sizes=\"auto, (max-width: 1355px) 100vw, 1355px\" \/><\/td>\n<td style=\"width: 456px;\"><img loading=\"lazy\" decoding=\"async\" class=\"alignnone size-full wp-image-7292\" src=\"https:\/\/agora.xtec.cat\/ies-santa-eulalia\/wp-content\/uploads\/usu1612\/2021\/03\/20210325_124207.jpg\" alt=\"\" width=\"1423\" height=\"2086\" srcset=\"https:\/\/agora.xtec.cat\/ies-santa-eulalia\/wp-content\/uploads\/usu1612\/2021\/03\/20210325_124207.jpg 1423w, https:\/\/agora.xtec.cat\/ies-santa-eulalia\/wp-content\/uploads\/usu1612\/2021\/03\/20210325_124207-205x300.jpg 205w, https:\/\/agora.xtec.cat\/ies-santa-eulalia\/wp-content\/uploads\/usu1612\/2021\/03\/20210325_124207-768x1126.jpg 768w, https:\/\/agora.xtec.cat\/ies-santa-eulalia\/wp-content\/uploads\/usu1612\/2021\/03\/20210325_124207-699x1024.jpg 699w\" sizes=\"auto, (max-width: 1423px) 100vw, 1423px\" \/><\/td>\n<\/tr>\n<\/tbody>\n<\/table>\n","protected":false},"excerpt":{"rendered":"<p>S&#8217;apropa el dia 23 d&#8217;abril i us animem a tots els alumnes i les alumnes del nostre centre, ja sigui d&#8217;eso com batxillerat, a participar en algun dels diferents concursos de Sant Jordi. Enguany en tenim de tot tipus i colors, i hi haur\u00e0 premi&hellip;  <a href=\"https:\/\/agora.xtec.cat\/ies-santa-eulalia\/general\/participa-als-concursos-de-sant-jordi-de-linsti\/\" title=\"Read Participa als concursos de Sant Jordi de l&#8217;insti\">Llegeix m\u00e9s\u00bb<\/a><\/p>\n","protected":false},"author":1,"featured_media":7290,"comment_status":"open","ping_status":"closed","sticky":false,"template":"","format":"standard","meta":{"_bbp_topic_count":0,"_bbp_reply_count":0,"_bbp_total_topic_count":0,"_bbp_total_reply_count":0,"_bbp_voice_count":0,"_bbp_anonymous_reply_count":0,"_bbp_topic_count_hidden":0,"_bbp_reply_count_hidden":0,"_bbp_forum_subforum_count":0,"footnotes":""},"categories":[8,3,1,29,166],"tags":[],"class_list":["post-7284","post","type-post","status-publish","format-standard","has-post-thumbnail","hentry","category-batxillerat","category-eso","category-general","category-portada","category-sant-jordi"],"post_mailing_queue_ids":[],"_links":{"self":[{"href":"https:\/\/agora.xtec.cat\/ies-santa-eulalia\/wp-json\/wp\/v2\/posts\/7284","targetHints":{"allow":["GET"]}}],"collection":[{"href":"https:\/\/agora.xtec.cat\/ies-santa-eulalia\/wp-json\/wp\/v2\/posts"}],"about":[{"href":"https:\/\/agora.xtec.cat\/ies-santa-eulalia\/wp-json\/wp\/v2\/types\/post"}],"author":[{"embeddable":true,"href":"https:\/\/agora.xtec.cat\/ies-santa-eulalia\/wp-json\/wp\/v2\/users\/1"}],"replies":[{"embeddable":true,"href":"https:\/\/agora.xtec.cat\/ies-santa-eulalia\/wp-json\/wp\/v2\/comments?post=7284"}],"version-history":[{"count":3,"href":"https:\/\/agora.xtec.cat\/ies-santa-eulalia\/wp-json\/wp\/v2\/posts\/7284\/revisions"}],"predecessor-version":[{"id":7295,"href":"https:\/\/agora.xtec.cat\/ies-santa-eulalia\/wp-json\/wp\/v2\/posts\/7284\/revisions\/7295"}],"wp:featuredmedia":[{"embeddable":true,"href":"https:\/\/agora.xtec.cat\/ies-santa-eulalia\/wp-json\/wp\/v2\/media\/7290"}],"wp:attachment":[{"href":"https:\/\/agora.xtec.cat\/ies-santa-eulalia\/wp-json\/wp\/v2\/media?parent=7284"}],"wp:term":[{"taxonomy":"category","embeddable":true,"href":"https:\/\/agora.xtec.cat\/ies-santa-eulalia\/wp-json\/wp\/v2\/categories?post=7284"},{"taxonomy":"post_tag","embeddable":true,"href":"https:\/\/agora.xtec.cat\/ies-santa-eulalia\/wp-json\/wp\/v2\/tags?post=7284"}],"curies":[{"name":"wp","href":"https:\/\/api.w.org\/{rel}","templated":true}]}}