{"id":7275,"date":"2021-03-24T11:10:00","date_gmt":"2021-03-24T10:10:00","guid":{"rendered":"http:\/\/agora.xtec.cat\/ies-santa-eulalia\/?p=7275"},"modified":"2021-03-24T11:11:57","modified_gmt":"2021-03-24T10:11:57","slug":"escola-inclusiva-i-diversitat","status":"publish","type":"post","link":"https:\/\/agora.xtec.cat\/ies-santa-eulalia\/general\/escola-inclusiva-i-diversitat\/","title":{"rendered":"Escola Inclusiva i Diversitat"},"content":{"rendered":"<p>Als grups de primer, acabats d&#8217;arribar com qui diu a l&#8217;institut, dediquem estones de les nostres tutories a din\u00e0miques de cohesi\u00f3 de grup.<\/p>\n<p><em>Som tots i totes diferents i estarem tot un any junts i hem d&#8217;aprendre a acceptar-nos tal com som, amb les nostres virtuts i els nostres defectes, aprendre a treballar junts i en resum, a conviure i a gaudir del nostre temps i del nostre aprenentatge.<\/em><\/p>\n<p>La <span style=\"color: #993366;\"><strong>Sandra<\/strong><\/span> est\u00e0 treballant amb els seus alumnes tots aquests valors i h\u00e0bits i ho ha fet a partir de la visualitzaci\u00f3 de dos petits curtmetratges que us recomanem que visualitzeu.<\/p>\n<table style=\"height: 18px; width: 1020px;\" width=\"1010\">\n<tbody>\n<tr>\n<td style=\"width: 488px; text-align: center;\"><a href=\"https:\/\/www.youtube.com\/watch?v=4INwx_tmTKw\"><img loading=\"lazy\" decoding=\"async\" class=\"alignnone size-full wp-image-7276\" src=\"https:\/\/agora.xtec.cat\/ies-santa-eulalia\/wp-content\/uploads\/usu1612\/2021\/03\/cuerdas.png\" alt=\"\" width=\"500\" height=\"300\" srcset=\"https:\/\/agora.xtec.cat\/ies-santa-eulalia\/wp-content\/uploads\/usu1612\/2021\/03\/cuerdas.png 500w, https:\/\/agora.xtec.cat\/ies-santa-eulalia\/wp-content\/uploads\/usu1612\/2021\/03\/cuerdas-300x180.png 300w\" sizes=\"auto, (max-width: 500px) 100vw, 500px\" \/><\/a><\/td>\n<td style=\"width: 524px; text-align: center;\"><a href=\"https:\/\/www.youtube.com\/watch?v=zmXnl8ICK9A\"><img loading=\"lazy\" decoding=\"async\" class=\"alignnone wp-image-7277\" src=\"https:\/\/agora.xtec.cat\/ies-santa-eulalia\/wp-content\/uploads\/usu1612\/2021\/03\/puercoespin.png\" alt=\"\" width=\"506\" height=\"279\" srcset=\"https:\/\/agora.xtec.cat\/ies-santa-eulalia\/wp-content\/uploads\/usu1612\/2021\/03\/puercoespin.png 567w, https:\/\/agora.xtec.cat\/ies-santa-eulalia\/wp-content\/uploads\/usu1612\/2021\/03\/puercoespin-300x165.png 300w\" sizes=\"auto, (max-width: 506px) 100vw, 506px\" \/><\/a><\/td>\n<\/tr>\n<tr>\n<td style=\"width: 488px; text-align: center;\"><a href=\"https:\/\/www.youtube.com\/watch?v=4INwx_tmTKw\"><strong>Enlla\u00e7 al v\u00eddeo &#8220;Cuerdas&#8221;<\/strong><\/a><\/td>\n<td style=\"width: 524px; text-align: center;\"><a href=\"https:\/\/www.youtube.com\/watch?v=zmXnl8ICK9A\"><strong>Enlla\u00e7 al v\u00eddeo &#8220;Puercoesp\u00edn en Navidad&#8221;<\/strong><\/a><\/td>\n<\/tr>\n<\/tbody>\n<\/table>\n<p>Els seus alumnes despr\u00e9s han intentat expressar i resumir les seves idees i all\u00f2 que han anat aprenent en un format diferent. Han fet un c\u00f2mic i aqu\u00ed en teniu exemples. La creativitat ens surt per les orelles! No us ho perdeu!<\/p>\n<table style=\"height: 5px;\" width=\"1014\">\n<tbody>\n<tr>\n<td style=\"width: 334px;\"><a href=\"https:\/\/agora.xtec.cat\/ies-santa-eulalia\/wp-content\/uploads\/usu1612\/2021\/03\/comicnicole.png\"><img loading=\"lazy\" decoding=\"async\" class=\"alignnone size-full wp-image-7278\" src=\"https:\/\/agora.xtec.cat\/ies-santa-eulalia\/wp-content\/uploads\/usu1612\/2021\/03\/comicnicole.png\" alt=\"\" width=\"305\" height=\"331\" srcset=\"https:\/\/agora.xtec.cat\/ies-santa-eulalia\/wp-content\/uploads\/usu1612\/2021\/03\/comicnicole.png 305w, https:\/\/agora.xtec.cat\/ies-santa-eulalia\/wp-content\/uploads\/usu1612\/2021\/03\/comicnicole-276x300.png 276w\" sizes=\"auto, (max-width: 305px) 100vw, 305px\" \/><\/a><\/td>\n<td style=\"width: 335px;\"><a href=\"https:\/\/agora.xtec.cat\/ies-santa-eulalia\/wp-content\/uploads\/usu1612\/2021\/03\/puercoespincomic.png\"><img loading=\"lazy\" decoding=\"async\" class=\"alignnone size-full wp-image-7279\" src=\"https:\/\/agora.xtec.cat\/ies-santa-eulalia\/wp-content\/uploads\/usu1612\/2021\/03\/puercoespincomic.png\" alt=\"\" width=\"425\" height=\"476\" srcset=\"https:\/\/agora.xtec.cat\/ies-santa-eulalia\/wp-content\/uploads\/usu1612\/2021\/03\/puercoespincomic.png 425w, https:\/\/agora.xtec.cat\/ies-santa-eulalia\/wp-content\/uploads\/usu1612\/2021\/03\/puercoespincomic-268x300.png 268w\" sizes=\"auto, (max-width: 425px) 100vw, 425px\" \/><\/a><\/td>\n<td style=\"width: 335px;\"><a href=\"https:\/\/agora.xtec.cat\/ies-santa-eulalia\/wp-content\/uploads\/usu1612\/2021\/03\/cuerdascomic.png\"><img loading=\"lazy\" decoding=\"async\" class=\"alignnone size-full wp-image-7280\" src=\"https:\/\/agora.xtec.cat\/ies-santa-eulalia\/wp-content\/uploads\/usu1612\/2021\/03\/cuerdascomic.png\" alt=\"\" width=\"425\" height=\"567\" srcset=\"https:\/\/agora.xtec.cat\/ies-santa-eulalia\/wp-content\/uploads\/usu1612\/2021\/03\/cuerdascomic.png 425w, https:\/\/agora.xtec.cat\/ies-santa-eulalia\/wp-content\/uploads\/usu1612\/2021\/03\/cuerdascomic-225x300.png 225w\" sizes=\"auto, (max-width: 425px) 100vw, 425px\" \/><\/a><\/td>\n<\/tr>\n<\/tbody>\n<\/table>\n","protected":false},"excerpt":{"rendered":"<p>Als grups de primer, acabats d&#8217;arribar com qui diu a l&#8217;institut, dediquem estones de les nostres tutories a din\u00e0miques de cohesi\u00f3 de grup.<br \/>\nSom tots i totes diferents i estarem tot un any junts i hem d&#8217;aprendre a acceptar-nos tal com som, amb les nostres virtuts&hellip;  <a href=\"https:\/\/agora.xtec.cat\/ies-santa-eulalia\/general\/escola-inclusiva-i-diversitat\/\" title=\"Read Escola Inclusiva i Diversitat\">Llegeix m\u00e9s\u00bb<\/a><\/p>\n","protected":false},"author":1,"featured_media":7282,"comment_status":"open","ping_status":"closed","sticky":false,"template":"","format":"standard","meta":{"_bbp_topic_count":0,"_bbp_reply_count":0,"_bbp_total_topic_count":0,"_bbp_total_reply_count":0,"_bbp_voice_count":0,"_bbp_anonymous_reply_count":0,"_bbp_topic_count_hidden":0,"_bbp_reply_count_hidden":0,"_bbp_forum_subforum_count":0,"footnotes":""},"categories":[214,3,1,29,105],"tags":[],"class_list":["post-7275","post","type-post","status-publish","format-standard","has-post-thumbnail","hentry","category-activitats-castella","category-eso","category-general","category-portada","category-tutores-i-equips-docents"],"post_mailing_queue_ids":[],"_links":{"self":[{"href":"https:\/\/agora.xtec.cat\/ies-santa-eulalia\/wp-json\/wp\/v2\/posts\/7275","targetHints":{"allow":["GET"]}}],"collection":[{"href":"https:\/\/agora.xtec.cat\/ies-santa-eulalia\/wp-json\/wp\/v2\/posts"}],"about":[{"href":"https:\/\/agora.xtec.cat\/ies-santa-eulalia\/wp-json\/wp\/v2\/types\/post"}],"author":[{"embeddable":true,"href":"https:\/\/agora.xtec.cat\/ies-santa-eulalia\/wp-json\/wp\/v2\/users\/1"}],"replies":[{"embeddable":true,"href":"https:\/\/agora.xtec.cat\/ies-santa-eulalia\/wp-json\/wp\/v2\/comments?post=7275"}],"version-history":[{"count":1,"href":"https:\/\/agora.xtec.cat\/ies-santa-eulalia\/wp-json\/wp\/v2\/posts\/7275\/revisions"}],"predecessor-version":[{"id":7281,"href":"https:\/\/agora.xtec.cat\/ies-santa-eulalia\/wp-json\/wp\/v2\/posts\/7275\/revisions\/7281"}],"wp:featuredmedia":[{"embeddable":true,"href":"https:\/\/agora.xtec.cat\/ies-santa-eulalia\/wp-json\/wp\/v2\/media\/7282"}],"wp:attachment":[{"href":"https:\/\/agora.xtec.cat\/ies-santa-eulalia\/wp-json\/wp\/v2\/media?parent=7275"}],"wp:term":[{"taxonomy":"category","embeddable":true,"href":"https:\/\/agora.xtec.cat\/ies-santa-eulalia\/wp-json\/wp\/v2\/categories?post=7275"},{"taxonomy":"post_tag","embeddable":true,"href":"https:\/\/agora.xtec.cat\/ies-santa-eulalia\/wp-json\/wp\/v2\/tags?post=7275"}],"curies":[{"name":"wp","href":"https:\/\/api.w.org\/{rel}","templated":true}]}}