{"id":7254,"date":"2021-03-19T14:08:55","date_gmt":"2021-03-19T13:08:55","guid":{"rendered":"http:\/\/agora.xtec.cat\/ies-santa-eulalia\/?p=7254"},"modified":"2021-03-19T14:11:19","modified_gmt":"2021-03-19T13:11:19","slug":"proves-cangur-2021","status":"publish","type":"post","link":"https:\/\/agora.xtec.cat\/ies-santa-eulalia\/general\/proves-cangur-2021\/","title":{"rendered":"Proves Cangur 2021"},"content":{"rendered":"<p><img loading=\"lazy\" decoding=\"async\" class=\" wp-image-7258 alignright\" src=\"https:\/\/agora.xtec.cat\/ies-santa-eulalia\/wp-content\/uploads\/usu1612\/2021\/03\/provescangur.png\" alt=\"\" width=\"210\" height=\"294\" srcset=\"https:\/\/agora.xtec.cat\/ies-santa-eulalia\/wp-content\/uploads\/usu1612\/2021\/03\/provescangur.png 305w, https:\/\/agora.xtec.cat\/ies-santa-eulalia\/wp-content\/uploads\/usu1612\/2021\/03\/provescangur-214x300.png 214w\" sizes=\"auto, (max-width: 210px) 100vw, 210px\" \/>El passat <span style=\"color: #0000ff;\"><strong>dijous dia 18 de mar\u00e7<\/strong><\/span>, no ens hem pogut estar, ens ha costat molta feina per\u00f2 no vol\u00edem renunciar a una activitat que fem cada curs des del departament de matem\u00e0tiques: les <span style=\"color: #0000ff;\"><strong>proves Cangur<\/strong><\/span>.<\/p>\n<p><em><strong>Tots els nostres alumnes de primer d&#8217;eso van participar a les proves, per con\u00e8ixer com funcionen i la veritat \u00e9s que va ser super engrescador. Estaven contents i il\u00b7lusionats i en acabar tot eren preguntes sobre els diferents enunciats. Esperem que els propers cursos molts d&#8217;ells s&#8217;animin a continuar-hi participant.<\/strong><\/em><\/p>\n<p>A la\u00a0 resta de cursos vam tenir molts voluntaris que ja coneixien les proves i han volgut repetir. Alguns d&#8217;ells les han estat fent cada curs des de fa anys i sempre hi tornen.<\/p>\n<p>Despr\u00e9s de tot, l&#8217;esfor\u00e7 ha valgut la pena. Ara quedem tots a l&#8217;aguait de con\u00e8ixer els resultats.<\/p>\n<p>Us mantindrem informats!!!<\/p>\n<table style=\"width: 864px;\">\n<tbody>\n<tr>\n<td style=\"width: 426px;\"><a href=\"https:\/\/agora.xtec.cat\/ies-santa-eulalia\/wp-content\/uploads\/usu1612\/2021\/03\/20210318_125739.jpg\"><img loading=\"lazy\" decoding=\"async\" class=\"alignnone size-full wp-image-7257\" src=\"https:\/\/agora.xtec.cat\/ies-santa-eulalia\/wp-content\/uploads\/usu1612\/2021\/03\/20210318_125739.jpg\" alt=\"\" width=\"2560\" height=\"1440\" srcset=\"https:\/\/agora.xtec.cat\/ies-santa-eulalia\/wp-content\/uploads\/usu1612\/2021\/03\/20210318_125739.jpg 2560w, https:\/\/agora.xtec.cat\/ies-santa-eulalia\/wp-content\/uploads\/usu1612\/2021\/03\/20210318_125739-300x169.jpg 300w, https:\/\/agora.xtec.cat\/ies-santa-eulalia\/wp-content\/uploads\/usu1612\/2021\/03\/20210318_125739-768x432.jpg 768w, https:\/\/agora.xtec.cat\/ies-santa-eulalia\/wp-content\/uploads\/usu1612\/2021\/03\/20210318_125739-1024x576.jpg 1024w\" sizes=\"auto, (max-width: 2560px) 100vw, 2560px\" \/><\/a><\/td>\n<td style=\"width: 430px;\"><a href=\"https:\/\/agora.xtec.cat\/ies-santa-eulalia\/wp-content\/uploads\/usu1612\/2021\/03\/20210318_125742.jpg\"><img loading=\"lazy\" decoding=\"async\" class=\"alignnone size-full wp-image-7255\" src=\"https:\/\/agora.xtec.cat\/ies-santa-eulalia\/wp-content\/uploads\/usu1612\/2021\/03\/20210318_125742.jpg\" alt=\"\" width=\"2560\" height=\"1440\" srcset=\"https:\/\/agora.xtec.cat\/ies-santa-eulalia\/wp-content\/uploads\/usu1612\/2021\/03\/20210318_125742.jpg 2560w, https:\/\/agora.xtec.cat\/ies-santa-eulalia\/wp-content\/uploads\/usu1612\/2021\/03\/20210318_125742-300x169.jpg 300w, https:\/\/agora.xtec.cat\/ies-santa-eulalia\/wp-content\/uploads\/usu1612\/2021\/03\/20210318_125742-768x432.jpg 768w, https:\/\/agora.xtec.cat\/ies-santa-eulalia\/wp-content\/uploads\/usu1612\/2021\/03\/20210318_125742-1024x576.jpg 1024w\" sizes=\"auto, (max-width: 2560px) 100vw, 2560px\" \/><\/a><\/td>\n<\/tr>\n<\/tbody>\n<\/table>\n","protected":false},"excerpt":{"rendered":"<p>El passat dijous dia 18 de mar\u00e7, no ens hem pogut estar, ens ha costat molta feina per\u00f2 no vol\u00edem renunciar a una activitat que fem cada curs des del departament de matem\u00e0tiques: les proves Cangur.<br \/>\nTots els nostres alumnes de primer d&#8217;eso van participar a&hellip;  <a href=\"https:\/\/agora.xtec.cat\/ies-santa-eulalia\/general\/proves-cangur-2021\/\" title=\"Read Proves Cangur 2021\">Llegeix m\u00e9s\u00bb<\/a><\/p>\n","protected":false},"author":1,"featured_media":7258,"comment_status":"open","ping_status":"closed","sticky":false,"template":"","format":"standard","meta":{"_bbp_topic_count":0,"_bbp_reply_count":0,"_bbp_total_topic_count":0,"_bbp_total_reply_count":0,"_bbp_voice_count":0,"_bbp_anonymous_reply_count":0,"_bbp_topic_count_hidden":0,"_bbp_reply_count_hidden":0,"_bbp_forum_subforum_count":0,"footnotes":""},"categories":[140,3,1,29],"tags":[],"class_list":["post-7254","post","type-post","status-publish","format-standard","has-post-thumbnail","hentry","category-novetats-matematiques","category-eso","category-general","category-portada"],"post_mailing_queue_ids":[],"_links":{"self":[{"href":"https:\/\/agora.xtec.cat\/ies-santa-eulalia\/wp-json\/wp\/v2\/posts\/7254","targetHints":{"allow":["GET"]}}],"collection":[{"href":"https:\/\/agora.xtec.cat\/ies-santa-eulalia\/wp-json\/wp\/v2\/posts"}],"about":[{"href":"https:\/\/agora.xtec.cat\/ies-santa-eulalia\/wp-json\/wp\/v2\/types\/post"}],"author":[{"embeddable":true,"href":"https:\/\/agora.xtec.cat\/ies-santa-eulalia\/wp-json\/wp\/v2\/users\/1"}],"replies":[{"embeddable":true,"href":"https:\/\/agora.xtec.cat\/ies-santa-eulalia\/wp-json\/wp\/v2\/comments?post=7254"}],"version-history":[{"count":3,"href":"https:\/\/agora.xtec.cat\/ies-santa-eulalia\/wp-json\/wp\/v2\/posts\/7254\/revisions"}],"predecessor-version":[{"id":7262,"href":"https:\/\/agora.xtec.cat\/ies-santa-eulalia\/wp-json\/wp\/v2\/posts\/7254\/revisions\/7262"}],"wp:featuredmedia":[{"embeddable":true,"href":"https:\/\/agora.xtec.cat\/ies-santa-eulalia\/wp-json\/wp\/v2\/media\/7258"}],"wp:attachment":[{"href":"https:\/\/agora.xtec.cat\/ies-santa-eulalia\/wp-json\/wp\/v2\/media?parent=7254"}],"wp:term":[{"taxonomy":"category","embeddable":true,"href":"https:\/\/agora.xtec.cat\/ies-santa-eulalia\/wp-json\/wp\/v2\/categories?post=7254"},{"taxonomy":"post_tag","embeddable":true,"href":"https:\/\/agora.xtec.cat\/ies-santa-eulalia\/wp-json\/wp\/v2\/tags?post=7254"}],"curies":[{"name":"wp","href":"https:\/\/api.w.org\/{rel}","templated":true}]}}