{"id":7251,"date":"2021-03-19T13:46:34","date_gmt":"2021-03-19T12:46:34","guid":{"rendered":"http:\/\/agora.xtec.cat\/ies-santa-eulalia\/?p=7251"},"modified":"2021-03-24T10:09:42","modified_gmt":"2021-03-24T09:09:42","slug":"rebuig-al-tancament-de-la-biblioteca-del-barri","status":"publish","type":"post","link":"https:\/\/agora.xtec.cat\/ies-santa-eulalia\/general\/rebuig-al-tancament-de-la-biblioteca-del-barri\/","title":{"rendered":"NO al tancament de la biblioteca del barri"},"content":{"rendered":"<p><img loading=\"lazy\" decoding=\"async\" class=\"wp-image-7252 alignright\" src=\"https:\/\/agora.xtec.cat\/ies-santa-eulalia\/wp-content\/uploads\/usu1612\/2021\/03\/20210319_133257.jpg\" alt=\"\" width=\"190\" height=\"374\" srcset=\"https:\/\/agora.xtec.cat\/ies-santa-eulalia\/wp-content\/uploads\/usu1612\/2021\/03\/20210319_133257.jpg 585w, https:\/\/agora.xtec.cat\/ies-santa-eulalia\/wp-content\/uploads\/usu1612\/2021\/03\/20210319_133257-152x300.jpg 152w, https:\/\/agora.xtec.cat\/ies-santa-eulalia\/wp-content\/uploads\/usu1612\/2021\/03\/20210319_133257-519x1024.jpg 519w\" sizes=\"auto, (max-width: 190px) 100vw, 190px\" \/>El nostre institut forma part del barri de Santa Eul\u00e0lia i ens sentim molt afortunats de que aix\u00ed sigui. Aquesta not\u00edcia ens colpeix de manera especial, ja que l&#8217;ensenyament es recolza i s&#8217;ha recolzat molt sempre en els llibres i en la lectura. Des del Copem, dediquem molts esfor\u00e7os a inculcar en els nostres alumnes h\u00e0bits lectors i se&#8217;ns escapa un somriure quan veiem un dels nostres nois i noies llegint un llibre, ja sigui m\u00e9s t\u00e8cnic o un simple c\u00f2mic.<\/p>\n<p>Ara sembla ser que perdem un dels equipaments del barri amb qu\u00e8 hem col\u00b7laborat de manera estreta els darrers anys: la Biblioteca de Santa Eul\u00e0lia, que ser\u00e0 tancada. Des del centre hem aprofitat la seva ajuda en moltes ocasions per exposar treballs realitzats pels nostres alumnes i som conscients de que molts d&#8217;ells passen estones a la tarda all\u00e0 estudiant.<\/p>\n<p>Siguin quins siguin els motius que han promogut aquesta decisi\u00f3, ens sentim profundament tristos i no hi estem gens d&#8217;acord, perqu\u00e8 no deixar\u00e0 de ser una p\u00e8rdua important pel nostre barri.<\/p>\n<p>Us deixem aqu\u00ed amb un enlla\u00e7 a una not\u00edcia referent al tema:<\/p>\n<p style=\"text-align: center;\"><a href=\"https:\/\/www.ccma.cat\/324\/veins-de-santa-eulalia-de-lhospitalet-denuncien-el-tancament-de-la-biblioteca-del-barri\/noticia\/3084203\/\">Llegiu la not\u00edcia<\/a><\/p>\n","protected":false},"excerpt":{"rendered":"<p>El nostre institut forma part del barri de Santa Eul\u00e0lia i ens sentim molt afortunats de que aix\u00ed sigui. Aquesta not\u00edcia ens colpeix de manera especial, ja que l&#8217;ensenyament es recolza i s&#8217;ha recolzat molt sempre en els llibres i en la lectura. Des del&hellip;  <a href=\"https:\/\/agora.xtec.cat\/ies-santa-eulalia\/general\/rebuig-al-tancament-de-la-biblioteca-del-barri\/\" title=\"Read NO al tancament de la biblioteca del barri\">Llegeix m\u00e9s\u00bb<\/a><\/p>\n","protected":false},"author":1,"featured_media":7252,"comment_status":"open","ping_status":"closed","sticky":false,"template":"","format":"standard","meta":{"_bbp_topic_count":0,"_bbp_reply_count":0,"_bbp_total_topic_count":0,"_bbp_total_reply_count":0,"_bbp_voice_count":0,"_bbp_anonymous_reply_count":0,"_bbp_topic_count_hidden":0,"_bbp_reply_count_hidden":0,"_bbp_forum_subforum_count":0,"footnotes":""},"categories":[3,1,29],"tags":[],"class_list":["post-7251","post","type-post","status-publish","format-standard","has-post-thumbnail","hentry","category-eso","category-general","category-portada"],"post_mailing_queue_ids":[],"_links":{"self":[{"href":"https:\/\/agora.xtec.cat\/ies-santa-eulalia\/wp-json\/wp\/v2\/posts\/7251","targetHints":{"allow":["GET"]}}],"collection":[{"href":"https:\/\/agora.xtec.cat\/ies-santa-eulalia\/wp-json\/wp\/v2\/posts"}],"about":[{"href":"https:\/\/agora.xtec.cat\/ies-santa-eulalia\/wp-json\/wp\/v2\/types\/post"}],"author":[{"embeddable":true,"href":"https:\/\/agora.xtec.cat\/ies-santa-eulalia\/wp-json\/wp\/v2\/users\/1"}],"replies":[{"embeddable":true,"href":"https:\/\/agora.xtec.cat\/ies-santa-eulalia\/wp-json\/wp\/v2\/comments?post=7251"}],"version-history":[{"count":2,"href":"https:\/\/agora.xtec.cat\/ies-santa-eulalia\/wp-json\/wp\/v2\/posts\/7251\/revisions"}],"predecessor-version":[{"id":7274,"href":"https:\/\/agora.xtec.cat\/ies-santa-eulalia\/wp-json\/wp\/v2\/posts\/7251\/revisions\/7274"}],"wp:featuredmedia":[{"embeddable":true,"href":"https:\/\/agora.xtec.cat\/ies-santa-eulalia\/wp-json\/wp\/v2\/media\/7252"}],"wp:attachment":[{"href":"https:\/\/agora.xtec.cat\/ies-santa-eulalia\/wp-json\/wp\/v2\/media?parent=7251"}],"wp:term":[{"taxonomy":"category","embeddable":true,"href":"https:\/\/agora.xtec.cat\/ies-santa-eulalia\/wp-json\/wp\/v2\/categories?post=7251"},{"taxonomy":"post_tag","embeddable":true,"href":"https:\/\/agora.xtec.cat\/ies-santa-eulalia\/wp-json\/wp\/v2\/tags?post=7251"}],"curies":[{"name":"wp","href":"https:\/\/api.w.org\/{rel}","templated":true}]}}