{"id":7239,"date":"2021-03-17T12:26:39","date_gmt":"2021-03-17T11:26:39","guid":{"rendered":"http:\/\/agora.xtec.cat\/ies-santa-eulalia\/?p=7239"},"modified":"2021-03-17T12:26:39","modified_gmt":"2021-03-17T11:26:39","slug":"video-advertisement-in-english","status":"publish","type":"post","link":"https:\/\/agora.xtec.cat\/ies-santa-eulalia\/general\/video-advertisement-in-english\/","title":{"rendered":"Video Advertisement in English"},"content":{"rendered":"<p>Al nostre institut valorem molt la formaci\u00f3 que fem per promoure les habilitats ling\u00fc\u00edstiques dels nostres alumnes. Des del departament d&#8217;angl\u00e8s dediquen molts esfor\u00e7os a treballar l&#8217;expressi\u00f3 escrita per\u00f2 tamb\u00e9 l&#8217;expressi\u00f3 oral en aquesta llengua, que \u00e9s una de les parts m\u00e9s importants en la comunicaci\u00f3.<\/p>\n<p>Com a prova, un bot\u00f3. Aqu\u00ed us deixem un parell de v\u00eddeos perqu\u00e8 veieu com alguns alumnes del nostre institut fan un treball de classe que consisteix a fer de comercials i vendre un parell d&#8217;articles. Ho fan prou b\u00e9? Els hi comprar\u00edeu?<\/p>\n<table style=\"height: 173px; width: 800px;\" width=\"812\">\n<tbody>\n<tr style=\"height: 173px;\">\n<td style=\"width: 418px; height: 173px;\"><a href=\"https:\/\/drive.google.com\/file\/d\/1rUnnQp5ZfsQtQb9zi2la2HAEgHZ_1mSn\/view?usp=sharing\"><img loading=\"lazy\" decoding=\"async\" class=\" wp-image-7240 aligncenter\" src=\"https:\/\/agora.xtec.cat\/ies-santa-eulalia\/wp-content\/uploads\/usu1612\/2021\/03\/Video1.png\" alt=\"\" width=\"420\" height=\"258\" srcset=\"https:\/\/agora.xtec.cat\/ies-santa-eulalia\/wp-content\/uploads\/usu1612\/2021\/03\/Video1.png 322w, https:\/\/agora.xtec.cat\/ies-santa-eulalia\/wp-content\/uploads\/usu1612\/2021\/03\/Video1-300x184.png 300w\" sizes=\"auto, (max-width: 420px) 100vw, 420px\" \/><\/a><\/td>\n<td style=\"width: 374px; height: 173px;\"><a href=\"https:\/\/drive.google.com\/file\/d\/1_QVpu7TKqhSBNRbJiAPXhlFTykOtbegG\/view?usp=sharing\"><img loading=\"lazy\" decoding=\"async\" class=\"alignnone size-full wp-image-7241\" src=\"https:\/\/agora.xtec.cat\/ies-santa-eulalia\/wp-content\/uploads\/usu1612\/2021\/03\/Video2.png\" alt=\"\" width=\"482\" height=\"326\" srcset=\"https:\/\/agora.xtec.cat\/ies-santa-eulalia\/wp-content\/uploads\/usu1612\/2021\/03\/Video2.png 482w, https:\/\/agora.xtec.cat\/ies-santa-eulalia\/wp-content\/uploads\/usu1612\/2021\/03\/Video2-300x203.png 300w\" sizes=\"auto, (max-width: 482px) 100vw, 482px\" \/><\/a><\/td>\n<\/tr>\n<\/tbody>\n<\/table>\n","protected":false},"excerpt":{"rendered":"<p>Al nostre institut valorem molt la formaci\u00f3 que fem per promoure les habilitats ling\u00fc\u00edstiques dels nostres alumnes. Des del departament d&#8217;angl\u00e8s dediquen molts esfor\u00e7os a treballar l&#8217;expressi\u00f3 escrita per\u00f2 tamb\u00e9 l&#8217;expressi\u00f3 oral en aquesta llengua, que \u00e9s una de les parts m\u00e9s importants en la&hellip;  <a href=\"https:\/\/agora.xtec.cat\/ies-santa-eulalia\/general\/video-advertisement-in-english\/\" title=\"Read Video Advertisement in English\">Llegeix m\u00e9s\u00bb<\/a><\/p>\n","protected":false},"author":1,"featured_media":7241,"comment_status":"open","ping_status":"closed","sticky":false,"template":"","format":"standard","meta":{"_bbp_topic_count":0,"_bbp_reply_count":0,"_bbp_total_topic_count":0,"_bbp_total_reply_count":0,"_bbp_voice_count":0,"_bbp_anonymous_reply_count":0,"_bbp_topic_count_hidden":0,"_bbp_reply_count_hidden":0,"_bbp_forum_subforum_count":0,"footnotes":""},"categories":[138,3,1,29],"tags":[],"class_list":["post-7239","post","type-post","status-publish","format-standard","has-post-thumbnail","hentry","category-novetats-llengues-estrangeres-angles","category-eso","category-general","category-portada"],"post_mailing_queue_ids":[],"_links":{"self":[{"href":"https:\/\/agora.xtec.cat\/ies-santa-eulalia\/wp-json\/wp\/v2\/posts\/7239","targetHints":{"allow":["GET"]}}],"collection":[{"href":"https:\/\/agora.xtec.cat\/ies-santa-eulalia\/wp-json\/wp\/v2\/posts"}],"about":[{"href":"https:\/\/agora.xtec.cat\/ies-santa-eulalia\/wp-json\/wp\/v2\/types\/post"}],"author":[{"embeddable":true,"href":"https:\/\/agora.xtec.cat\/ies-santa-eulalia\/wp-json\/wp\/v2\/users\/1"}],"replies":[{"embeddable":true,"href":"https:\/\/agora.xtec.cat\/ies-santa-eulalia\/wp-json\/wp\/v2\/comments?post=7239"}],"version-history":[{"count":1,"href":"https:\/\/agora.xtec.cat\/ies-santa-eulalia\/wp-json\/wp\/v2\/posts\/7239\/revisions"}],"predecessor-version":[{"id":7242,"href":"https:\/\/agora.xtec.cat\/ies-santa-eulalia\/wp-json\/wp\/v2\/posts\/7239\/revisions\/7242"}],"wp:featuredmedia":[{"embeddable":true,"href":"https:\/\/agora.xtec.cat\/ies-santa-eulalia\/wp-json\/wp\/v2\/media\/7241"}],"wp:attachment":[{"href":"https:\/\/agora.xtec.cat\/ies-santa-eulalia\/wp-json\/wp\/v2\/media?parent=7239"}],"wp:term":[{"taxonomy":"category","embeddable":true,"href":"https:\/\/agora.xtec.cat\/ies-santa-eulalia\/wp-json\/wp\/v2\/categories?post=7239"},{"taxonomy":"post_tag","embeddable":true,"href":"https:\/\/agora.xtec.cat\/ies-santa-eulalia\/wp-json\/wp\/v2\/tags?post=7239"}],"curies":[{"name":"wp","href":"https:\/\/api.w.org\/{rel}","templated":true}]}}