{"id":7206,"date":"2021-03-17T10:58:06","date_gmt":"2021-03-17T09:58:06","guid":{"rendered":"http:\/\/agora.xtec.cat\/ies-santa-eulalia\/?p=7206"},"modified":"2021-03-17T12:16:39","modified_gmt":"2021-03-17T11:16:39","slug":"el-misteri-de-la-jornada-virtual-matematica","status":"publish","type":"post","link":"https:\/\/agora.xtec.cat\/ies-santa-eulalia\/general\/el-misteri-de-la-jornada-virtual-matematica\/","title":{"rendered":"El misteri de la Jornada Virtual Matem\u00e0tica"},"content":{"rendered":"<p>Estem de festa! El dia <span style=\"color: #ff6600;\"><strong>14 de mar\u00e7<\/strong><\/span> se celebra el <strong><span style=\"color: #ff6600;\">dia de les matem\u00e0tiques<\/span><\/strong> (14-3 pels anglesos esdev\u00e9 3-14, que s\u00f3n els primers d\u00edgits del nombre Pi), Amb motiu d&#8217;aquesta celebraci\u00f3 des del departament de matem\u00e0tiques del centre, realitzem dues activitats matem\u00e0tiques. La primera \u00e9s la <span style=\"color: #ff6600;\"><strong>Jornada Virtual Matem\u00e0tica.<\/strong><\/span><\/p>\n<p>El passat divendres dia 12 de mar\u00e7 tots els cursos de primer d&#8217;eso van fer de detectius. Un lladre inesperat havia entrat a l&#8217;institut la nit de dijous, sense que ning\u00fa se n&#8217;adon\u00e9s i es va emportar un objecte amb valor sentimental de cada aula. Per\u00f2 ja se sap, que cap robatori \u00e9s perfecte, i va deixar pistes en forma de petits problemets matem\u00e0tics que permetien poder-li seguir la pista i recuperar els objectes robats.<\/p>\n<table style=\"height: 27px; width: 985px;\" width=\"1104\">\n<tbody>\n<tr>\n<td style=\"width: 327px;\"><a href=\"https:\/\/agora.xtec.cat\/ies-santa-eulalia\/wp-content\/uploads\/usu1612\/2021\/03\/IMG-20210312-WA0007.jpg\"><img loading=\"lazy\" decoding=\"async\" class=\"alignnone size-full wp-image-7207\" src=\"https:\/\/agora.xtec.cat\/ies-santa-eulalia\/wp-content\/uploads\/usu1612\/2021\/03\/IMG-20210312-WA0007.jpg\" alt=\"\" width=\"2048\" height=\"1536\" srcset=\"https:\/\/agora.xtec.cat\/ies-santa-eulalia\/wp-content\/uploads\/usu1612\/2021\/03\/IMG-20210312-WA0007.jpg 2048w, https:\/\/agora.xtec.cat\/ies-santa-eulalia\/wp-content\/uploads\/usu1612\/2021\/03\/IMG-20210312-WA0007-300x225.jpg 300w, https:\/\/agora.xtec.cat\/ies-santa-eulalia\/wp-content\/uploads\/usu1612\/2021\/03\/IMG-20210312-WA0007-768x576.jpg 768w, https:\/\/agora.xtec.cat\/ies-santa-eulalia\/wp-content\/uploads\/usu1612\/2021\/03\/IMG-20210312-WA0007-1024x768.jpg 1024w, https:\/\/agora.xtec.cat\/ies-santa-eulalia\/wp-content\/uploads\/usu1612\/2021\/03\/IMG-20210312-WA0007-200x150.jpg 200w\" sizes=\"auto, (max-width: 2048px) 100vw, 2048px\" \/><\/a><\/td>\n<td style=\"width: 326px;\"><a href=\"https:\/\/agora.xtec.cat\/ies-santa-eulalia\/wp-content\/uploads\/usu1612\/2021\/03\/IMG-20210312-WA0002.jpg\"><img loading=\"lazy\" decoding=\"async\" class=\"alignnone size-full wp-image-7208\" src=\"https:\/\/agora.xtec.cat\/ies-santa-eulalia\/wp-content\/uploads\/usu1612\/2021\/03\/IMG-20210312-WA0002.jpg\" alt=\"\" width=\"2016\" height=\"1512\" srcset=\"https:\/\/agora.xtec.cat\/ies-santa-eulalia\/wp-content\/uploads\/usu1612\/2021\/03\/IMG-20210312-WA0002.jpg 2016w, https:\/\/agora.xtec.cat\/ies-santa-eulalia\/wp-content\/uploads\/usu1612\/2021\/03\/IMG-20210312-WA0002-300x225.jpg 300w, https:\/\/agora.xtec.cat\/ies-santa-eulalia\/wp-content\/uploads\/usu1612\/2021\/03\/IMG-20210312-WA0002-768x576.jpg 768w, https:\/\/agora.xtec.cat\/ies-santa-eulalia\/wp-content\/uploads\/usu1612\/2021\/03\/IMG-20210312-WA0002-1024x768.jpg 1024w, https:\/\/agora.xtec.cat\/ies-santa-eulalia\/wp-content\/uploads\/usu1612\/2021\/03\/IMG-20210312-WA0002-200x150.jpg 200w\" sizes=\"auto, (max-width: 2016px) 100vw, 2016px\" \/><\/a><\/td>\n<td style=\"width: 322px;\"><a href=\"https:\/\/agora.xtec.cat\/ies-santa-eulalia\/wp-content\/uploads\/usu1612\/2021\/03\/IMG-20210312-WA0008.jpg\"><img loading=\"lazy\" decoding=\"async\" class=\"alignnone size-full wp-image-7209\" src=\"https:\/\/agora.xtec.cat\/ies-santa-eulalia\/wp-content\/uploads\/usu1612\/2021\/03\/IMG-20210312-WA0008.jpg\" alt=\"\" width=\"2048\" height=\"1536\" srcset=\"https:\/\/agora.xtec.cat\/ies-santa-eulalia\/wp-content\/uploads\/usu1612\/2021\/03\/IMG-20210312-WA0008.jpg 2048w, https:\/\/agora.xtec.cat\/ies-santa-eulalia\/wp-content\/uploads\/usu1612\/2021\/03\/IMG-20210312-WA0008-300x225.jpg 300w, https:\/\/agora.xtec.cat\/ies-santa-eulalia\/wp-content\/uploads\/usu1612\/2021\/03\/IMG-20210312-WA0008-768x576.jpg 768w, https:\/\/agora.xtec.cat\/ies-santa-eulalia\/wp-content\/uploads\/usu1612\/2021\/03\/IMG-20210312-WA0008-1024x768.jpg 1024w, https:\/\/agora.xtec.cat\/ies-santa-eulalia\/wp-content\/uploads\/usu1612\/2021\/03\/IMG-20210312-WA0008-200x150.jpg 200w\" sizes=\"auto, (max-width: 2048px) 100vw, 2048px\" \/><\/a><\/td>\n<\/tr>\n<\/tbody>\n<\/table>\n<p>Primer vam fer una mica d&#8217;entrenament, que vam resoldre sense dificultats. Els alumnes es van distribuir en grups de quatre per treballar millor i van anar donant les respostes correctes. Quan ho vam tenir ens vam posar amb la part m\u00e9s complicada. Quinze petits misteris i tots resolts.<\/p>\n<p>Per\u00f2 no tot va ser tan f\u00e0cil. Cada problema resolt ens va donar una lletra o un n\u00famero, que tot junt formava un MISSATGE XIFRAT. Per\u00f2 aquesta \u00fatlima dificultat tampoc ens va aturar i tots els nostres alumnes van sortir triomfadors!!!!<\/p>\n<table style=\"height: 20px; width: 974px;\" width=\"1097\">\n<tbody>\n<tr>\n<td style=\"width: 322px;\"><a href=\"https:\/\/agora.xtec.cat\/ies-santa-eulalia\/wp-content\/uploads\/usu1612\/2021\/03\/IMG-20210316-WA0002.jpg\"><img loading=\"lazy\" decoding=\"async\" class=\"alignnone size-full wp-image-7210\" src=\"https:\/\/agora.xtec.cat\/ies-santa-eulalia\/wp-content\/uploads\/usu1612\/2021\/03\/IMG-20210316-WA0002.jpg\" alt=\"\" width=\"2048\" height=\"1150\" srcset=\"https:\/\/agora.xtec.cat\/ies-santa-eulalia\/wp-content\/uploads\/usu1612\/2021\/03\/IMG-20210316-WA0002.jpg 2048w, https:\/\/agora.xtec.cat\/ies-santa-eulalia\/wp-content\/uploads\/usu1612\/2021\/03\/IMG-20210316-WA0002-300x168.jpg 300w, https:\/\/agora.xtec.cat\/ies-santa-eulalia\/wp-content\/uploads\/usu1612\/2021\/03\/IMG-20210316-WA0002-768x431.jpg 768w, https:\/\/agora.xtec.cat\/ies-santa-eulalia\/wp-content\/uploads\/usu1612\/2021\/03\/IMG-20210316-WA0002-1024x575.jpg 1024w\" sizes=\"auto, (max-width: 2048px) 100vw, 2048px\" \/><\/a><\/td>\n<td style=\"width: 322px;\"><a href=\"https:\/\/agora.xtec.cat\/ies-santa-eulalia\/wp-content\/uploads\/usu1612\/2021\/03\/IMG-20210316-WA0001.jpg\"><img loading=\"lazy\" decoding=\"async\" class=\"alignnone size-full wp-image-7211\" src=\"https:\/\/agora.xtec.cat\/ies-santa-eulalia\/wp-content\/uploads\/usu1612\/2021\/03\/IMG-20210316-WA0001.jpg\" alt=\"\" width=\"2048\" height=\"1150\" srcset=\"https:\/\/agora.xtec.cat\/ies-santa-eulalia\/wp-content\/uploads\/usu1612\/2021\/03\/IMG-20210316-WA0001.jpg 2048w, https:\/\/agora.xtec.cat\/ies-santa-eulalia\/wp-content\/uploads\/usu1612\/2021\/03\/IMG-20210316-WA0001-300x168.jpg 300w, https:\/\/agora.xtec.cat\/ies-santa-eulalia\/wp-content\/uploads\/usu1612\/2021\/03\/IMG-20210316-WA0001-768x431.jpg 768w, https:\/\/agora.xtec.cat\/ies-santa-eulalia\/wp-content\/uploads\/usu1612\/2021\/03\/IMG-20210316-WA0001-1024x575.jpg 1024w\" sizes=\"auto, (max-width: 2048px) 100vw, 2048px\" \/><\/a><\/td>\n<td style=\"width: 320px;\"><a href=\"https:\/\/agora.xtec.cat\/ies-santa-eulalia\/wp-content\/uploads\/usu1612\/2021\/03\/IMG-20210316-WA0003.jpg\"><img loading=\"lazy\" decoding=\"async\" class=\"alignnone size-full wp-image-7212\" src=\"https:\/\/agora.xtec.cat\/ies-santa-eulalia\/wp-content\/uploads\/usu1612\/2021\/03\/IMG-20210316-WA0003.jpg\" alt=\"\" width=\"2048\" height=\"1150\" srcset=\"https:\/\/agora.xtec.cat\/ies-santa-eulalia\/wp-content\/uploads\/usu1612\/2021\/03\/IMG-20210316-WA0003.jpg 2048w, https:\/\/agora.xtec.cat\/ies-santa-eulalia\/wp-content\/uploads\/usu1612\/2021\/03\/IMG-20210316-WA0003-300x168.jpg 300w, https:\/\/agora.xtec.cat\/ies-santa-eulalia\/wp-content\/uploads\/usu1612\/2021\/03\/IMG-20210316-WA0003-768x431.jpg 768w, https:\/\/agora.xtec.cat\/ies-santa-eulalia\/wp-content\/uploads\/usu1612\/2021\/03\/IMG-20210316-WA0003-1024x575.jpg 1024w\" sizes=\"auto, (max-width: 2048px) 100vw, 2048px\" \/><\/a><\/td>\n<\/tr>\n<\/tbody>\n<\/table>\n<p>Des del departament de matem\u00e0tiques volem felicitar a tots els nostres alumnes de primer, per la gran feina feta i per tanta emoci\u00f3 i ganes que posen en cada classe de mates. \u00c9s un plaer treballar amb vosaltres.<\/p>\n","protected":false},"excerpt":{"rendered":"<p>Estem de festa! El dia 14 de mar\u00e7 se celebra el dia de les matem\u00e0tiques (14-3 pels anglesos esdev\u00e9 3-14, que s\u00f3n els primers d\u00edgits del nombre Pi), Amb motiu d&#8217;aquesta celebraci\u00f3 des del departament de matem\u00e0tiques del centre, realitzem dues activitats matem\u00e0tiques. La primera&hellip;  <a href=\"https:\/\/agora.xtec.cat\/ies-santa-eulalia\/general\/el-misteri-de-la-jornada-virtual-matematica\/\" title=\"Read El misteri de la Jornada Virtual Matem\u00e0tica\">Llegeix m\u00e9s\u00bb<\/a><\/p>\n","protected":false},"author":1,"featured_media":7210,"comment_status":"open","ping_status":"closed","sticky":false,"template":"","format":"standard","meta":{"_bbp_topic_count":0,"_bbp_reply_count":0,"_bbp_total_topic_count":0,"_bbp_total_reply_count":0,"_bbp_voice_count":0,"_bbp_anonymous_reply_count":0,"_bbp_topic_count_hidden":0,"_bbp_reply_count_hidden":0,"_bbp_forum_subforum_count":0,"footnotes":""},"categories":[140,3,1,29],"tags":[],"class_list":["post-7206","post","type-post","status-publish","format-standard","has-post-thumbnail","hentry","category-novetats-matematiques","category-eso","category-general","category-portada"],"post_mailing_queue_ids":[],"_links":{"self":[{"href":"https:\/\/agora.xtec.cat\/ies-santa-eulalia\/wp-json\/wp\/v2\/posts\/7206","targetHints":{"allow":["GET"]}}],"collection":[{"href":"https:\/\/agora.xtec.cat\/ies-santa-eulalia\/wp-json\/wp\/v2\/posts"}],"about":[{"href":"https:\/\/agora.xtec.cat\/ies-santa-eulalia\/wp-json\/wp\/v2\/types\/post"}],"author":[{"embeddable":true,"href":"https:\/\/agora.xtec.cat\/ies-santa-eulalia\/wp-json\/wp\/v2\/users\/1"}],"replies":[{"embeddable":true,"href":"https:\/\/agora.xtec.cat\/ies-santa-eulalia\/wp-json\/wp\/v2\/comments?post=7206"}],"version-history":[{"count":3,"href":"https:\/\/agora.xtec.cat\/ies-santa-eulalia\/wp-json\/wp\/v2\/posts\/7206\/revisions"}],"predecessor-version":[{"id":7238,"href":"https:\/\/agora.xtec.cat\/ies-santa-eulalia\/wp-json\/wp\/v2\/posts\/7206\/revisions\/7238"}],"wp:featuredmedia":[{"embeddable":true,"href":"https:\/\/agora.xtec.cat\/ies-santa-eulalia\/wp-json\/wp\/v2\/media\/7210"}],"wp:attachment":[{"href":"https:\/\/agora.xtec.cat\/ies-santa-eulalia\/wp-json\/wp\/v2\/media?parent=7206"}],"wp:term":[{"taxonomy":"category","embeddable":true,"href":"https:\/\/agora.xtec.cat\/ies-santa-eulalia\/wp-json\/wp\/v2\/categories?post=7206"},{"taxonomy":"post_tag","embeddable":true,"href":"https:\/\/agora.xtec.cat\/ies-santa-eulalia\/wp-json\/wp\/v2\/tags?post=7206"}],"curies":[{"name":"wp","href":"https:\/\/api.w.org\/{rel}","templated":true}]}}