{"id":7182,"date":"2021-03-10T18:47:47","date_gmt":"2021-03-10T17:47:47","guid":{"rendered":"http:\/\/agora.xtec.cat\/ies-santa-eulalia\/?p=7182"},"modified":"2021-03-10T18:47:47","modified_gmt":"2021-03-10T17:47:47","slug":"visita-al-pavello-mies-van-der-rohe-i-al-mnac","status":"publish","type":"post","link":"https:\/\/agora.xtec.cat\/ies-santa-eulalia\/general\/visita-al-pavello-mies-van-der-rohe-i-al-mnac\/","title":{"rendered":"Visita al pavell\u00f3 Mies van der Rohe i al MNAC"},"content":{"rendered":"<p><a href=\"https:\/\/agora.xtec.cat\/ies-santa-eulalia\/wp-content\/uploads\/usu1612\/2021\/03\/visita_MNAC.jpg\"><img loading=\"lazy\" decoding=\"async\" class=\"size-large wp-image-7183\" src=\"https:\/\/agora.xtec.cat\/ies-santa-eulalia\/wp-content\/uploads\/usu1612\/2021\/03\/visita_MNAC-1024x768.jpg\" alt=\"MNAC\" width=\"1024\" height=\"768\" srcset=\"https:\/\/agora.xtec.cat\/ies-santa-eulalia\/wp-content\/uploads\/usu1612\/2021\/03\/visita_MNAC-1024x768.jpg 1024w, https:\/\/agora.xtec.cat\/ies-santa-eulalia\/wp-content\/uploads\/usu1612\/2021\/03\/visita_MNAC-300x225.jpg 300w, https:\/\/agora.xtec.cat\/ies-santa-eulalia\/wp-content\/uploads\/usu1612\/2021\/03\/visita_MNAC-768x576.jpg 768w, https:\/\/agora.xtec.cat\/ies-santa-eulalia\/wp-content\/uploads\/usu1612\/2021\/03\/visita_MNAC-200x150.jpg 200w, https:\/\/agora.xtec.cat\/ies-santa-eulalia\/wp-content\/uploads\/usu1612\/2021\/03\/visita_MNAC.jpg 1190w\" sizes=\"auto, (max-width: 1024px) 100vw, 1024px\" \/><\/a><\/p>\n<p>Avui dimecres, 10 de mar\u00e7 de 2021, el grup d&#8217;Hist\u00f2ria de l&#8217;Art de 2n de Batxillerat di\u00fcrn ha pogut realitzar la primera sortida a Montju\u00efc per gaudir de ben a prop d&#8217;algunes de les obres d&#8217;art que estan treballant a la mat\u00e8ria d&#8217;Hist\u00f2ria de l&#8217;Art. Hem comen\u00e7at per la font i les torres venecianes de la Fira de Barcelona, a continuaci\u00f3 hem accedit a l&#8217;interior del Pavell\u00f3 Mies van der Rohe i, finalment, hem visitat les tres sales principals dels MNAC, la d&#8217;art rom\u00e0nic, la d&#8217;art g\u00f2tic per acabar a la d&#8217;art modern. Us deixem al seg\u00fcent enlla\u00e7 a un petit <a href=\"https:\/\/photos.google.com\/album\/AF1QipP8pI1Q-NyofibLBrCPKQvWZuyfH6_GlibIGS9x\/photo\/AF1QipM9UDQZjy7ADVAEXPOh-dUU7uGdfgaYLmzNHtce\">reportatge fotogr\u00e0fic<\/a><\/p>\n<p>&nbsp;<\/p>\n<p>&nbsp;<\/p>\n","protected":false},"excerpt":{"rendered":"<p><a href=\"https:\/\/agora.xtec.cat\/ies-santa-eulalia\/wp-content\/uploads\/usu1612\/2021\/03\/visita_MNAC.jpg\"><\/a><br \/>\nAvui dimecres, 10 de mar\u00e7 de 2021, el grup d&#8217;Hist\u00f2ria de l&#8217;Art de 2n de Batxillerat di\u00fcrn ha pogut realitzar la primera sortida a Montju\u00efc per gaudir de ben a prop d&#8217;algunes de les obres d&#8217;art que estan treballant a la mat\u00e8ria d&#8217;Hist\u00f2ria de&hellip;  <a href=\"https:\/\/agora.xtec.cat\/ies-santa-eulalia\/general\/visita-al-pavello-mies-van-der-rohe-i-al-mnac\/\" title=\"Read Visita al pavell\u00f3 Mies van der Rohe i al MNAC\">Llegeix m\u00e9s\u00bb<\/a><\/p>\n","protected":false},"author":18,"featured_media":7183,"comment_status":"open","ping_status":"closed","sticky":false,"template":"","format":"standard","meta":{"_bbp_topic_count":0,"_bbp_reply_count":0,"_bbp_total_topic_count":0,"_bbp_total_reply_count":0,"_bbp_voice_count":0,"_bbp_anonymous_reply_count":0,"_bbp_topic_count_hidden":0,"_bbp_reply_count_hidden":0,"_bbp_forum_subforum_count":0,"footnotes":""},"categories":[179,147,1,29],"tags":[],"class_list":["post-7182","post","type-post","status-publish","format-standard","has-post-thumbnail","hentry","category-2n-batx-a","category-novetats-geografia-i-historia","category-general","category-portada"],"post_mailing_queue_ids":[],"_links":{"self":[{"href":"https:\/\/agora.xtec.cat\/ies-santa-eulalia\/wp-json\/wp\/v2\/posts\/7182","targetHints":{"allow":["GET"]}}],"collection":[{"href":"https:\/\/agora.xtec.cat\/ies-santa-eulalia\/wp-json\/wp\/v2\/posts"}],"about":[{"href":"https:\/\/agora.xtec.cat\/ies-santa-eulalia\/wp-json\/wp\/v2\/types\/post"}],"author":[{"embeddable":true,"href":"https:\/\/agora.xtec.cat\/ies-santa-eulalia\/wp-json\/wp\/v2\/users\/18"}],"replies":[{"embeddable":true,"href":"https:\/\/agora.xtec.cat\/ies-santa-eulalia\/wp-json\/wp\/v2\/comments?post=7182"}],"version-history":[{"count":2,"href":"https:\/\/agora.xtec.cat\/ies-santa-eulalia\/wp-json\/wp\/v2\/posts\/7182\/revisions"}],"predecessor-version":[{"id":8547,"href":"https:\/\/agora.xtec.cat\/ies-santa-eulalia\/wp-json\/wp\/v2\/posts\/7182\/revisions\/8547"}],"wp:featuredmedia":[{"embeddable":true,"href":"https:\/\/agora.xtec.cat\/ies-santa-eulalia\/wp-json\/wp\/v2\/media\/7183"}],"wp:attachment":[{"href":"https:\/\/agora.xtec.cat\/ies-santa-eulalia\/wp-json\/wp\/v2\/media?parent=7182"}],"wp:term":[{"taxonomy":"category","embeddable":true,"href":"https:\/\/agora.xtec.cat\/ies-santa-eulalia\/wp-json\/wp\/v2\/categories?post=7182"},{"taxonomy":"post_tag","embeddable":true,"href":"https:\/\/agora.xtec.cat\/ies-santa-eulalia\/wp-json\/wp\/v2\/tags?post=7182"}],"curies":[{"name":"wp","href":"https:\/\/api.w.org\/{rel}","templated":true}]}}