{"id":7168,"date":"2021-03-10T13:30:56","date_gmt":"2021-03-10T12:30:56","guid":{"rendered":"http:\/\/agora.xtec.cat\/ies-santa-eulalia\/?p=7168"},"modified":"2021-03-10T13:57:38","modified_gmt":"2021-03-10T12:57:38","slug":"a-time-capsule","status":"publish","type":"post","link":"https:\/\/agora.xtec.cat\/ies-santa-eulalia\/general\/a-time-capsule\/","title":{"rendered":"A time capsule"},"content":{"rendered":"<p>Els alumnes de 3r d&#8217;eso estan treballant a l&#8217;aula a la mat\u00e8ria d&#8217;angl\u00e8s. Des del departament han proposat un treball fant\u00e0stic: heu sentit a parlar de les c\u00e0psules del temps? Es tracta de ficar dins un recipient objectes amb valor emocional i enterrar-lo. D&#8217;aqu\u00ed uns anys, podem recuperar els nostres objectes&#8230;quines emocions ens despertar\u00e0?<\/p>\n<p>Per treballar la seva expressi\u00f3 en angl\u00e8s, els nostres alumnes han fet quelcom semblant, han fet un escrit que representa la seva c\u00e0psula del temps, explicant com \u00e9s la seva vida a l&#8217;institut. Aqu\u00ed teniu un parell d&#8217;exemples.<\/p>\n<table style=\"height: 21px; width: 814px;\" width=\"1118\">\n<tbody>\n<tr>\n<td style=\"width: 406px;\"><a href=\"https:\/\/agora.xtec.cat\/ies-santa-eulalia\/wp-content\/uploads\/usu1612\/2021\/03\/TIme-capsule-Anni-Jia-3c.pdf\"><img loading=\"lazy\" decoding=\"async\" class=\"alignnone size-full wp-image-7169\" src=\"https:\/\/agora.xtec.cat\/ies-santa-eulalia\/wp-content\/uploads\/usu1612\/2021\/03\/caps1.png\" alt=\"\" width=\"718\" height=\"405\" srcset=\"https:\/\/agora.xtec.cat\/ies-santa-eulalia\/wp-content\/uploads\/usu1612\/2021\/03\/caps1.png 718w, https:\/\/agora.xtec.cat\/ies-santa-eulalia\/wp-content\/uploads\/usu1612\/2021\/03\/caps1-300x169.png 300w\" sizes=\"auto, (max-width: 718px) 100vw, 718px\" \/><\/a><\/td>\n<td style=\"width: 400px;\"><a href=\"https:\/\/agora.xtec.cat\/ies-santa-eulalia\/wp-content\/uploads\/usu1612\/2021\/03\/MyTimeCapsule.pdf\"><img loading=\"lazy\" decoding=\"async\" class=\"alignnone size-full wp-image-7170\" src=\"https:\/\/agora.xtec.cat\/ies-santa-eulalia\/wp-content\/uploads\/usu1612\/2021\/03\/caps2.png\" alt=\"\" width=\"719\" height=\"404\" srcset=\"https:\/\/agora.xtec.cat\/ies-santa-eulalia\/wp-content\/uploads\/usu1612\/2021\/03\/caps2.png 719w, https:\/\/agora.xtec.cat\/ies-santa-eulalia\/wp-content\/uploads\/usu1612\/2021\/03\/caps2-300x169.png 300w\" sizes=\"auto, (max-width: 719px) 100vw, 719px\" \/><\/a><\/td>\n<\/tr>\n<\/tbody>\n<\/table>\n<p>Estem segurs que, si ho guarden, quan d&#8217;aqu\u00ed un temps s&#8217;ho mirin nom\u00e9s podran tenir que bons records del seu pas pel nostre centre!<\/p>\n","protected":false},"excerpt":{"rendered":"<p>Els alumnes de 3r d&#8217;eso estan treballant a l&#8217;aula a la mat\u00e8ria d&#8217;angl\u00e8s. Des del departament han proposat un treball fant\u00e0stic: heu sentit a parlar de les c\u00e0psules del temps? Es tracta de ficar dins un recipient objectes amb valor emocional i enterrar-lo. D&#8217;aqu\u00ed uns&hellip;  <a href=\"https:\/\/agora.xtec.cat\/ies-santa-eulalia\/general\/a-time-capsule\/\" title=\"Read A time capsule\">Llegeix m\u00e9s\u00bb<\/a><\/p>\n","protected":false},"author":1,"featured_media":7169,"comment_status":"open","ping_status":"closed","sticky":false,"template":"","format":"standard","meta":{"_bbp_topic_count":0,"_bbp_reply_count":0,"_bbp_total_topic_count":0,"_bbp_total_reply_count":0,"_bbp_voice_count":0,"_bbp_anonymous_reply_count":0,"_bbp_topic_count_hidden":0,"_bbp_reply_count_hidden":0,"_bbp_forum_subforum_count":0,"footnotes":""},"categories":[138,3,1,29],"tags":[],"class_list":["post-7168","post","type-post","status-publish","format-standard","has-post-thumbnail","hentry","category-novetats-llengues-estrangeres-angles","category-eso","category-general","category-portada"],"post_mailing_queue_ids":[],"_links":{"self":[{"href":"https:\/\/agora.xtec.cat\/ies-santa-eulalia\/wp-json\/wp\/v2\/posts\/7168","targetHints":{"allow":["GET"]}}],"collection":[{"href":"https:\/\/agora.xtec.cat\/ies-santa-eulalia\/wp-json\/wp\/v2\/posts"}],"about":[{"href":"https:\/\/agora.xtec.cat\/ies-santa-eulalia\/wp-json\/wp\/v2\/types\/post"}],"author":[{"embeddable":true,"href":"https:\/\/agora.xtec.cat\/ies-santa-eulalia\/wp-json\/wp\/v2\/users\/1"}],"replies":[{"embeddable":true,"href":"https:\/\/agora.xtec.cat\/ies-santa-eulalia\/wp-json\/wp\/v2\/comments?post=7168"}],"version-history":[{"count":3,"href":"https:\/\/agora.xtec.cat\/ies-santa-eulalia\/wp-json\/wp\/v2\/posts\/7168\/revisions"}],"predecessor-version":[{"id":7176,"href":"https:\/\/agora.xtec.cat\/ies-santa-eulalia\/wp-json\/wp\/v2\/posts\/7168\/revisions\/7176"}],"wp:featuredmedia":[{"embeddable":true,"href":"https:\/\/agora.xtec.cat\/ies-santa-eulalia\/wp-json\/wp\/v2\/media\/7169"}],"wp:attachment":[{"href":"https:\/\/agora.xtec.cat\/ies-santa-eulalia\/wp-json\/wp\/v2\/media?parent=7168"}],"wp:term":[{"taxonomy":"category","embeddable":true,"href":"https:\/\/agora.xtec.cat\/ies-santa-eulalia\/wp-json\/wp\/v2\/categories?post=7168"},{"taxonomy":"post_tag","embeddable":true,"href":"https:\/\/agora.xtec.cat\/ies-santa-eulalia\/wp-json\/wp\/v2\/tags?post=7168"}],"curies":[{"name":"wp","href":"https:\/\/api.w.org\/{rel}","templated":true}]}}