{"id":7127,"date":"2021-02-25T20:03:55","date_gmt":"2021-02-25T19:03:55","guid":{"rendered":"http:\/\/agora.xtec.cat\/ies-santa-eulalia\/?p=7127"},"modified":"2021-02-25T20:26:23","modified_gmt":"2021-02-25T19:26:23","slug":"parlem-dautoestima-3a-sessio-de-lescola-de-families","status":"publish","type":"post","link":"https:\/\/agora.xtec.cat\/ies-santa-eulalia\/general\/parlem-dautoestima-3a-sessio-de-lescola-de-families\/","title":{"rendered":"Parlem d&#8217;autoestima: 3a sessi\u00f3 de l&#8217;Escola de Fam\u00edlies"},"content":{"rendered":"<p>El passat dimarts 23 de febrer les mares i els pares assistents a l&#8217;Escola de Fam\u00edlies van profunditzar en el concepte d&#8217;autoestima comen\u00e7ant per la base: la confian\u00e7a i l&#8217;amor per un mateix i la necessitat de valorar-nos i atrevir-nos a ser nosaltres mateixos. Tamb\u00e9 van veure com pot quedar lesionada si es compara el &#8220;Jo real&#8221; amb un &#8220;Jo ideal&#8221; i com aix\u00f2 pot portar frustraci\u00f3 i patiment.<\/p>\n<p>Per\u00f2, sobretot, es va arribar a la conclusi\u00f3 que la millor manera d&#8217;ensenyar autoestima als fills \u00e9s que aquests vegin que qui els estimen (els pares\/mares) s&#8217;estimen a ells mateixos i entre si. Podr\u00edem parlar, aleshores, d&#8217;un &#8220;contagi positiu&#8221; en el sentit tradicional i benigne del terme, \u00e9s a dir, aquell que allunya els dubtes, aporta el bo i millor i ens fa sentir contents i satisfets.<\/p>\n<p>&nbsp;<\/p>\n","protected":false},"excerpt":{"rendered":"<p>El passat dimarts 23 de febrer les mares i els pares assistents a l&#8217;Escola de Fam\u00edlies van profunditzar en el concepte d&#8217;autoestima comen\u00e7ant per la base: la confian\u00e7a i l&#8217;amor per un mateix i la necessitat de valorar-nos i atrevir-nos a ser nosaltres mateixos. Tamb\u00e9&hellip;  <a href=\"https:\/\/agora.xtec.cat\/ies-santa-eulalia\/general\/parlem-dautoestima-3a-sessio-de-lescola-de-families\/\" title=\"Read Parlem d&#8217;autoestima: 3a sessi\u00f3 de l&#8217;Escola de Fam\u00edlies\">Llegeix m\u00e9s\u00bb<\/a><\/p>\n","protected":false},"author":1,"featured_media":7128,"comment_status":"open","ping_status":"closed","sticky":false,"template":"","format":"standard","meta":{"_bbp_topic_count":0,"_bbp_reply_count":0,"_bbp_total_topic_count":0,"_bbp_total_reply_count":0,"_bbp_voice_count":0,"_bbp_anonymous_reply_count":0,"_bbp_topic_count_hidden":0,"_bbp_reply_count_hidden":0,"_bbp_forum_subforum_count":0,"footnotes":""},"categories":[8,3,1,29],"tags":[],"class_list":["post-7127","post","type-post","status-publish","format-standard","has-post-thumbnail","hentry","category-batxillerat","category-eso","category-general","category-portada"],"post_mailing_queue_ids":[],"_links":{"self":[{"href":"https:\/\/agora.xtec.cat\/ies-santa-eulalia\/wp-json\/wp\/v2\/posts\/7127","targetHints":{"allow":["GET"]}}],"collection":[{"href":"https:\/\/agora.xtec.cat\/ies-santa-eulalia\/wp-json\/wp\/v2\/posts"}],"about":[{"href":"https:\/\/agora.xtec.cat\/ies-santa-eulalia\/wp-json\/wp\/v2\/types\/post"}],"author":[{"embeddable":true,"href":"https:\/\/agora.xtec.cat\/ies-santa-eulalia\/wp-json\/wp\/v2\/users\/1"}],"replies":[{"embeddable":true,"href":"https:\/\/agora.xtec.cat\/ies-santa-eulalia\/wp-json\/wp\/v2\/comments?post=7127"}],"version-history":[{"count":3,"href":"https:\/\/agora.xtec.cat\/ies-santa-eulalia\/wp-json\/wp\/v2\/posts\/7127\/revisions"}],"predecessor-version":[{"id":7133,"href":"https:\/\/agora.xtec.cat\/ies-santa-eulalia\/wp-json\/wp\/v2\/posts\/7127\/revisions\/7133"}],"wp:featuredmedia":[{"embeddable":true,"href":"https:\/\/agora.xtec.cat\/ies-santa-eulalia\/wp-json\/wp\/v2\/media\/7128"}],"wp:attachment":[{"href":"https:\/\/agora.xtec.cat\/ies-santa-eulalia\/wp-json\/wp\/v2\/media?parent=7127"}],"wp:term":[{"taxonomy":"category","embeddable":true,"href":"https:\/\/agora.xtec.cat\/ies-santa-eulalia\/wp-json\/wp\/v2\/categories?post=7127"},{"taxonomy":"post_tag","embeddable":true,"href":"https:\/\/agora.xtec.cat\/ies-santa-eulalia\/wp-json\/wp\/v2\/tags?post=7127"}],"curies":[{"name":"wp","href":"https:\/\/api.w.org\/{rel}","templated":true}]}}