{"id":7052,"date":"2021-02-17T18:15:01","date_gmt":"2021-02-17T17:15:01","guid":{"rendered":"http:\/\/agora.xtec.cat\/ies-santa-eulalia\/?p=7052"},"modified":"2021-02-17T18:18:30","modified_gmt":"2021-02-17T17:18:30","slug":"stem-a-lhospitalet-2021","status":"publish","type":"post","link":"https:\/\/agora.xtec.cat\/ies-santa-eulalia\/general\/stem-a-lhospitalet-2021\/","title":{"rendered":"STEM a l\u2019Hospitalet 2021"},"content":{"rendered":"<p>Un any m\u00e9s, l\u2019Institut Santa Eul\u00e0lia celebra l\u201911 de Febrer, el dia de la Dona i la nena Cient\u00edfica, participant en la jornada STEM a L\u2019H!<\/p>\n<p><a href=\"https:\/\/agora.xtec.cat\/ies-santa-eulalia\/wp-content\/uploads\/usu1612\/2021\/02\/618C6425-030A-41AD-BA10-6FB4D29EF7A5.jpeg\"><img loading=\"lazy\" decoding=\"async\" class=\"aligncenter size-medium wp-image-7054\" src=\"https:\/\/agora.xtec.cat\/ies-santa-eulalia\/wp-content\/uploads\/usu1612\/2021\/02\/618C6425-030A-41AD-BA10-6FB4D29EF7A5-300x194.jpeg\" alt=\"\" width=\"300\" height=\"194\" srcset=\"https:\/\/agora.xtec.cat\/ies-santa-eulalia\/wp-content\/uploads\/usu1612\/2021\/02\/618C6425-030A-41AD-BA10-6FB4D29EF7A5-300x194.jpeg 300w, https:\/\/agora.xtec.cat\/ies-santa-eulalia\/wp-content\/uploads\/usu1612\/2021\/02\/618C6425-030A-41AD-BA10-6FB4D29EF7A5-768x497.jpeg 768w, https:\/\/agora.xtec.cat\/ies-santa-eulalia\/wp-content\/uploads\/usu1612\/2021\/02\/618C6425-030A-41AD-BA10-6FB4D29EF7A5-1024x662.jpeg 1024w\" sizes=\"auto, (max-width: 300px) 100vw, 300px\" \/><\/a><\/p>\n<p>Aquesta jornada impulsada pel centre de recursos de l\u2019Hospitalet i Pessics de ci\u00e8ncia, aquest any s\u2019ha dut a terme de manera telem\u00e0tica.<br \/>\nHa perm\u00e8s als\u00a0alumnes de secund\u00e0ria de diferents instituts preparar activitats tecno-cient\u00edfiques dirigides a alumnes de prim\u00e0ria.<br \/>\nEl fil conductor, aquesta vegada han estat els objectius ODS.<\/p>\n<p><a href=\"https:\/\/agora.xtec.cat\/ies-santa-eulalia\/wp-content\/uploads\/usu1612\/2021\/02\/B9D0D73A-A92B-4305-9EDB-F1854A4BFE12.jpeg\"><img loading=\"lazy\" decoding=\"async\" class=\"aligncenter size-medium wp-image-7056\" src=\"https:\/\/agora.xtec.cat\/ies-santa-eulalia\/wp-content\/uploads\/usu1612\/2021\/02\/B9D0D73A-A92B-4305-9EDB-F1854A4BFE12-226x300.jpeg\" alt=\"\" width=\"226\" height=\"300\" srcset=\"https:\/\/agora.xtec.cat\/ies-santa-eulalia\/wp-content\/uploads\/usu1612\/2021\/02\/B9D0D73A-A92B-4305-9EDB-F1854A4BFE12-226x300.jpeg 226w, https:\/\/agora.xtec.cat\/ies-santa-eulalia\/wp-content\/uploads\/usu1612\/2021\/02\/B9D0D73A-A92B-4305-9EDB-F1854A4BFE12-768x1017.jpeg 768w, https:\/\/agora.xtec.cat\/ies-santa-eulalia\/wp-content\/uploads\/usu1612\/2021\/02\/B9D0D73A-A92B-4305-9EDB-F1854A4BFE12-773x1024.jpeg 773w, https:\/\/agora.xtec.cat\/ies-santa-eulalia\/wp-content\/uploads\/usu1612\/2021\/02\/B9D0D73A-A92B-4305-9EDB-F1854A4BFE12.jpeg 1442w\" sizes=\"auto, (max-width: 226px) 100vw, 226px\" \/><\/a><\/p>\n<p>&nbsp;<\/p>\n<p>L\u2019objectiu \u00e9s divulgar els continguts STEM (Science-Technology-Engineering-Maths) i al mateix temps incentivar a les nenes i noies a apropar-se a aquest entorn.<\/p>\n<p><a href=\"https:\/\/agora.xtec.cat\/ies-santa-eulalia\/wp-content\/uploads\/usu1612\/2021\/02\/C0779F7D-8B56-40F3-9760-B09863FDCC2B.jpeg\"><img loading=\"lazy\" decoding=\"async\" class=\"aligncenter size-medium wp-image-7063\" src=\"https:\/\/agora.xtec.cat\/ies-santa-eulalia\/wp-content\/uploads\/usu1612\/2021\/02\/C0779F7D-8B56-40F3-9760-B09863FDCC2B-300x199.jpeg\" alt=\"\" width=\"300\" height=\"199\" srcset=\"https:\/\/agora.xtec.cat\/ies-santa-eulalia\/wp-content\/uploads\/usu1612\/2021\/02\/C0779F7D-8B56-40F3-9760-B09863FDCC2B-300x199.jpeg 300w, https:\/\/agora.xtec.cat\/ies-santa-eulalia\/wp-content\/uploads\/usu1612\/2021\/02\/C0779F7D-8B56-40F3-9760-B09863FDCC2B-768x510.jpeg 768w, https:\/\/agora.xtec.cat\/ies-santa-eulalia\/wp-content\/uploads\/usu1612\/2021\/02\/C0779F7D-8B56-40F3-9760-B09863FDCC2B-1024x679.jpeg 1024w, https:\/\/agora.xtec.cat\/ies-santa-eulalia\/wp-content\/uploads\/usu1612\/2021\/02\/C0779F7D-8B56-40F3-9760-B09863FDCC2B.jpeg 1272w\" sizes=\"auto, (max-width: 300px) 100vw, 300px\" \/><\/a><\/p>\n<p>Cliqueu a <a href=\"https:\/\/padlet.com\/crphospitalet\/opqe9ma2v7e1\">l\u2019enlla\u00e7<\/a> per veure com han relitzat les activitats proposades!<\/p>\n<p><a href=\"https:\/\/agora.xtec.cat\/ies-santa-eulalia\/wp-content\/uploads\/usu1612\/2021\/02\/C237A16A-CB2A-476E-86B2-263246A2D566.jpeg\"><img loading=\"lazy\" decoding=\"async\" class=\"aligncenter size-medium wp-image-7065\" src=\"https:\/\/agora.xtec.cat\/ies-santa-eulalia\/wp-content\/uploads\/usu1612\/2021\/02\/C237A16A-CB2A-476E-86B2-263246A2D566-300x194.jpeg\" alt=\"\" width=\"300\" height=\"194\" srcset=\"https:\/\/agora.xtec.cat\/ies-santa-eulalia\/wp-content\/uploads\/usu1612\/2021\/02\/C237A16A-CB2A-476E-86B2-263246A2D566-300x194.jpeg 300w, https:\/\/agora.xtec.cat\/ies-santa-eulalia\/wp-content\/uploads\/usu1612\/2021\/02\/C237A16A-CB2A-476E-86B2-263246A2D566-768x497.jpeg 768w, https:\/\/agora.xtec.cat\/ies-santa-eulalia\/wp-content\/uploads\/usu1612\/2021\/02\/C237A16A-CB2A-476E-86B2-263246A2D566-1024x662.jpeg 1024w\" sizes=\"auto, (max-width: 300px) 100vw, 300px\" \/><\/a><\/p>\n<p>#TecnoProfeSara<\/p>\n<p>#STEMLH \u00a0 \u00a0 \u00a0 \u00a0 \u00a0 <a href=\"https:\/\/agora.xtec.cat\/ies-santa-eulalia\/wp-content\/uploads\/usu1612\/2021\/02\/734F46F0-88AD-495F-BC74-DE3E2E24E7C1.jpeg\"><img loading=\"lazy\" decoding=\"async\" class=\"aligncenter wp-image-7066 size-thumbnail\" src=\"https:\/\/agora.xtec.cat\/ies-santa-eulalia\/wp-content\/uploads\/usu1612\/2021\/02\/734F46F0-88AD-495F-BC74-DE3E2E24E7C1-150x150.jpeg\" alt=\"\" width=\"150\" height=\"150\" \/><\/a><\/p>\n","protected":false},"excerpt":{"rendered":"<p>Un any m\u00e9s, l\u2019Institut Santa Eul\u00e0lia celebra l\u201911 de Febrer, el dia de la Dona i la nena Cient\u00edfica, participant en la jornada STEM a L\u2019H!<br \/>\n<a href=\"https:\/\/agora.xtec.cat\/ies-santa-eulalia\/wp-content\/uploads\/usu1612\/2021\/02\/618C6425-030A-41AD-BA10-6FB4D29EF7A5.jpeg\"><\/a><br \/>\nAquesta jornada impulsada pel centre de recursos de l\u2019Hospitalet i Pessics de ci\u00e8ncia, aquest any s\u2019ha dut a terme&hellip;  <a href=\"https:\/\/agora.xtec.cat\/ies-santa-eulalia\/general\/stem-a-lhospitalet-2021\/\" title=\"Read STEM a l\u2019Hospitalet 2021\">Llegeix m\u00e9s\u00bb<\/a><\/p>\n","protected":false},"author":25,"featured_media":7053,"comment_status":"closed","ping_status":"closed","sticky":false,"template":"","format":"standard","meta":{"_bbp_topic_count":0,"_bbp_reply_count":0,"_bbp_total_topic_count":0,"_bbp_total_reply_count":0,"_bbp_voice_count":0,"_bbp_anonymous_reply_count":0,"_bbp_topic_count_hidden":0,"_bbp_reply_count_hidden":0,"_bbp_forum_subforum_count":0,"footnotes":""},"categories":[146,1,29,299],"tags":[],"class_list":["post-7052","post","type-post","status-publish","format-standard","has-post-thumbnail","hentry","category-novetats-tecnologia","category-general","category-portada","category-steam"],"post_mailing_queue_ids":[],"_links":{"self":[{"href":"https:\/\/agora.xtec.cat\/ies-santa-eulalia\/wp-json\/wp\/v2\/posts\/7052","targetHints":{"allow":["GET"]}}],"collection":[{"href":"https:\/\/agora.xtec.cat\/ies-santa-eulalia\/wp-json\/wp\/v2\/posts"}],"about":[{"href":"https:\/\/agora.xtec.cat\/ies-santa-eulalia\/wp-json\/wp\/v2\/types\/post"}],"author":[{"embeddable":true,"href":"https:\/\/agora.xtec.cat\/ies-santa-eulalia\/wp-json\/wp\/v2\/users\/25"}],"replies":[{"embeddable":true,"href":"https:\/\/agora.xtec.cat\/ies-santa-eulalia\/wp-json\/wp\/v2\/comments?post=7052"}],"version-history":[{"count":3,"href":"https:\/\/agora.xtec.cat\/ies-santa-eulalia\/wp-json\/wp\/v2\/posts\/7052\/revisions"}],"predecessor-version":[{"id":7069,"href":"https:\/\/agora.xtec.cat\/ies-santa-eulalia\/wp-json\/wp\/v2\/posts\/7052\/revisions\/7069"}],"wp:featuredmedia":[{"embeddable":true,"href":"https:\/\/agora.xtec.cat\/ies-santa-eulalia\/wp-json\/wp\/v2\/media\/7053"}],"wp:attachment":[{"href":"https:\/\/agora.xtec.cat\/ies-santa-eulalia\/wp-json\/wp\/v2\/media?parent=7052"}],"wp:term":[{"taxonomy":"category","embeddable":true,"href":"https:\/\/agora.xtec.cat\/ies-santa-eulalia\/wp-json\/wp\/v2\/categories?post=7052"},{"taxonomy":"post_tag","embeddable":true,"href":"https:\/\/agora.xtec.cat\/ies-santa-eulalia\/wp-json\/wp\/v2\/tags?post=7052"}],"curies":[{"name":"wp","href":"https:\/\/api.w.org\/{rel}","templated":true}]}}