{"id":7014,"date":"2021-02-03T13:03:42","date_gmt":"2021-02-03T12:03:42","guid":{"rendered":"http:\/\/agora.xtec.cat\/ies-santa-eulalia\/?p=7014"},"modified":"2021-02-03T13:03:42","modified_gmt":"2021-02-03T12:03:42","slug":"dia-escolar-de-la-pau-i-la-no-violencia","status":"publish","type":"post","link":"https:\/\/agora.xtec.cat\/ies-santa-eulalia\/general\/dia-escolar-de-la-pau-i-la-no-violencia\/","title":{"rendered":"Dia Escolar de la Pau i la No Viol\u00e8ncia"},"content":{"rendered":"<p>El divendres, 29\/01\/2021, els alumnes de 1r ESO van celebrar el dia escolar de la pau i la no-viol\u00e8ncia. Uns dies abans, juntament amb les tutores, l&#8217;alumnat va pensar en accions que, quan les realitzessin, poguessin fer feli\u00e7 a altres i tamb\u00e9 a si mateixos. A m\u00e9s a m\u00e9s, es van comprometre a portar-les a terme aquell mateix dia i l&#8217;endem\u00e0. Van escriure els seus missatges en unes anelles de cartolina de colors i, per parelles, les van anar unint a les dels companys, formant aix\u00ed una cadena de bons prop\u00f2sits.<\/p>\n<p>&nbsp;<\/p>\n","protected":false},"excerpt":{"rendered":"<p>El divendres, 29\/01\/2021, els alumnes de 1r ESO van celebrar el dia escolar de la pau i la no-viol\u00e8ncia. Uns dies abans, juntament amb les tutores, l&#8217;alumnat va pensar en accions que, quan les realitzessin, poguessin fer feli\u00e7 a altres i tamb\u00e9 a si mateixos.&hellip;  <a href=\"https:\/\/agora.xtec.cat\/ies-santa-eulalia\/general\/dia-escolar-de-la-pau-i-la-no-violencia\/\" title=\"Read Dia Escolar de la Pau i la No Viol\u00e8ncia\">Llegeix m\u00e9s\u00bb<\/a><\/p>\n","protected":false},"author":1,"featured_media":7015,"comment_status":"open","ping_status":"closed","sticky":false,"template":"","format":"standard","meta":{"_bbp_topic_count":0,"_bbp_reply_count":0,"_bbp_total_topic_count":0,"_bbp_total_reply_count":0,"_bbp_voice_count":0,"_bbp_anonymous_reply_count":0,"_bbp_topic_count_hidden":0,"_bbp_reply_count_hidden":0,"_bbp_forum_subforum_count":0,"footnotes":""},"categories":[8,3,1,29],"tags":[],"class_list":["post-7014","post","type-post","status-publish","format-standard","has-post-thumbnail","hentry","category-batxillerat","category-eso","category-general","category-portada"],"post_mailing_queue_ids":[],"_links":{"self":[{"href":"https:\/\/agora.xtec.cat\/ies-santa-eulalia\/wp-json\/wp\/v2\/posts\/7014","targetHints":{"allow":["GET"]}}],"collection":[{"href":"https:\/\/agora.xtec.cat\/ies-santa-eulalia\/wp-json\/wp\/v2\/posts"}],"about":[{"href":"https:\/\/agora.xtec.cat\/ies-santa-eulalia\/wp-json\/wp\/v2\/types\/post"}],"author":[{"embeddable":true,"href":"https:\/\/agora.xtec.cat\/ies-santa-eulalia\/wp-json\/wp\/v2\/users\/1"}],"replies":[{"embeddable":true,"href":"https:\/\/agora.xtec.cat\/ies-santa-eulalia\/wp-json\/wp\/v2\/comments?post=7014"}],"version-history":[{"count":1,"href":"https:\/\/agora.xtec.cat\/ies-santa-eulalia\/wp-json\/wp\/v2\/posts\/7014\/revisions"}],"predecessor-version":[{"id":7016,"href":"https:\/\/agora.xtec.cat\/ies-santa-eulalia\/wp-json\/wp\/v2\/posts\/7014\/revisions\/7016"}],"wp:featuredmedia":[{"embeddable":true,"href":"https:\/\/agora.xtec.cat\/ies-santa-eulalia\/wp-json\/wp\/v2\/media\/7015"}],"wp:attachment":[{"href":"https:\/\/agora.xtec.cat\/ies-santa-eulalia\/wp-json\/wp\/v2\/media?parent=7014"}],"wp:term":[{"taxonomy":"category","embeddable":true,"href":"https:\/\/agora.xtec.cat\/ies-santa-eulalia\/wp-json\/wp\/v2\/categories?post=7014"},{"taxonomy":"post_tag","embeddable":true,"href":"https:\/\/agora.xtec.cat\/ies-santa-eulalia\/wp-json\/wp\/v2\/tags?post=7014"}],"curies":[{"name":"wp","href":"https:\/\/api.w.org\/{rel}","templated":true}]}}