{"id":6905,"date":"2021-01-19T17:59:05","date_gmt":"2021-01-19T16:59:05","guid":{"rendered":"http:\/\/agora.xtec.cat\/ies-santa-eulalia\/?p=6905"},"modified":"2021-01-22T20:47:01","modified_gmt":"2021-01-22T19:47:01","slug":"sortida-virtual-a-la-ub","status":"publish","type":"post","link":"https:\/\/agora.xtec.cat\/ies-santa-eulalia\/general\/sortida-virtual-a-la-ub\/","title":{"rendered":"Sortida virtual a la UB"},"content":{"rendered":"<p>Dilluns 18 de gener: ens apropem a la Universitat a trav\u00e9s de la pantalla; enguany els alumnes de grec i llat\u00ed de 2n de Batxillerat han pogut assistir a les confer\u00e8ncies organitzades per la Secci\u00f3 catalana d\u2019Estudis Cl\u00e0ssics sense sortir de la biblioteca del nostre centre. El deg\u00e0 de la Facultat de Filologia de la UB, el Dr. Javier Velaza, ha parlat sobre Horaci i els t\u00f2pics i la seva influ\u00e8ncia a la literatura posterior i la Dra. Pilar G\u00f3mez de les diferents adaptacions del mite de Prometeu. Sens dubte, un intens i profit\u00f3s recorregut per la literatura grecollatina.<\/p>\n<p><a href=\"https:\/\/agora.xtec.cat\/ies-santa-eulalia\/wp-content\/uploads\/usu1612\/2021\/01\/Confer\u00e8ncies-SEEC-UB-virtuals-18-gener-2021-.jpg\"><img loading=\"lazy\" decoding=\"async\" class=\"alignnone size-large wp-image-6906\" src=\"https:\/\/agora.xtec.cat\/ies-santa-eulalia\/wp-content\/uploads\/usu1612\/2021\/01\/Confer\u00e8ncies-SEEC-UB-virtuals-18-gener-2021--1024x768.jpg\" alt=\"\" width=\"1024\" height=\"768\" srcset=\"https:\/\/agora.xtec.cat\/ies-santa-eulalia\/wp-content\/uploads\/usu1612\/2021\/01\/Confer\u00e8ncies-SEEC-UB-virtuals-18-gener-2021--1024x768.jpg 1024w, https:\/\/agora.xtec.cat\/ies-santa-eulalia\/wp-content\/uploads\/usu1612\/2021\/01\/Confer\u00e8ncies-SEEC-UB-virtuals-18-gener-2021--300x225.jpg 300w, https:\/\/agora.xtec.cat\/ies-santa-eulalia\/wp-content\/uploads\/usu1612\/2021\/01\/Confer\u00e8ncies-SEEC-UB-virtuals-18-gener-2021--768x576.jpg 768w, https:\/\/agora.xtec.cat\/ies-santa-eulalia\/wp-content\/uploads\/usu1612\/2021\/01\/Confer\u00e8ncies-SEEC-UB-virtuals-18-gener-2021--200x150.jpg 200w\" sizes=\"auto, (max-width: 1024px) 100vw, 1024px\" \/><\/a><a href=\"https:\/\/agora.xtec.cat\/ies-santa-eulalia\/wp-content\/uploads\/usu1612\/2021\/01\/IMG-20210118-WA0003.jpg\"><img loading=\"lazy\" decoding=\"async\" class=\"alignnone size-large wp-image-6907\" src=\"https:\/\/agora.xtec.cat\/ies-santa-eulalia\/wp-content\/uploads\/usu1612\/2021\/01\/IMG-20210118-WA0003-1024x575.jpg\" alt=\"\" width=\"1024\" height=\"575\" srcset=\"https:\/\/agora.xtec.cat\/ies-santa-eulalia\/wp-content\/uploads\/usu1612\/2021\/01\/IMG-20210118-WA0003-1024x575.jpg 1024w, https:\/\/agora.xtec.cat\/ies-santa-eulalia\/wp-content\/uploads\/usu1612\/2021\/01\/IMG-20210118-WA0003-300x168.jpg 300w, https:\/\/agora.xtec.cat\/ies-santa-eulalia\/wp-content\/uploads\/usu1612\/2021\/01\/IMG-20210118-WA0003-768x431.jpg 768w, https:\/\/agora.xtec.cat\/ies-santa-eulalia\/wp-content\/uploads\/usu1612\/2021\/01\/IMG-20210118-WA0003.jpg 2048w\" sizes=\"auto, (max-width: 1024px) 100vw, 1024px\" \/><\/a><\/p>\n","protected":false},"excerpt":{"rendered":"<p>Dilluns 18 de gener: ens apropem a la Universitat a trav\u00e9s de la pantalla; enguany els alumnes de grec i llat\u00ed de 2n de Batxillerat han pogut assistir a les confer\u00e8ncies organitzades per la Secci\u00f3 catalana d\u2019Estudis Cl\u00e0ssics sense sortir de la biblioteca del nostre&hellip;  <a href=\"https:\/\/agora.xtec.cat\/ies-santa-eulalia\/general\/sortida-virtual-a-la-ub\/\" title=\"Read Sortida virtual a la UB\">Llegeix m\u00e9s\u00bb<\/a><\/p>\n","protected":false},"author":38,"featured_media":6907,"comment_status":"open","ping_status":"closed","sticky":false,"template":"","format":"standard","meta":{"_bbp_topic_count":0,"_bbp_reply_count":0,"_bbp_total_topic_count":0,"_bbp_total_reply_count":0,"_bbp_voice_count":0,"_bbp_anonymous_reply_count":0,"_bbp_topic_count_hidden":0,"_bbp_reply_count_hidden":0,"_bbp_forum_subforum_count":0,"footnotes":""},"categories":[174,149,8,1,29],"tags":[],"class_list":["post-6905","post","type-post","status-publish","format-standard","has-post-thumbnail","hentry","category-2n-batxillerat","category-novetats-classiques","category-batxillerat","category-general","category-portada"],"post_mailing_queue_ids":[],"_links":{"self":[{"href":"https:\/\/agora.xtec.cat\/ies-santa-eulalia\/wp-json\/wp\/v2\/posts\/6905","targetHints":{"allow":["GET"]}}],"collection":[{"href":"https:\/\/agora.xtec.cat\/ies-santa-eulalia\/wp-json\/wp\/v2\/posts"}],"about":[{"href":"https:\/\/agora.xtec.cat\/ies-santa-eulalia\/wp-json\/wp\/v2\/types\/post"}],"author":[{"embeddable":true,"href":"https:\/\/agora.xtec.cat\/ies-santa-eulalia\/wp-json\/wp\/v2\/users\/38"}],"replies":[{"embeddable":true,"href":"https:\/\/agora.xtec.cat\/ies-santa-eulalia\/wp-json\/wp\/v2\/comments?post=6905"}],"version-history":[{"count":2,"href":"https:\/\/agora.xtec.cat\/ies-santa-eulalia\/wp-json\/wp\/v2\/posts\/6905\/revisions"}],"predecessor-version":[{"id":6938,"href":"https:\/\/agora.xtec.cat\/ies-santa-eulalia\/wp-json\/wp\/v2\/posts\/6905\/revisions\/6938"}],"wp:featuredmedia":[{"embeddable":true,"href":"https:\/\/agora.xtec.cat\/ies-santa-eulalia\/wp-json\/wp\/v2\/media\/6907"}],"wp:attachment":[{"href":"https:\/\/agora.xtec.cat\/ies-santa-eulalia\/wp-json\/wp\/v2\/media?parent=6905"}],"wp:term":[{"taxonomy":"category","embeddable":true,"href":"https:\/\/agora.xtec.cat\/ies-santa-eulalia\/wp-json\/wp\/v2\/categories?post=6905"},{"taxonomy":"post_tag","embeddable":true,"href":"https:\/\/agora.xtec.cat\/ies-santa-eulalia\/wp-json\/wp\/v2\/tags?post=6905"}],"curies":[{"name":"wp","href":"https:\/\/api.w.org\/{rel}","templated":true}]}}