{"id":6851,"date":"2020-12-18T13:55:47","date_gmt":"2020-12-18T12:55:47","guid":{"rendered":"http:\/\/agora.xtec.cat\/ies-santa-eulalia\/?p=6851"},"modified":"2020-12-18T13:58:07","modified_gmt":"2020-12-18T12:58:07","slug":"se-busca","status":"publish","type":"post","link":"https:\/\/agora.xtec.cat\/ies-santa-eulalia\/general\/se-busca\/","title":{"rendered":"Se busca"},"content":{"rendered":"<p>La <em><strong>Sandra<\/strong><\/em>, professora de castell\u00e0, ens fa arribar aquesta informaci\u00f3 sobre un projecte que ha fet a classe durant aquest trimestre, buscant sempre noves formes de treballar la llengua castellana i l&#8217;expressi\u00f3 oral i escrita.<\/p>\n<p><em>Nuestros alumnos de 3\u00ba de la ESO en la Unidad 2 han trabajado el narrador y el punto de vista de narrativo. Para ello se han metido en la piel de los villanos m\u00e1s ic\u00f3nicos de la literatura y el cine: Mal\u00e9fica, Gast\u00f3n, Venon, Cruella De Vil, Joker, Loki o Harley Quinn son solo algunos de ellos.<\/em><\/p>\n<p>&nbsp;<\/p>\n<p><em>Espero que disfrut\u00e9is con algunas de sus narraciones y v\u00eddeos.<\/em><\/p>\n<p><em>Com a exemple, mireu aquest <a href=\"https:\/\/drive.google.com\/file\/d\/16QwDkwtzoiS1aVh-g17d9SZRcncXVmUr\/view?ts=5fc27702\">v\u00eddeo<\/a>.<\/em><\/p>\n<table style=\"height: 165px;\" width=\"1069\">\n<tbody>\n<tr>\n<td style=\"width: 353px; text-align: center;\" colspan=\"3\"><a href=\"https:\/\/agora.xtec.cat\/ies-santa-eulalia\/wp-content\/uploads\/usu1612\/2020\/12\/grup.png\"><img loading=\"lazy\" decoding=\"async\" class=\"alignnone size-full wp-image-6852\" src=\"https:\/\/agora.xtec.cat\/ies-santa-eulalia\/wp-content\/uploads\/usu1612\/2020\/12\/grup.png\" alt=\"\" width=\"567\" height=\"425\" srcset=\"https:\/\/agora.xtec.cat\/ies-santa-eulalia\/wp-content\/uploads\/usu1612\/2020\/12\/grup.png 567w, https:\/\/agora.xtec.cat\/ies-santa-eulalia\/wp-content\/uploads\/usu1612\/2020\/12\/grup-300x225.png 300w, https:\/\/agora.xtec.cat\/ies-santa-eulalia\/wp-content\/uploads\/usu1612\/2020\/12\/grup-200x150.png 200w\" sizes=\"auto, (max-width: 567px) 100vw, 567px\" \/><\/a><\/td>\n<\/tr>\n<tr>\n<td style=\"width: 353px;\"><a href=\"https:\/\/agora.xtec.cat\/ies-santa-eulalia\/wp-content\/uploads\/usu1612\/2020\/12\/hugo.png\"><img loading=\"lazy\" decoding=\"async\" class=\"alignnone size-full wp-image-6853\" src=\"https:\/\/agora.xtec.cat\/ies-santa-eulalia\/wp-content\/uploads\/usu1612\/2020\/12\/hugo.png\" alt=\"\" width=\"425\" height=\"567\" srcset=\"https:\/\/agora.xtec.cat\/ies-santa-eulalia\/wp-content\/uploads\/usu1612\/2020\/12\/hugo.png 425w, https:\/\/agora.xtec.cat\/ies-santa-eulalia\/wp-content\/uploads\/usu1612\/2020\/12\/hugo-225x300.png 225w\" sizes=\"auto, (max-width: 425px) 100vw, 425px\" \/><\/a><\/td>\n<td style=\"width: 353px;\"><a href=\"https:\/\/agora.xtec.cat\/ies-santa-eulalia\/wp-content\/uploads\/usu1612\/2020\/12\/al2.png\"><img loading=\"lazy\" decoding=\"async\" class=\"alignnone size-full wp-image-6854\" src=\"https:\/\/agora.xtec.cat\/ies-santa-eulalia\/wp-content\/uploads\/usu1612\/2020\/12\/al2.png\" alt=\"\" width=\"425\" height=\"567\" srcset=\"https:\/\/agora.xtec.cat\/ies-santa-eulalia\/wp-content\/uploads\/usu1612\/2020\/12\/al2.png 425w, https:\/\/agora.xtec.cat\/ies-santa-eulalia\/wp-content\/uploads\/usu1612\/2020\/12\/al2-225x300.png 225w\" sizes=\"auto, (max-width: 425px) 100vw, 425px\" \/><\/a><\/td>\n<td style=\"width: 353px;\"><a href=\"https:\/\/agora.xtec.cat\/ies-santa-eulalia\/wp-content\/uploads\/usu1612\/2020\/12\/al3.png\"><img loading=\"lazy\" decoding=\"async\" class=\"alignnone size-full wp-image-6855\" src=\"https:\/\/agora.xtec.cat\/ies-santa-eulalia\/wp-content\/uploads\/usu1612\/2020\/12\/al3.png\" alt=\"\" width=\"425\" height=\"567\" srcset=\"https:\/\/agora.xtec.cat\/ies-santa-eulalia\/wp-content\/uploads\/usu1612\/2020\/12\/al3.png 425w, https:\/\/agora.xtec.cat\/ies-santa-eulalia\/wp-content\/uploads\/usu1612\/2020\/12\/al3-225x300.png 225w\" sizes=\"auto, (max-width: 425px) 100vw, 425px\" \/><\/a><\/td>\n<\/tr>\n<\/tbody>\n<\/table>\n","protected":false},"excerpt":{"rendered":"<p>La Sandra, professora de castell\u00e0, ens fa arribar aquesta informaci\u00f3 sobre un projecte que ha fet a classe durant aquest trimestre, buscant sempre noves formes de treballar la llengua castellana i l&#8217;expressi\u00f3 oral i escrita.<br \/>\nNuestros alumnos de 3\u00ba de la ESO en la Unidad 2&hellip;  <a href=\"https:\/\/agora.xtec.cat\/ies-santa-eulalia\/general\/se-busca\/\" title=\"Read Se busca\">Llegeix m\u00e9s\u00bb<\/a><\/p>\n","protected":false},"author":1,"featured_media":6854,"comment_status":"open","ping_status":"closed","sticky":false,"template":"","format":"standard","meta":{"_bbp_topic_count":0,"_bbp_reply_count":0,"_bbp_total_topic_count":0,"_bbp_total_reply_count":0,"_bbp_voice_count":0,"_bbp_anonymous_reply_count":0,"_bbp_topic_count_hidden":0,"_bbp_reply_count_hidden":0,"_bbp_forum_subforum_count":0,"footnotes":""},"categories":[214,3,1,29],"tags":[],"class_list":["post-6851","post","type-post","status-publish","format-standard","has-post-thumbnail","hentry","category-activitats-castella","category-eso","category-general","category-portada"],"post_mailing_queue_ids":[],"_links":{"self":[{"href":"https:\/\/agora.xtec.cat\/ies-santa-eulalia\/wp-json\/wp\/v2\/posts\/6851","targetHints":{"allow":["GET"]}}],"collection":[{"href":"https:\/\/agora.xtec.cat\/ies-santa-eulalia\/wp-json\/wp\/v2\/posts"}],"about":[{"href":"https:\/\/agora.xtec.cat\/ies-santa-eulalia\/wp-json\/wp\/v2\/types\/post"}],"author":[{"embeddable":true,"href":"https:\/\/agora.xtec.cat\/ies-santa-eulalia\/wp-json\/wp\/v2\/users\/1"}],"replies":[{"embeddable":true,"href":"https:\/\/agora.xtec.cat\/ies-santa-eulalia\/wp-json\/wp\/v2\/comments?post=6851"}],"version-history":[{"count":3,"href":"https:\/\/agora.xtec.cat\/ies-santa-eulalia\/wp-json\/wp\/v2\/posts\/6851\/revisions"}],"predecessor-version":[{"id":6858,"href":"https:\/\/agora.xtec.cat\/ies-santa-eulalia\/wp-json\/wp\/v2\/posts\/6851\/revisions\/6858"}],"wp:featuredmedia":[{"embeddable":true,"href":"https:\/\/agora.xtec.cat\/ies-santa-eulalia\/wp-json\/wp\/v2\/media\/6854"}],"wp:attachment":[{"href":"https:\/\/agora.xtec.cat\/ies-santa-eulalia\/wp-json\/wp\/v2\/media?parent=6851"}],"wp:term":[{"taxonomy":"category","embeddable":true,"href":"https:\/\/agora.xtec.cat\/ies-santa-eulalia\/wp-json\/wp\/v2\/categories?post=6851"},{"taxonomy":"post_tag","embeddable":true,"href":"https:\/\/agora.xtec.cat\/ies-santa-eulalia\/wp-json\/wp\/v2\/tags?post=6851"}],"curies":[{"name":"wp","href":"https:\/\/api.w.org\/{rel}","templated":true}]}}