{"id":6826,"date":"2020-12-17T20:12:07","date_gmt":"2020-12-17T19:12:07","guid":{"rendered":"http:\/\/agora.xtec.cat\/ies-santa-eulalia\/?p=6826"},"modified":"2020-12-17T20:15:39","modified_gmt":"2020-12-17T19:15:39","slug":"arquitectura-bioclimatica","status":"publish","type":"post","link":"https:\/\/agora.xtec.cat\/ies-santa-eulalia\/general\/arquitectura-bioclimatica\/","title":{"rendered":"Arquitectura Bioclim\u00e0tica"},"content":{"rendered":"<p><a href=\"https:\/\/agora.xtec.cat\/ies-santa-eulalia\/wp-content\/uploads\/usu1612\/2020\/12\/7FE803E3-3A6C-47C7-856E-F4463888E1B5.jpeg\"><img loading=\"lazy\" decoding=\"async\" class=\"aligncenter size-large wp-image-6835\" src=\"https:\/\/agora.xtec.cat\/ies-santa-eulalia\/wp-content\/uploads\/usu1612\/2020\/12\/7FE803E3-3A6C-47C7-856E-F4463888E1B5-1024x523.jpeg\" alt=\"\" width=\"1024\" height=\"523\" \/><\/a><\/p>\n<p>Els alumnes de 4t d\u2019ESO han realitzat un projecte sobre habitatges bioclim\u00e0tics molt complert!<\/p>\n<p>La primera part del projecte ha consistit en dibuixar els pl\u00e0nols i construir la maqueta d\u2019un habitatge unifamiliar a\u00efllat.<\/p>\n<p>Despr\u00e9s, cada alumne ha decidit l\u2019empla\u00e7ament del seu habitatge i han fet un estudi de les condicions clim\u00e0tiques i dels recursos naturals del lloc escollit, per tal d\u2019aprofitar-los i aportar el m\u00e0xim confort als seus possibles usuaris.<\/p>\n<p>Amb tota aquesta informaci\u00f3, cada alumne ha aplicat les t\u00e8cniques bioclim\u00e0tiques m\u00e9s adequades per al seu habitatge en concret!<\/p>\n<p>Escollir l\u2019orientaci\u00f3 i distribuci\u00f3 interior m\u00e9s adequada per aprofitar al m\u00e0xim la radiaci\u00f3 solar ha estat la primera estrat\u00e8gia a seguir.<\/p>\n<p><a href=\"https:\/\/agora.xtec.cat\/ies-santa-eulalia\/wp-content\/uploads\/usu1612\/2020\/12\/25522D77-160B-4D56-ACCD-4436AF8B59D5.jpeg\"><img loading=\"lazy\" decoding=\"async\" class=\"aligncenter size-medium wp-image-6827\" src=\"https:\/\/agora.xtec.cat\/ies-santa-eulalia\/wp-content\/uploads\/usu1612\/2020\/12\/25522D77-160B-4D56-ACCD-4436AF8B59D5-300x153.jpeg\" alt=\"\" width=\"300\" height=\"153\" srcset=\"https:\/\/agora.xtec.cat\/ies-santa-eulalia\/wp-content\/uploads\/usu1612\/2020\/12\/25522D77-160B-4D56-ACCD-4436AF8B59D5-300x153.jpeg 300w, https:\/\/agora.xtec.cat\/ies-santa-eulalia\/wp-content\/uploads\/usu1612\/2020\/12\/25522D77-160B-4D56-ACCD-4436AF8B59D5-768x391.jpeg 768w, https:\/\/agora.xtec.cat\/ies-santa-eulalia\/wp-content\/uploads\/usu1612\/2020\/12\/25522D77-160B-4D56-ACCD-4436AF8B59D5-1024x522.jpeg 1024w, https:\/\/agora.xtec.cat\/ies-santa-eulalia\/wp-content\/uploads\/usu1612\/2020\/12\/25522D77-160B-4D56-ACCD-4436AF8B59D5.jpeg 1333w\" sizes=\"auto, (max-width: 300px) 100vw, 300px\" \/><\/a><\/p>\n<p>Alguns exemples d\u2019altres t\u00e8cniques bioclim\u00e0tiques que han utilitzat:<\/p>\n<p>La <strong>Meritxell<\/strong>\u00a0<strong>Aranda<\/strong> de 4t A, aprofita arbres de fulla caduca a la zona Sud del seu habitatge com a protecci\u00f3 solar a l\u2019estiu:<\/p>\n<p><a href=\"https:\/\/agora.xtec.cat\/ies-santa-eulalia\/wp-content\/uploads\/usu1612\/2020\/12\/E5DF18E5-F287-45DA-9974-8D7FBD6ACB4F.jpeg\"><img loading=\"lazy\" decoding=\"async\" class=\"aligncenter size-full wp-image-6828\" src=\"https:\/\/agora.xtec.cat\/ies-santa-eulalia\/wp-content\/uploads\/usu1612\/2020\/12\/E5DF18E5-F287-45DA-9974-8D7FBD6ACB4F.jpeg\" alt=\"\" width=\"750\" height=\"933\" srcset=\"https:\/\/agora.xtec.cat\/ies-santa-eulalia\/wp-content\/uploads\/usu1612\/2020\/12\/E5DF18E5-F287-45DA-9974-8D7FBD6ACB4F.jpeg 750w, https:\/\/agora.xtec.cat\/ies-santa-eulalia\/wp-content\/uploads\/usu1612\/2020\/12\/E5DF18E5-F287-45DA-9974-8D7FBD6ACB4F-241x300.jpeg 241w\" sizes=\"auto, (max-width: 750px) 100vw, 750px\" \/><\/a><\/p>\n<p>La <strong>N\u00faria<\/strong>\u00a0<strong>Robalino<\/strong> busca generar aire calent amb l\u2019efecte hivernacle i s\u2019atreveix amb una coberta verda que fa d\u2019a\u00efllant al sostre:<\/p>\n<p><a href=\"https:\/\/agora.xtec.cat\/ies-santa-eulalia\/wp-content\/uploads\/usu1612\/2020\/12\/1211A706-E40E-44E9-B556-4A45DD18A6F8.jpeg\"><img loading=\"lazy\" decoding=\"async\" class=\"aligncenter size-large wp-image-6829\" src=\"https:\/\/agora.xtec.cat\/ies-santa-eulalia\/wp-content\/uploads\/usu1612\/2020\/12\/1211A706-E40E-44E9-B556-4A45DD18A6F8-669x1024.jpeg\" alt=\"\" width=\"669\" height=\"1024\" srcset=\"https:\/\/agora.xtec.cat\/ies-santa-eulalia\/wp-content\/uploads\/usu1612\/2020\/12\/1211A706-E40E-44E9-B556-4A45DD18A6F8-669x1024.jpeg 669w, https:\/\/agora.xtec.cat\/ies-santa-eulalia\/wp-content\/uploads\/usu1612\/2020\/12\/1211A706-E40E-44E9-B556-4A45DD18A6F8-196x300.jpeg 196w, https:\/\/agora.xtec.cat\/ies-santa-eulalia\/wp-content\/uploads\/usu1612\/2020\/12\/1211A706-E40E-44E9-B556-4A45DD18A6F8-768x1175.jpeg 768w, https:\/\/agora.xtec.cat\/ies-santa-eulalia\/wp-content\/uploads\/usu1612\/2020\/12\/1211A706-E40E-44E9-B556-4A45DD18A6F8.jpeg 1231w\" sizes=\"auto, (max-width: 669px) 100vw, 669px\" \/><\/a><\/p>\n<p>La <strong>Valentina Viveros<\/strong>, entre d\u2019altres t\u00e8cniques bioclim\u00e0tiques, aposta per la in\u00e8rcia t\u00e8rmica interior:<\/p>\n<p><a href=\"https:\/\/agora.xtec.cat\/ies-santa-eulalia\/wp-content\/uploads\/usu1612\/2020\/12\/E21FD1E6-A5D5-4239-80EC-FF2661030451.jpeg\"><img loading=\"lazy\" decoding=\"async\" class=\"aligncenter size-full wp-image-6831\" src=\"https:\/\/agora.xtec.cat\/ies-santa-eulalia\/wp-content\/uploads\/usu1612\/2020\/12\/E21FD1E6-A5D5-4239-80EC-FF2661030451.jpeg\" alt=\"\" width=\"716\" height=\"555\" srcset=\"https:\/\/agora.xtec.cat\/ies-santa-eulalia\/wp-content\/uploads\/usu1612\/2020\/12\/E21FD1E6-A5D5-4239-80EC-FF2661030451.jpeg 716w, https:\/\/agora.xtec.cat\/ies-santa-eulalia\/wp-content\/uploads\/usu1612\/2020\/12\/E21FD1E6-A5D5-4239-80EC-FF2661030451-300x233.jpeg 300w\" sizes=\"auto, (max-width: 716px) 100vw, 716px\" \/><\/a><\/p>\n<p>Aquests s\u00f3n alguns dels fant\u00e0stics recursos per reduir el consum d\u2019energia i l\u2019impacte mediambiental!<\/p>\n<p style=\"text-align: center\"><strong>Ben fet!!<\/strong><\/p>\n<p>&nbsp;<\/p>\n<p><a href=\"https:\/\/agora.xtec.cat\/ies-santa-eulalia\/wp-content\/uploads\/usu1612\/2020\/12\/BB4DDEA8-BE46-4560-9305-2E35D6D4D54C.jpeg\"><img loading=\"lazy\" decoding=\"async\" class=\"aligncenter size-medium wp-image-6837\" src=\"https:\/\/agora.xtec.cat\/ies-santa-eulalia\/wp-content\/uploads\/usu1612\/2020\/12\/BB4DDEA8-BE46-4560-9305-2E35D6D4D54C-300x231.jpeg\" alt=\"\" width=\"300\" height=\"231\" srcset=\"https:\/\/agora.xtec.cat\/ies-santa-eulalia\/wp-content\/uploads\/usu1612\/2020\/12\/BB4DDEA8-BE46-4560-9305-2E35D6D4D54C-300x231.jpeg 300w, https:\/\/agora.xtec.cat\/ies-santa-eulalia\/wp-content\/uploads\/usu1612\/2020\/12\/BB4DDEA8-BE46-4560-9305-2E35D6D4D54C.jpeg 599w\" sizes=\"auto, (max-width: 300px) 100vw, 300px\" \/><\/a><\/p>\n<p><strong>#TecnoProfeSara<\/strong><\/p>\n<p><strong>Sara Garcia<\/strong><\/p>\n","protected":false},"excerpt":{"rendered":"<p><a href=\"https:\/\/agora.xtec.cat\/ies-santa-eulalia\/wp-content\/uploads\/usu1612\/2020\/12\/7FE803E3-3A6C-47C7-856E-F4463888E1B5.jpeg\"><\/a><br \/>\nEls alumnes de 4t d\u2019ESO han realitzat un projecte sobre habitatges bioclim\u00e0tics molt complert!<br \/>\nLa primera part del projecte ha consistit en dibuixar els pl\u00e0nols i construir la maqueta d\u2019un habitatge unifamiliar a\u00efllat.<br \/>\nDespr\u00e9s, cada alumne ha decidit l\u2019empla\u00e7ament del seu habitatge i han fet un&hellip;  <a href=\"https:\/\/agora.xtec.cat\/ies-santa-eulalia\/general\/arquitectura-bioclimatica\/\" title=\"Read Arquitectura Bioclim\u00e0tica\">Llegeix m\u00e9s\u00bb<\/a><\/p>\n","protected":false},"author":25,"featured_media":6835,"comment_status":"open","ping_status":"closed","sticky":false,"template":"","format":"standard","meta":{"_bbp_topic_count":0,"_bbp_reply_count":0,"_bbp_total_topic_count":0,"_bbp_total_reply_count":0,"_bbp_voice_count":0,"_bbp_anonymous_reply_count":0,"_bbp_topic_count_hidden":0,"_bbp_reply_count_hidden":0,"_bbp_forum_subforum_count":0,"footnotes":""},"categories":[146,7,24,26,1,29],"tags":[],"class_list":["post-6826","post","type-post","status-publish","format-standard","has-post-thumbnail","hentry","category-novetats-tecnologia","category-eso-4","category-eso-4a","category-eso-4c","category-general","category-portada"],"post_mailing_queue_ids":[],"_links":{"self":[{"href":"https:\/\/agora.xtec.cat\/ies-santa-eulalia\/wp-json\/wp\/v2\/posts\/6826","targetHints":{"allow":["GET"]}}],"collection":[{"href":"https:\/\/agora.xtec.cat\/ies-santa-eulalia\/wp-json\/wp\/v2\/posts"}],"about":[{"href":"https:\/\/agora.xtec.cat\/ies-santa-eulalia\/wp-json\/wp\/v2\/types\/post"}],"author":[{"embeddable":true,"href":"https:\/\/agora.xtec.cat\/ies-santa-eulalia\/wp-json\/wp\/v2\/users\/25"}],"replies":[{"embeddable":true,"href":"https:\/\/agora.xtec.cat\/ies-santa-eulalia\/wp-json\/wp\/v2\/comments?post=6826"}],"version-history":[{"count":4,"href":"https:\/\/agora.xtec.cat\/ies-santa-eulalia\/wp-json\/wp\/v2\/posts\/6826\/revisions"}],"predecessor-version":[{"id":6845,"href":"https:\/\/agora.xtec.cat\/ies-santa-eulalia\/wp-json\/wp\/v2\/posts\/6826\/revisions\/6845"}],"wp:featuredmedia":[{"embeddable":true,"href":"https:\/\/agora.xtec.cat\/ies-santa-eulalia\/wp-json\/wp\/v2\/media\/6835"}],"wp:attachment":[{"href":"https:\/\/agora.xtec.cat\/ies-santa-eulalia\/wp-json\/wp\/v2\/media?parent=6826"}],"wp:term":[{"taxonomy":"category","embeddable":true,"href":"https:\/\/agora.xtec.cat\/ies-santa-eulalia\/wp-json\/wp\/v2\/categories?post=6826"},{"taxonomy":"post_tag","embeddable":true,"href":"https:\/\/agora.xtec.cat\/ies-santa-eulalia\/wp-json\/wp\/v2\/tags?post=6826"}],"curies":[{"name":"wp","href":"https:\/\/api.w.org\/{rel}","templated":true}]}}