{"id":6797,"date":"2020-12-11T14:07:18","date_gmt":"2020-12-11T13:07:18","guid":{"rendered":"http:\/\/agora.xtec.cat\/ies-santa-eulalia\/?p=6797"},"modified":"2020-12-11T14:16:54","modified_gmt":"2020-12-11T13:16:54","slug":"mitologia-amb-art","status":"publish","type":"post","link":"https:\/\/agora.xtec.cat\/ies-santa-eulalia\/general\/mitologia-amb-art\/","title":{"rendered":"Mitologia amb art"},"content":{"rendered":"<p dir=\"auto\">Des de fa unes setmanes podem gaudir de l&#8217;exposici\u00f3 &#8220;<strong>Mitologia amb art<\/strong>&#8220;, on s\u00f3n protagonistes els dibuixos de la nostra alumna de 3rA Sara Z. Ben Hadj.<\/p>\n<p dir=\"auto\">El projecte\u00a0<i>mitologia amb art<\/i> apropa als alumnes a la mito<img loading=\"lazy\" decoding=\"async\" class=\"wp-image-6799 alignleft\" src=\"https:\/\/agora.xtec.cat\/ies-santa-eulalia\/wp-content\/uploads\/usu1612\/2020\/12\/dios-hades-dibujo-1.png\" alt=\"\" width=\"254\" height=\"253\" srcset=\"https:\/\/agora.xtec.cat\/ies-santa-eulalia\/wp-content\/uploads\/usu1612\/2020\/12\/dios-hades-dibujo-1.png 765w, https:\/\/agora.xtec.cat\/ies-santa-eulalia\/wp-content\/uploads\/usu1612\/2020\/12\/dios-hades-dibujo-1-150x150.png 150w, https:\/\/agora.xtec.cat\/ies-santa-eulalia\/wp-content\/uploads\/usu1612\/2020\/12\/dios-hades-dibujo-1-300x300.png 300w\" sizes=\"auto, (max-width: 254px) 100vw, 254px\" \/>logia cl\u00e0ssica a trav\u00e9s de la seva vesant art\u00edstica.<\/p>\n<p dir=\"auto\">La mitologia cl\u00e0ssica ha estat font d&#8217;inspiraci\u00f3 per als artistes al llarg de la hist\u00f2ria, des dels\u00a0 autors de l&#8217;antiguitat, passant per el Renaixement, el barroc o el neocl\u00e0ssic, fins a l&#8217;actualitat.<\/p>\n<div dir=\"auto\">\n<p dir=\"ltr\">Sara Ben Hadj de 3rA capta l&#8217;ess\u00e8ncia dels mites cl\u00e0ssics presentant als deus amb els seus atributs o s\u00edmbols i emprant t\u00e8cniques digitals.<\/p>\n<p dir=\"ltr\">Des d&#8217;aqu\u00ed felicitem a la Sara i a tots els alumnes de 3r que han participat en el projecte.<\/p>\n<\/div>\n<p dir=\"ltr\">Aqu\u00ed podeu veure una foto de la fant\u00e0stica feina de la Sara<\/p>\n<p dir=\"ltr\"><a href=\"https:\/\/agora.xtec.cat\/ies-santa-eulalia\/wp-content\/uploads\/usu1612\/2020\/12\/IMG_20201211_115119-1.jpg\"><img loading=\"lazy\" decoding=\"async\" class=\"alignnone size-full wp-image-6798\" src=\"https:\/\/agora.xtec.cat\/ies-santa-eulalia\/wp-content\/uploads\/usu1612\/2020\/12\/IMG_20201211_115119-1.jpg\" alt=\"\" width=\"3609\" height=\"2136\" srcset=\"https:\/\/agora.xtec.cat\/ies-santa-eulalia\/wp-content\/uploads\/usu1612\/2020\/12\/IMG_20201211_115119-1.jpg 3609w, https:\/\/agora.xtec.cat\/ies-santa-eulalia\/wp-content\/uploads\/usu1612\/2020\/12\/IMG_20201211_115119-1-300x178.jpg 300w, https:\/\/agora.xtec.cat\/ies-santa-eulalia\/wp-content\/uploads\/usu1612\/2020\/12\/IMG_20201211_115119-1-768x455.jpg 768w, https:\/\/agora.xtec.cat\/ies-santa-eulalia\/wp-content\/uploads\/usu1612\/2020\/12\/IMG_20201211_115119-1-1024x606.jpg 1024w\" sizes=\"auto, (max-width: 3609px) 100vw, 3609px\" \/><\/a><\/p>\n","protected":false},"excerpt":{"rendered":"<p>Des de fa unes setmanes podem gaudir de l&#8217;exposici\u00f3 &#8220;Mitologia amb art&#8220;, on s\u00f3n protagonistes els dibuixos de la nostra alumna de 3rA Sara Z. Ben Hadj.<br \/>\nEl projecte\u00a0mitologia amb art apropa als alumnes a la mitologia cl\u00e0ssica a trav\u00e9s de la seva vesant art\u00edstica.<br \/>\nLa mitologia&hellip;  <a href=\"https:\/\/agora.xtec.cat\/ies-santa-eulalia\/general\/mitologia-amb-art\/\" title=\"Read Mitologia amb art\">Llegeix m\u00e9s\u00bb<\/a><\/p>\n","protected":false},"author":1,"featured_media":6799,"comment_status":"open","ping_status":"closed","sticky":false,"template":"","format":"standard","meta":{"_bbp_topic_count":0,"_bbp_reply_count":0,"_bbp_total_topic_count":0,"_bbp_total_reply_count":0,"_bbp_voice_count":0,"_bbp_anonymous_reply_count":0,"_bbp_topic_count_hidden":0,"_bbp_reply_count_hidden":0,"_bbp_forum_subforum_count":0,"footnotes":""},"categories":[3,1,29],"tags":[],"class_list":["post-6797","post","type-post","status-publish","format-standard","has-post-thumbnail","hentry","category-eso","category-general","category-portada"],"post_mailing_queue_ids":[],"_links":{"self":[{"href":"https:\/\/agora.xtec.cat\/ies-santa-eulalia\/wp-json\/wp\/v2\/posts\/6797","targetHints":{"allow":["GET"]}}],"collection":[{"href":"https:\/\/agora.xtec.cat\/ies-santa-eulalia\/wp-json\/wp\/v2\/posts"}],"about":[{"href":"https:\/\/agora.xtec.cat\/ies-santa-eulalia\/wp-json\/wp\/v2\/types\/post"}],"author":[{"embeddable":true,"href":"https:\/\/agora.xtec.cat\/ies-santa-eulalia\/wp-json\/wp\/v2\/users\/1"}],"replies":[{"embeddable":true,"href":"https:\/\/agora.xtec.cat\/ies-santa-eulalia\/wp-json\/wp\/v2\/comments?post=6797"}],"version-history":[{"count":3,"href":"https:\/\/agora.xtec.cat\/ies-santa-eulalia\/wp-json\/wp\/v2\/posts\/6797\/revisions"}],"predecessor-version":[{"id":6803,"href":"https:\/\/agora.xtec.cat\/ies-santa-eulalia\/wp-json\/wp\/v2\/posts\/6797\/revisions\/6803"}],"wp:featuredmedia":[{"embeddable":true,"href":"https:\/\/agora.xtec.cat\/ies-santa-eulalia\/wp-json\/wp\/v2\/media\/6799"}],"wp:attachment":[{"href":"https:\/\/agora.xtec.cat\/ies-santa-eulalia\/wp-json\/wp\/v2\/media?parent=6797"}],"wp:term":[{"taxonomy":"category","embeddable":true,"href":"https:\/\/agora.xtec.cat\/ies-santa-eulalia\/wp-json\/wp\/v2\/categories?post=6797"},{"taxonomy":"post_tag","embeddable":true,"href":"https:\/\/agora.xtec.cat\/ies-santa-eulalia\/wp-json\/wp\/v2\/tags?post=6797"}],"curies":[{"name":"wp","href":"https:\/\/api.w.org\/{rel}","templated":true}]}}