{"id":6786,"date":"2020-12-01T11:43:46","date_gmt":"2020-12-01T10:43:46","guid":{"rendered":"http:\/\/agora.xtec.cat\/ies-santa-eulalia\/?p=6786"},"modified":"2020-12-01T11:43:46","modified_gmt":"2020-12-01T10:43:46","slug":"lescola-dels-nostres-somnis","status":"publish","type":"post","link":"https:\/\/agora.xtec.cat\/ies-santa-eulalia\/general\/lescola-dels-nostres-somnis\/","title":{"rendered":"L&#8217;escola dels nostres somnis"},"content":{"rendered":"<p>L&#8217;alumnat de 4t &#8211; D hem treballat les revolucions liberals del s. XIX i el moviment obrer a trav\u00e9s d&#8217;un projecte anomenat\u00a0<strong>Som la Revoluci\u00f3!<\/strong> Els alumnes s&#8217;han apropat al s. XIX que ens apropa a l&#8217;\u00e8poca fent conscient a l&#8217;alumnat de la import\u00e0ncia que tenen les persones com a subjectes pol\u00edtics i, per tant, personatges actius que transformen la realitat.<\/p>\n<p><span style=\"font-family: inherit; font-size: 1em;\">El projecte d&#8217;aprenentatge s&#8217;organitzava a partir d&#8217;un desafiament: Crear un manifest per canviar la realitat que ens envolta, en aquest cas l&#8217;Escola dels nostres somnis, els alumnes es convertien <\/span><span style=\"font-family: inherit; font-size: 1em;\">de facto<\/span><span style=\"font-family: inherit; font-size: 1em;\"> en subjectes actius, que mitjan\u00e7ant la democr\u00e0cia directa reflexionen i incideixen sobre la realitat que els envolta.\u00a0<\/span><\/p>\n<p>Tot seguit podeu veure algunes fotos de la realitzaci\u00f3 d&#8217;aquest projecte tan engrescador i dels resultats que ha produ\u00eft:<\/p>\n<table style=\"height: 64px;\" width=\"1086\">\n<tbody>\n<tr>\n<td style=\"width: 358px;\"><a href=\"https:\/\/agora.xtec.cat\/ies-santa-eulalia\/wp-content\/uploads\/usu1612\/2020\/12\/photo5908868375382177033.jpg\"><img loading=\"lazy\" decoding=\"async\" class=\"alignnone size-full wp-image-6787\" src=\"https:\/\/agora.xtec.cat\/ies-santa-eulalia\/wp-content\/uploads\/usu1612\/2020\/12\/photo5908868375382177033.jpg\" alt=\"\" width=\"1280\" height=\"960\" srcset=\"https:\/\/agora.xtec.cat\/ies-santa-eulalia\/wp-content\/uploads\/usu1612\/2020\/12\/photo5908868375382177033.jpg 1280w, https:\/\/agora.xtec.cat\/ies-santa-eulalia\/wp-content\/uploads\/usu1612\/2020\/12\/photo5908868375382177033-300x225.jpg 300w, https:\/\/agora.xtec.cat\/ies-santa-eulalia\/wp-content\/uploads\/usu1612\/2020\/12\/photo5908868375382177033-768x576.jpg 768w, https:\/\/agora.xtec.cat\/ies-santa-eulalia\/wp-content\/uploads\/usu1612\/2020\/12\/photo5908868375382177033-1024x768.jpg 1024w, https:\/\/agora.xtec.cat\/ies-santa-eulalia\/wp-content\/uploads\/usu1612\/2020\/12\/photo5908868375382177033-200x150.jpg 200w\" sizes=\"auto, (max-width: 1280px) 100vw, 1280px\" \/><\/a><\/td>\n<td style=\"width: 359px;\"><a href=\"https:\/\/agora.xtec.cat\/ies-santa-eulalia\/wp-content\/uploads\/usu1612\/2020\/12\/photo59088683753821770261.jpg\"><img loading=\"lazy\" decoding=\"async\" class=\"alignnone size-full wp-image-6788\" src=\"https:\/\/agora.xtec.cat\/ies-santa-eulalia\/wp-content\/uploads\/usu1612\/2020\/12\/photo59088683753821770261.jpg\" alt=\"\" width=\"960\" height=\"1280\" srcset=\"https:\/\/agora.xtec.cat\/ies-santa-eulalia\/wp-content\/uploads\/usu1612\/2020\/12\/photo59088683753821770261.jpg 960w, https:\/\/agora.xtec.cat\/ies-santa-eulalia\/wp-content\/uploads\/usu1612\/2020\/12\/photo59088683753821770261-225x300.jpg 225w, https:\/\/agora.xtec.cat\/ies-santa-eulalia\/wp-content\/uploads\/usu1612\/2020\/12\/photo59088683753821770261-768x1024.jpg 768w\" sizes=\"auto, (max-width: 960px) 100vw, 960px\" \/><\/a><\/td>\n<td style=\"width: 359px;\" rowspan=\"2\"><a href=\"https:\/\/agora.xtec.cat\/ies-santa-eulalia\/wp-content\/uploads\/usu1612\/2020\/12\/photo5908868375382177030.jpg\"><img loading=\"lazy\" decoding=\"async\" class=\"alignnone size-full wp-image-6789\" src=\"https:\/\/agora.xtec.cat\/ies-santa-eulalia\/wp-content\/uploads\/usu1612\/2020\/12\/photo5908868375382177030.jpg\" alt=\"\" width=\"960\" height=\"1280\" srcset=\"https:\/\/agora.xtec.cat\/ies-santa-eulalia\/wp-content\/uploads\/usu1612\/2020\/12\/photo5908868375382177030.jpg 960w, https:\/\/agora.xtec.cat\/ies-santa-eulalia\/wp-content\/uploads\/usu1612\/2020\/12\/photo5908868375382177030-225x300.jpg 225w, https:\/\/agora.xtec.cat\/ies-santa-eulalia\/wp-content\/uploads\/usu1612\/2020\/12\/photo5908868375382177030-768x1024.jpg 768w\" sizes=\"auto, (max-width: 960px) 100vw, 960px\" \/><\/a><\/td>\n<\/tr>\n<tr>\n<td style=\"width: 358px;\"><a href=\"https:\/\/agora.xtec.cat\/ies-santa-eulalia\/wp-content\/uploads\/usu1612\/2020\/12\/photo5908868375382177028.jpg\"><img loading=\"lazy\" decoding=\"async\" class=\"alignnone size-full wp-image-6790\" src=\"https:\/\/agora.xtec.cat\/ies-santa-eulalia\/wp-content\/uploads\/usu1612\/2020\/12\/photo5908868375382177028.jpg\" alt=\"\" width=\"960\" height=\"1280\" srcset=\"https:\/\/agora.xtec.cat\/ies-santa-eulalia\/wp-content\/uploads\/usu1612\/2020\/12\/photo5908868375382177028.jpg 960w, https:\/\/agora.xtec.cat\/ies-santa-eulalia\/wp-content\/uploads\/usu1612\/2020\/12\/photo5908868375382177028-225x300.jpg 225w, https:\/\/agora.xtec.cat\/ies-santa-eulalia\/wp-content\/uploads\/usu1612\/2020\/12\/photo5908868375382177028-768x1024.jpg 768w\" sizes=\"auto, (max-width: 960px) 100vw, 960px\" \/><\/a><\/td>\n<td style=\"width: 359px;\"><a href=\"https:\/\/agora.xtec.cat\/ies-santa-eulalia\/wp-content\/uploads\/usu1612\/2020\/12\/photo5908868375382177031.jpg\"><img loading=\"lazy\" decoding=\"async\" class=\"alignnone size-full wp-image-6791\" src=\"https:\/\/agora.xtec.cat\/ies-santa-eulalia\/wp-content\/uploads\/usu1612\/2020\/12\/photo5908868375382177031.jpg\" alt=\"\" width=\"960\" height=\"1280\" srcset=\"https:\/\/agora.xtec.cat\/ies-santa-eulalia\/wp-content\/uploads\/usu1612\/2020\/12\/photo5908868375382177031.jpg 960w, https:\/\/agora.xtec.cat\/ies-santa-eulalia\/wp-content\/uploads\/usu1612\/2020\/12\/photo5908868375382177031-225x300.jpg 225w, https:\/\/agora.xtec.cat\/ies-santa-eulalia\/wp-content\/uploads\/usu1612\/2020\/12\/photo5908868375382177031-768x1024.jpg 768w\" sizes=\"auto, (max-width: 960px) 100vw, 960px\" \/><\/a><\/td>\n<\/tr>\n<\/tbody>\n<\/table>\n","protected":false},"excerpt":{"rendered":"<p>L&#8217;alumnat de 4t &#8211; D hem treballat les revolucions liberals del s. XIX i el moviment obrer a trav\u00e9s d&#8217;un projecte anomenat\u00a0Som la Revoluci\u00f3! Els alumnes s&#8217;han apropat al s. XIX que ens apropa a l&#8217;\u00e8poca fent conscient a l&#8217;alumnat de la import\u00e0ncia que tenen&hellip;  <a href=\"https:\/\/agora.xtec.cat\/ies-santa-eulalia\/general\/lescola-dels-nostres-somnis\/\" title=\"Read L&#8217;escola dels nostres somnis\">Llegeix m\u00e9s\u00bb<\/a><\/p>\n","protected":false},"author":1,"featured_media":6789,"comment_status":"open","ping_status":"closed","sticky":false,"template":"","format":"standard","meta":{"_bbp_topic_count":0,"_bbp_reply_count":0,"_bbp_total_topic_count":0,"_bbp_total_reply_count":0,"_bbp_voice_count":0,"_bbp_anonymous_reply_count":0,"_bbp_topic_count_hidden":0,"_bbp_reply_count_hidden":0,"_bbp_forum_subforum_count":0,"footnotes":""},"categories":[147,3,1,29],"tags":[],"class_list":["post-6786","post","type-post","status-publish","format-standard","has-post-thumbnail","hentry","category-novetats-geografia-i-historia","category-eso","category-general","category-portada"],"post_mailing_queue_ids":[],"_links":{"self":[{"href":"https:\/\/agora.xtec.cat\/ies-santa-eulalia\/wp-json\/wp\/v2\/posts\/6786","targetHints":{"allow":["GET"]}}],"collection":[{"href":"https:\/\/agora.xtec.cat\/ies-santa-eulalia\/wp-json\/wp\/v2\/posts"}],"about":[{"href":"https:\/\/agora.xtec.cat\/ies-santa-eulalia\/wp-json\/wp\/v2\/types\/post"}],"author":[{"embeddable":true,"href":"https:\/\/agora.xtec.cat\/ies-santa-eulalia\/wp-json\/wp\/v2\/users\/1"}],"replies":[{"embeddable":true,"href":"https:\/\/agora.xtec.cat\/ies-santa-eulalia\/wp-json\/wp\/v2\/comments?post=6786"}],"version-history":[{"count":1,"href":"https:\/\/agora.xtec.cat\/ies-santa-eulalia\/wp-json\/wp\/v2\/posts\/6786\/revisions"}],"predecessor-version":[{"id":6793,"href":"https:\/\/agora.xtec.cat\/ies-santa-eulalia\/wp-json\/wp\/v2\/posts\/6786\/revisions\/6793"}],"wp:featuredmedia":[{"embeddable":true,"href":"https:\/\/agora.xtec.cat\/ies-santa-eulalia\/wp-json\/wp\/v2\/media\/6789"}],"wp:attachment":[{"href":"https:\/\/agora.xtec.cat\/ies-santa-eulalia\/wp-json\/wp\/v2\/media?parent=6786"}],"wp:term":[{"taxonomy":"category","embeddable":true,"href":"https:\/\/agora.xtec.cat\/ies-santa-eulalia\/wp-json\/wp\/v2\/categories?post=6786"},{"taxonomy":"post_tag","embeddable":true,"href":"https:\/\/agora.xtec.cat\/ies-santa-eulalia\/wp-json\/wp\/v2\/tags?post=6786"}],"curies":[{"name":"wp","href":"https:\/\/api.w.org\/{rel}","templated":true}]}}