{"id":6776,"date":"2020-12-01T11:36:11","date_gmt":"2020-12-01T10:36:11","guid":{"rendered":"http:\/\/agora.xtec.cat\/ies-santa-eulalia\/?p=6776"},"modified":"2020-12-18T13:58:55","modified_gmt":"2020-12-18T12:58:55","slug":"dia-de-la-filosofia-pensem-a-primer-deso","status":"publish","type":"post","link":"https:\/\/agora.xtec.cat\/ies-santa-eulalia\/general\/dia-de-la-filosofia-pensem-a-primer-deso\/","title":{"rendered":"Dia de la filosofia: pensem a primer d&#8217;eso"},"content":{"rendered":"<div><a href=\"https:\/\/agora.xtec.cat\/ies-santa-eulalia\/wp-content\/uploads\/usu1612\/2020\/12\/IMG_0781-1-e1606818709930.jpg\"><img loading=\"lazy\" decoding=\"async\" class=\" wp-image-6777 alignleft\" src=\"https:\/\/agora.xtec.cat\/ies-santa-eulalia\/wp-content\/uploads\/usu1612\/2020\/12\/IMG_0781-1-e1606818709930.jpg\" alt=\"\" width=\"387\" height=\"516\" srcset=\"https:\/\/agora.xtec.cat\/ies-santa-eulalia\/wp-content\/uploads\/usu1612\/2020\/12\/IMG_0781-1-e1606818709930.jpg 3024w, https:\/\/agora.xtec.cat\/ies-santa-eulalia\/wp-content\/uploads\/usu1612\/2020\/12\/IMG_0781-1-e1606818709930-225x300.jpg 225w, https:\/\/agora.xtec.cat\/ies-santa-eulalia\/wp-content\/uploads\/usu1612\/2020\/12\/IMG_0781-1-e1606818709930-768x1024.jpg 768w\" sizes=\"auto, (max-width: 387px) 100vw, 387px\" \/><\/a>El 19 de novembre va ser el dia mundial de la filosofia.<\/div>\n<div><\/div>\n<div>La filosofia \u00e9s l&#8217;estudi de la natura de la realitat i de l&#8217;exist\u00e8ncia. L&#8217;origen prov\u00e9 del mot grec\u00a0<i>ph\u00edlosoph\u00eda<\/i>\u00a0que significa &#8220;l&#8217;amor per la saviesa&#8221; i vol arribar al coneixement del sentit de la vida. Prov\u00e9 de la tend\u00e8ncia dels \u00e9ssers humans a sentir-se meravellats per s\u00ed mateixos i pel m\u00f3n que ens envolta.<\/div>\n<div>La filosofia ens ensenya a reflexionar, a q\u00fcestionar les veritats establertes, a verificar hip\u00f2tesis i a trobar conclusions.<\/div>\n<div><\/div>\n<div>El dia Mundial de la Filosofia celebra la import\u00e0ncia de la reflexi\u00f3 filos\u00f2fica i anima les persones d&#8217;arreu a compartir les seves reflexions entre s\u00ed.<\/div>\n<div>A m\u00e9s, ajuda a consolidar els aut\u00e8ntics fonaments de la coexist\u00e8ncia pac\u00edfica i la toler\u00e0ncia.<\/div>\n<div><\/div>\n<div>Per totes aquestes raons, els alumnes de 1r E ESO, que cursen aquesta optativa, van dedicar la jornada a pensar sobre uns dels aspectes de la condici\u00f3 humana. Per qu\u00e8 actuem d&#8217;una determinada manera davant d&#8217;un fet senzill i quotidi\u00e0?<\/div>\n<div>\n<p>A partir de la lectura del conte &#8220;La historia de Di\u00f3genes de Sinope&#8221;, al qual li mancava el final, els alumnes van pensar i escriure quina podria ser la conclusi\u00f3 m\u00e9s l\u00f2gica i raonable. Van posar en com\u00fa el que havien escrit i, finalment, entre tots plegats van buscar el sentit del final del conte.<\/p>\n<p>El resultat de la jornada va ser molt enriquidor per a tothom, explicant experi\u00e8ncies pr\u00f2pies i possibles canvis que podem fer per millorar com a \u00e9ssers humans.<\/p>\n<p>Des d&#8217;aquest rac\u00f3 de l&#8217;institut us convidem a que llegiu tamb\u00e9 el conte i que reflexioneu sobre el fet en s\u00ed mateix.<\/p>\n<\/div>\n<p>&nbsp;<\/p>\n<p>Mireu algunes fotos m\u00e9s de l&#8217;activitat:<\/p>\n<table style=\"height: 101px;\" width=\"1089\">\n<tbody>\n<tr>\n<td style=\"width: 359px;\"><a href=\"https:\/\/agora.xtec.cat\/ies-santa-eulalia\/wp-content\/uploads\/usu1612\/2020\/12\/IMG_0776-1.jpg\"><img loading=\"lazy\" decoding=\"async\" class=\"alignnone size-full wp-image-6778\" src=\"https:\/\/agora.xtec.cat\/ies-santa-eulalia\/wp-content\/uploads\/usu1612\/2020\/12\/IMG_0776-1.jpg\" alt=\"\" width=\"4032\" height=\"3024\" srcset=\"https:\/\/agora.xtec.cat\/ies-santa-eulalia\/wp-content\/uploads\/usu1612\/2020\/12\/IMG_0776-1.jpg 4032w, https:\/\/agora.xtec.cat\/ies-santa-eulalia\/wp-content\/uploads\/usu1612\/2020\/12\/IMG_0776-1-300x225.jpg 300w, https:\/\/agora.xtec.cat\/ies-santa-eulalia\/wp-content\/uploads\/usu1612\/2020\/12\/IMG_0776-1-768x576.jpg 768w, https:\/\/agora.xtec.cat\/ies-santa-eulalia\/wp-content\/uploads\/usu1612\/2020\/12\/IMG_0776-1-1024x768.jpg 1024w, https:\/\/agora.xtec.cat\/ies-santa-eulalia\/wp-content\/uploads\/usu1612\/2020\/12\/IMG_0776-1-200x150.jpg 200w\" sizes=\"auto, (max-width: 4032px) 100vw, 4032px\" \/><\/a><\/td>\n<td style=\"width: 360px;\"><a href=\"https:\/\/agora.xtec.cat\/ies-santa-eulalia\/wp-content\/uploads\/usu1612\/2020\/12\/IMG_07841-1.jpg\"><img loading=\"lazy\" decoding=\"async\" class=\"alignnone size-full wp-image-6781\" src=\"https:\/\/agora.xtec.cat\/ies-santa-eulalia\/wp-content\/uploads\/usu1612\/2020\/12\/IMG_07841-1.jpg\" alt=\"\" width=\"4032\" height=\"3024\" srcset=\"https:\/\/agora.xtec.cat\/ies-santa-eulalia\/wp-content\/uploads\/usu1612\/2020\/12\/IMG_07841-1.jpg 4032w, https:\/\/agora.xtec.cat\/ies-santa-eulalia\/wp-content\/uploads\/usu1612\/2020\/12\/IMG_07841-1-300x225.jpg 300w, https:\/\/agora.xtec.cat\/ies-santa-eulalia\/wp-content\/uploads\/usu1612\/2020\/12\/IMG_07841-1-768x576.jpg 768w, https:\/\/agora.xtec.cat\/ies-santa-eulalia\/wp-content\/uploads\/usu1612\/2020\/12\/IMG_07841-1-1024x768.jpg 1024w, https:\/\/agora.xtec.cat\/ies-santa-eulalia\/wp-content\/uploads\/usu1612\/2020\/12\/IMG_07841-1-200x150.jpg 200w\" sizes=\"auto, (max-width: 4032px) 100vw, 4032px\" \/><\/a><\/td>\n<td style=\"width: 360px;\"><a href=\"https:\/\/agora.xtec.cat\/ies-santa-eulalia\/wp-content\/uploads\/usu1612\/2020\/12\/IMG_0783-1.jpg\"><img loading=\"lazy\" decoding=\"async\" class=\"alignnone size-full wp-image-6780\" src=\"https:\/\/agora.xtec.cat\/ies-santa-eulalia\/wp-content\/uploads\/usu1612\/2020\/12\/IMG_0783-1.jpg\" alt=\"\" width=\"4032\" height=\"3024\" srcset=\"https:\/\/agora.xtec.cat\/ies-santa-eulalia\/wp-content\/uploads\/usu1612\/2020\/12\/IMG_0783-1.jpg 4032w, https:\/\/agora.xtec.cat\/ies-santa-eulalia\/wp-content\/uploads\/usu1612\/2020\/12\/IMG_0783-1-300x225.jpg 300w, https:\/\/agora.xtec.cat\/ies-santa-eulalia\/wp-content\/uploads\/usu1612\/2020\/12\/IMG_0783-1-768x576.jpg 768w, https:\/\/agora.xtec.cat\/ies-santa-eulalia\/wp-content\/uploads\/usu1612\/2020\/12\/IMG_0783-1-1024x768.jpg 1024w, https:\/\/agora.xtec.cat\/ies-santa-eulalia\/wp-content\/uploads\/usu1612\/2020\/12\/IMG_0783-1-200x150.jpg 200w\" sizes=\"auto, (max-width: 4032px) 100vw, 4032px\" \/><\/a><\/td>\n<\/tr>\n<tr>\n<td style=\"width: 359px;\" colspan=\"3\"><a href=\"https:\/\/agora.xtec.cat\/ies-santa-eulalia\/wp-content\/uploads\/usu1612\/2020\/12\/IMG_0786-1.jpg\"><img loading=\"lazy\" decoding=\"async\" class=\"alignnone size-full wp-image-6782\" src=\"https:\/\/agora.xtec.cat\/ies-santa-eulalia\/wp-content\/uploads\/usu1612\/2020\/12\/IMG_0786-1.jpg\" alt=\"\" width=\"4032\" height=\"3024\" srcset=\"https:\/\/agora.xtec.cat\/ies-santa-eulalia\/wp-content\/uploads\/usu1612\/2020\/12\/IMG_0786-1.jpg 4032w, https:\/\/agora.xtec.cat\/ies-santa-eulalia\/wp-content\/uploads\/usu1612\/2020\/12\/IMG_0786-1-300x225.jpg 300w, https:\/\/agora.xtec.cat\/ies-santa-eulalia\/wp-content\/uploads\/usu1612\/2020\/12\/IMG_0786-1-768x576.jpg 768w, https:\/\/agora.xtec.cat\/ies-santa-eulalia\/wp-content\/uploads\/usu1612\/2020\/12\/IMG_0786-1-1024x768.jpg 1024w, https:\/\/agora.xtec.cat\/ies-santa-eulalia\/wp-content\/uploads\/usu1612\/2020\/12\/IMG_0786-1-200x150.jpg 200w\" sizes=\"auto, (max-width: 4032px) 100vw, 4032px\" \/><\/a><\/td>\n<\/tr>\n<\/tbody>\n<\/table>\n","protected":false},"excerpt":{"rendered":"<p><a href=\"https:\/\/agora.xtec.cat\/ies-santa-eulalia\/wp-content\/uploads\/usu1612\/2020\/12\/IMG_0781-1-e1606818709930.jpg\"><\/a>El 19 de novembre va ser el dia mundial de la filosofia.<\/p>\n<p>La filosofia \u00e9s l&#8217;estudi de la natura de la realitat i de l&#8217;exist\u00e8ncia. L&#8217;origen prov\u00e9 del mot grec\u00a0ph\u00edlosoph\u00eda\u00a0que significa &#8220;l&#8217;amor per la saviesa&#8221; i vol arribar al coneixement del sentit de la vida.&hellip;  <a href=\"https:\/\/agora.xtec.cat\/ies-santa-eulalia\/general\/dia-de-la-filosofia-pensem-a-primer-deso\/\" title=\"Read Dia de la filosofia: pensem a primer d&#8217;eso\">Llegeix m\u00e9s\u00bb<\/a><\/p>\n","protected":false},"author":1,"featured_media":6782,"comment_status":"open","ping_status":"closed","sticky":false,"template":"","format":"standard","meta":{"_bbp_topic_count":0,"_bbp_reply_count":0,"_bbp_total_topic_count":0,"_bbp_total_reply_count":0,"_bbp_voice_count":0,"_bbp_anonymous_reply_count":0,"_bbp_topic_count_hidden":0,"_bbp_reply_count_hidden":0,"_bbp_forum_subforum_count":0,"footnotes":""},"categories":[214,3,1,29],"tags":[],"class_list":["post-6776","post","type-post","status-publish","format-standard","has-post-thumbnail","hentry","category-activitats-castella","category-eso","category-general","category-portada"],"post_mailing_queue_ids":[],"_links":{"self":[{"href":"https:\/\/agora.xtec.cat\/ies-santa-eulalia\/wp-json\/wp\/v2\/posts\/6776","targetHints":{"allow":["GET"]}}],"collection":[{"href":"https:\/\/agora.xtec.cat\/ies-santa-eulalia\/wp-json\/wp\/v2\/posts"}],"about":[{"href":"https:\/\/agora.xtec.cat\/ies-santa-eulalia\/wp-json\/wp\/v2\/types\/post"}],"author":[{"embeddable":true,"href":"https:\/\/agora.xtec.cat\/ies-santa-eulalia\/wp-json\/wp\/v2\/users\/1"}],"replies":[{"embeddable":true,"href":"https:\/\/agora.xtec.cat\/ies-santa-eulalia\/wp-json\/wp\/v2\/comments?post=6776"}],"version-history":[{"count":3,"href":"https:\/\/agora.xtec.cat\/ies-santa-eulalia\/wp-json\/wp\/v2\/posts\/6776\/revisions"}],"predecessor-version":[{"id":6785,"href":"https:\/\/agora.xtec.cat\/ies-santa-eulalia\/wp-json\/wp\/v2\/posts\/6776\/revisions\/6785"}],"wp:featuredmedia":[{"embeddable":true,"href":"https:\/\/agora.xtec.cat\/ies-santa-eulalia\/wp-json\/wp\/v2\/media\/6782"}],"wp:attachment":[{"href":"https:\/\/agora.xtec.cat\/ies-santa-eulalia\/wp-json\/wp\/v2\/media?parent=6776"}],"wp:term":[{"taxonomy":"category","embeddable":true,"href":"https:\/\/agora.xtec.cat\/ies-santa-eulalia\/wp-json\/wp\/v2\/categories?post=6776"},{"taxonomy":"post_tag","embeddable":true,"href":"https:\/\/agora.xtec.cat\/ies-santa-eulalia\/wp-json\/wp\/v2\/tags?post=6776"}],"curies":[{"name":"wp","href":"https:\/\/api.w.org\/{rel}","templated":true}]}}