{"id":6761,"date":"2020-11-25T09:25:42","date_gmt":"2020-11-25T08:25:42","guid":{"rendered":"http:\/\/agora.xtec.cat\/ies-santa-eulalia\/?p=6761"},"modified":"2020-12-18T14:00:32","modified_gmt":"2020-12-18T13:00:32","slug":"dia-de-la-no-violencia-envers-les-dones","status":"publish","type":"post","link":"https:\/\/agora.xtec.cat\/ies-santa-eulalia\/general\/dia-de-la-no-violencia-envers-les-dones\/","title":{"rendered":"25N Dia de la no viol\u00e8ncia envers les dones"},"content":{"rendered":"<p>Avui dia <strong>25 de novembre<\/strong>, com cada curs, des de l&#8217;institut ens afegim a la celebraci\u00f3 del dia mundial per a <span style=\"color: #800080;\"><strong>l&#8217;eliminaci\u00f3 de la viol\u00e8ncia envers les dones<\/strong><\/span>.<\/p>\n<p>Molts dels professors ja estan realitzant activitats relacionades amb el tema, i alguns i algunes dels i les alumnes han vingut a l&#8217;institut portant alguna cosa de color lila per mostrar el seu suport i al\u00e7ar la veu contra el maltractament masclista. A m\u00e9s a m\u00e9s, i entre la resta de coses, s&#8217;han repartit pulseres a totes les persones del centre amb frases i esl\u00f2gans que sempre hem de recordar.<\/p>\n<table style=\"height: 416px; width: 1042px;\" width=\"1035\">\n<tbody>\n<tr style=\"height: 223px;\">\n<td style=\"width: 230px; height: 416px;\" rowspan=\"2\"><a href=\"https:\/\/agora.xtec.cat\/ies-santa-eulalia\/wp-content\/uploads\/usu1612\/2020\/11\/IMG-20201130-WA0008.jpg\"><img loading=\"lazy\" decoding=\"async\" class=\"wp-image-6772 aligncenter\" src=\"https:\/\/agora.xtec.cat\/ies-santa-eulalia\/wp-content\/uploads\/usu1612\/2020\/11\/IMG-20201130-WA0008.jpg\" alt=\"\" width=\"225\" height=\"464\" srcset=\"https:\/\/agora.xtec.cat\/ies-santa-eulalia\/wp-content\/uploads\/usu1612\/2020\/11\/IMG-20201130-WA0008.jpg 777w, https:\/\/agora.xtec.cat\/ies-santa-eulalia\/wp-content\/uploads\/usu1612\/2020\/11\/IMG-20201130-WA0008-146x300.jpg 146w, https:\/\/agora.xtec.cat\/ies-santa-eulalia\/wp-content\/uploads\/usu1612\/2020\/11\/IMG-20201130-WA0008-768x1581.jpg 768w, https:\/\/agora.xtec.cat\/ies-santa-eulalia\/wp-content\/uploads\/usu1612\/2020\/11\/IMG-20201130-WA0008-497x1024.jpg 497w\" sizes=\"auto, (max-width: 225px) 100vw, 225px\" \/><\/a><\/td>\n<td style=\"width: 304px; height: 223px;\"><a href=\"https:\/\/agora.xtec.cat\/ies-santa-eulalia\/wp-content\/uploads\/usu1612\/2020\/11\/IMG-20201130-WA0004.jpg\"><img loading=\"lazy\" decoding=\"async\" class=\"alignnone size-full wp-image-6767\" src=\"https:\/\/agora.xtec.cat\/ies-santa-eulalia\/wp-content\/uploads\/usu1612\/2020\/11\/IMG-20201130-WA0004.jpg\" alt=\"\" width=\"1600\" height=\"777\" srcset=\"https:\/\/agora.xtec.cat\/ies-santa-eulalia\/wp-content\/uploads\/usu1612\/2020\/11\/IMG-20201130-WA0004.jpg 1600w, https:\/\/agora.xtec.cat\/ies-santa-eulalia\/wp-content\/uploads\/usu1612\/2020\/11\/IMG-20201130-WA0004-300x146.jpg 300w, https:\/\/agora.xtec.cat\/ies-santa-eulalia\/wp-content\/uploads\/usu1612\/2020\/11\/IMG-20201130-WA0004-768x373.jpg 768w, https:\/\/agora.xtec.cat\/ies-santa-eulalia\/wp-content\/uploads\/usu1612\/2020\/11\/IMG-20201130-WA0004-1024x497.jpg 1024w\" sizes=\"auto, (max-width: 1600px) 100vw, 1600px\" \/><\/a><\/td>\n<td style=\"width: 327px; height: 223px;\"><a href=\"https:\/\/agora.xtec.cat\/ies-santa-eulalia\/wp-content\/uploads\/usu1612\/2020\/11\/IMG-20201130-WA0006.jpg\"><img loading=\"lazy\" decoding=\"async\" class=\"alignnone size-full wp-image-6766\" src=\"https:\/\/agora.xtec.cat\/ies-santa-eulalia\/wp-content\/uploads\/usu1612\/2020\/11\/IMG-20201130-WA0006.jpg\" alt=\"\" width=\"1600\" height=\"777\" srcset=\"https:\/\/agora.xtec.cat\/ies-santa-eulalia\/wp-content\/uploads\/usu1612\/2020\/11\/IMG-20201130-WA0006.jpg 1600w, https:\/\/agora.xtec.cat\/ies-santa-eulalia\/wp-content\/uploads\/usu1612\/2020\/11\/IMG-20201130-WA0006-300x146.jpg 300w, https:\/\/agora.xtec.cat\/ies-santa-eulalia\/wp-content\/uploads\/usu1612\/2020\/11\/IMG-20201130-WA0006-768x373.jpg 768w, https:\/\/agora.xtec.cat\/ies-santa-eulalia\/wp-content\/uploads\/usu1612\/2020\/11\/IMG-20201130-WA0006-1024x497.jpg 1024w\" sizes=\"auto, (max-width: 1600px) 100vw, 1600px\" \/><\/a><\/td>\n<td style=\"width: 169px; height: 416px;\" rowspan=\"2\"><a href=\"https:\/\/agora.xtec.cat\/ies-santa-eulalia\/wp-content\/uploads\/usu1612\/2020\/11\/IMG-20201130-WA0007.jpg\"><img loading=\"lazy\" decoding=\"async\" class=\"alignnone size-full wp-image-6771\" src=\"https:\/\/agora.xtec.cat\/ies-santa-eulalia\/wp-content\/uploads\/usu1612\/2020\/11\/IMG-20201130-WA0007.jpg\" alt=\"\" width=\"777\" height=\"1600\" srcset=\"https:\/\/agora.xtec.cat\/ies-santa-eulalia\/wp-content\/uploads\/usu1612\/2020\/11\/IMG-20201130-WA0007.jpg 777w, https:\/\/agora.xtec.cat\/ies-santa-eulalia\/wp-content\/uploads\/usu1612\/2020\/11\/IMG-20201130-WA0007-146x300.jpg 146w, https:\/\/agora.xtec.cat\/ies-santa-eulalia\/wp-content\/uploads\/usu1612\/2020\/11\/IMG-20201130-WA0007-768x1581.jpg 768w, https:\/\/agora.xtec.cat\/ies-santa-eulalia\/wp-content\/uploads\/usu1612\/2020\/11\/IMG-20201130-WA0007-497x1024.jpg 497w\" sizes=\"auto, (max-width: 777px) 100vw, 777px\" \/><\/a><\/td>\n<\/tr>\n<tr style=\"height: 193px;\">\n<td style=\"width: 304px; height: 193px;\"><a href=\"https:\/\/agora.xtec.cat\/ies-santa-eulalia\/wp-content\/uploads\/usu1612\/2020\/11\/IMG-20201130-WA0002.jpg\"><img loading=\"lazy\" decoding=\"async\" class=\"alignnone size-full wp-image-6768\" src=\"https:\/\/agora.xtec.cat\/ies-santa-eulalia\/wp-content\/uploads\/usu1612\/2020\/11\/IMG-20201130-WA0002.jpg\" alt=\"\" width=\"1600\" height=\"777\" srcset=\"https:\/\/agora.xtec.cat\/ies-santa-eulalia\/wp-content\/uploads\/usu1612\/2020\/11\/IMG-20201130-WA0002.jpg 1600w, https:\/\/agora.xtec.cat\/ies-santa-eulalia\/wp-content\/uploads\/usu1612\/2020\/11\/IMG-20201130-WA0002-300x146.jpg 300w, https:\/\/agora.xtec.cat\/ies-santa-eulalia\/wp-content\/uploads\/usu1612\/2020\/11\/IMG-20201130-WA0002-768x373.jpg 768w, https:\/\/agora.xtec.cat\/ies-santa-eulalia\/wp-content\/uploads\/usu1612\/2020\/11\/IMG-20201130-WA0002-1024x497.jpg 1024w\" sizes=\"auto, (max-width: 1600px) 100vw, 1600px\" \/><\/a><\/td>\n<td style=\"width: 327px; height: 193px;\"><a href=\"https:\/\/agora.xtec.cat\/ies-santa-eulalia\/wp-content\/uploads\/usu1612\/2020\/11\/IMG-20201130-WA0003.jpg\"><img loading=\"lazy\" decoding=\"async\" class=\"alignnone size-full wp-image-6770\" src=\"https:\/\/agora.xtec.cat\/ies-santa-eulalia\/wp-content\/uploads\/usu1612\/2020\/11\/IMG-20201130-WA0003.jpg\" alt=\"\" width=\"1600\" height=\"777\" srcset=\"https:\/\/agora.xtec.cat\/ies-santa-eulalia\/wp-content\/uploads\/usu1612\/2020\/11\/IMG-20201130-WA0003.jpg 1600w, https:\/\/agora.xtec.cat\/ies-santa-eulalia\/wp-content\/uploads\/usu1612\/2020\/11\/IMG-20201130-WA0003-300x146.jpg 300w, https:\/\/agora.xtec.cat\/ies-santa-eulalia\/wp-content\/uploads\/usu1612\/2020\/11\/IMG-20201130-WA0003-768x373.jpg 768w, https:\/\/agora.xtec.cat\/ies-santa-eulalia\/wp-content\/uploads\/usu1612\/2020\/11\/IMG-20201130-WA0003-1024x497.jpg 1024w\" sizes=\"auto, (max-width: 1600px) 100vw, 1600px\" \/><\/a><\/td>\n<\/tr>\n<\/tbody>\n<\/table>\n<p><span style=\"font-family: inherit; font-size: 1em;\">Tamb\u00e9 hem fet pancartes per mostrar la nostra fermesa i fer visible el nostre posicionament a tothom. A la porta del darrere del centre, un grup d&#8217;alumnes nois ha escrit un petit poema on queden reflectides les seves idees i reivindicacions. Quina ha estat la nostra sorpresa quan hem tornat dilluns i ens hem trobat que alg\u00fa havia escrit alguna cosa a sobre. Guaiteu, guaiteu!!!!<\/span><\/p>\n<p>&nbsp;<\/p>\n<p>I alguns i algunes alumnes han fet un v\u00eddeo on s&#8217;expressen de forma clara i directa. Realment \u00e9s una feina excel\u00b7lent i n&#8217;estem super orgullosos i orgulloses. No us ho perdeu! Aqu\u00ed teniu l&#8217;<strong><a href=\"https:\/\/drive.google.com\/file\/d\/1WCN8gJI0YM8P9Aq3svyhtIaeYUSb8s5Q\/view?usp=sharing\">enlla\u00e7<\/a>.<\/strong><\/p>\n<p>&nbsp;<\/p>\n<p>\u00c9s responsabilitat de tots denunciar la viol\u00e8ncia, en totes les seves vessants. I des de primer d&#8217;eso fins a l&#8217;\u00faltim curs de batxillerat, professors i pas, volem compartir aquesta defensa dels nostres drets amb el nostre alumnat.<\/p>\n<p><span style=\"color: #800080;\"><strong>El futur que ens arribar\u00e0 est\u00e0, m\u00e9s que a cap altre lloc, a les seves mans.<\/strong><\/span> <span style=\"color: #800080;\"><strong>I a les nostres<\/strong><\/span>.<\/p>\n<p>&nbsp;<\/p>\n","protected":false},"excerpt":{"rendered":"<p>Avui dia 25 de novembre, com cada curs, des de l&#8217;institut ens afegim a la celebraci\u00f3 del dia mundial per a l&#8217;eliminaci\u00f3 de la viol\u00e8ncia envers les dones.<br \/>\nMolts dels professors ja estan realitzant activitats relacionades amb el tema, i alguns i algunes dels i les&hellip;  <a href=\"https:\/\/agora.xtec.cat\/ies-santa-eulalia\/general\/dia-de-la-no-violencia-envers-les-dones\/\" title=\"Read 25N Dia de la no viol\u00e8ncia envers les dones\">Llegeix m\u00e9s\u00bb<\/a><\/p>\n","protected":false},"author":1,"featured_media":6762,"comment_status":"open","ping_status":"closed","sticky":false,"template":"","format":"standard","meta":{"_bbp_topic_count":0,"_bbp_reply_count":0,"_bbp_total_topic_count":0,"_bbp_total_reply_count":0,"_bbp_voice_count":0,"_bbp_anonymous_reply_count":0,"_bbp_topic_count_hidden":0,"_bbp_reply_count_hidden":0,"_bbp_forum_subforum_count":0,"footnotes":""},"categories":[3,1,29],"tags":[],"class_list":["post-6761","post","type-post","status-publish","format-standard","has-post-thumbnail","hentry","category-eso","category-general","category-portada"],"post_mailing_queue_ids":[],"_links":{"self":[{"href":"https:\/\/agora.xtec.cat\/ies-santa-eulalia\/wp-json\/wp\/v2\/posts\/6761","targetHints":{"allow":["GET"]}}],"collection":[{"href":"https:\/\/agora.xtec.cat\/ies-santa-eulalia\/wp-json\/wp\/v2\/posts"}],"about":[{"href":"https:\/\/agora.xtec.cat\/ies-santa-eulalia\/wp-json\/wp\/v2\/types\/post"}],"author":[{"embeddable":true,"href":"https:\/\/agora.xtec.cat\/ies-santa-eulalia\/wp-json\/wp\/v2\/users\/1"}],"replies":[{"embeddable":true,"href":"https:\/\/agora.xtec.cat\/ies-santa-eulalia\/wp-json\/wp\/v2\/comments?post=6761"}],"version-history":[{"count":4,"href":"https:\/\/agora.xtec.cat\/ies-santa-eulalia\/wp-json\/wp\/v2\/posts\/6761\/revisions"}],"predecessor-version":[{"id":6859,"href":"https:\/\/agora.xtec.cat\/ies-santa-eulalia\/wp-json\/wp\/v2\/posts\/6761\/revisions\/6859"}],"wp:featuredmedia":[{"embeddable":true,"href":"https:\/\/agora.xtec.cat\/ies-santa-eulalia\/wp-json\/wp\/v2\/media\/6762"}],"wp:attachment":[{"href":"https:\/\/agora.xtec.cat\/ies-santa-eulalia\/wp-json\/wp\/v2\/media?parent=6761"}],"wp:term":[{"taxonomy":"category","embeddable":true,"href":"https:\/\/agora.xtec.cat\/ies-santa-eulalia\/wp-json\/wp\/v2\/categories?post=6761"},{"taxonomy":"post_tag","embeddable":true,"href":"https:\/\/agora.xtec.cat\/ies-santa-eulalia\/wp-json\/wp\/v2\/tags?post=6761"}],"curies":[{"name":"wp","href":"https:\/\/api.w.org\/{rel}","templated":true}]}}