{"id":671,"date":"2017-04-26T12:08:37","date_gmt":"2017-04-26T10:08:37","guid":{"rendered":"http:\/\/agora.xtec.cat\/ies-santa-eulalia\/?p=671"},"modified":"2017-04-26T12:10:51","modified_gmt":"2017-04-26T10:10:51","slug":"coordinacio-amb-primaria","status":"publish","type":"post","link":"https:\/\/agora.xtec.cat\/ies-santa-eulalia\/eso\/coordinacio-amb-primaria\/","title":{"rendered":"Coordinaci\u00f3 amb Prim\u00e0ria"},"content":{"rendered":"<p>L&#8217;ESO mant\u00e9 la coher\u00e8ncia amb l&#8217;educaci\u00f3 prim\u00e0ria i garanteix la coordinaci\u00f3 amb els centres de proced\u00e8ncia del nou alumnat, per tal d&#8217;assegurar-ne una transici\u00f3 adequada i facilitar la continu\u00eftat del seu proc\u00e9s educatiu.<\/p>\n<p>Les Coordinadores de l&#8217;ESO a l&#8217;Institut i la Coordinadora Pedag\u00f2gica formen part del\u00a0Grup de Treball de Coordinaci\u00f3 de Prim\u00e0ria i Secund\u00e0ria. Les reunions d&#8217;aquest grup s\u00f3n mensuals i hi estan representats els instituts, algunes escoles p\u00fabliques de Santa Eul\u00e0lia i l&#8217;EAP. El Centre de Recursos de l&#8217;Hospitalet en porta la coordinaci\u00f3. T\u00e9 la voluntat d&#8217;aprofundir en el coneixement i la coordinaci\u00f3 entre escoles i instituts en aspectes com l&#8217;acci\u00f3 tutorial, l&#8217;absentisme, les mesures disciplin\u00e0ries, les compet\u00e8ncies socials, etc.<\/p>\n<p>Els objectius d&#8217;aquesta coordinaci\u00f3 s\u00f3n:<\/p>\n<ol>\n<li>Coordinar de l&#8217;acci\u00f3 tutorial pel que fa a h\u00e0bits de treball<\/li>\n<li>Coordinar del tractament de la diversitat a prim\u00e0ria i secund\u00e0ria<\/li>\n<li>Promoure el foment de\u00a0la lectura<\/li>\n<li>Coordinar la comunicaci\u00f3 amb les fam\u00edlies<\/li>\n<li>Assegurar la disciplina en l&#8217;\u00e0mbit escolar, tant a prim\u00e0ria com a secund\u00e0ria<\/li>\n<li>Valorar el resultat de l&#8217;aplicaci\u00f3 de les compet\u00e8ncies b\u00e0siques<\/li>\n<li>Participar en la &#8216;Roda de contes&#8217;<\/li>\n<li>Procurar les reunions dels departaments de Catal\u00e0, Castell\u00e0 i Matem\u00e0tiques dels instituts i les escoles per coordinar els continguts de les mat\u00e8ries instrumentals<\/li>\n<li>Intercanviar experi\u00e8ncies del projecte 1&#215;1.<\/li>\n<\/ol>\n<p>Els\u00a0Centres p\u00fablics adscrits\u00a0al nostre institut s\u00f3n els de la\u00a0Zona A: Escola Proven\u00e7ana, Escola Prat de la Manta, Escola Frederic Mistral, Escola Pompeu Fabra, Escola Milagros Consarnau, Escola Bernat Desclot. (Tamb\u00e9 s\u00f3n de la\u00a0Zona A\u00a0els centres privats o concertats Azor\u00edn i Casal dels \u00c0ngels.)<\/p>\n","protected":false},"excerpt":{"rendered":"<p>L&#8217;ESO mant\u00e9 la coher\u00e8ncia amb l&#8217;educaci\u00f3 prim\u00e0ria i garanteix la coordinaci\u00f3 amb els centres de proced\u00e8ncia del nou alumnat, per tal d&#8217;assegurar-ne una transici\u00f3 adequada i facilitar la continu\u00eftat del seu proc\u00e9s educatiu.<br \/>\nLes Coordinadores de l&#8217;ESO a l&#8217;Institut i la Coordinadora Pedag\u00f2gica formen part del\u00a0Grup&hellip;  <a href=\"https:\/\/agora.xtec.cat\/ies-santa-eulalia\/eso\/coordinacio-amb-primaria\/\" title=\"Read Coordinaci\u00f3 amb Prim\u00e0ria\">Llegeix m\u00e9s\u00bb<\/a><\/p>\n","protected":false},"author":1,"featured_media":0,"comment_status":"open","ping_status":"open","sticky":false,"template":"","format":"standard","meta":{"_bbp_topic_count":0,"_bbp_reply_count":0,"_bbp_total_topic_count":0,"_bbp_total_reply_count":0,"_bbp_voice_count":0,"_bbp_anonymous_reply_count":0,"_bbp_topic_count_hidden":0,"_bbp_reply_count_hidden":0,"_bbp_forum_subforum_count":0,"footnotes":""},"categories":[3],"tags":[],"class_list":["post-671","post","type-post","status-publish","format-standard","hentry","category-eso"],"post_mailing_queue_ids":[],"_links":{"self":[{"href":"https:\/\/agora.xtec.cat\/ies-santa-eulalia\/wp-json\/wp\/v2\/posts\/671","targetHints":{"allow":["GET"]}}],"collection":[{"href":"https:\/\/agora.xtec.cat\/ies-santa-eulalia\/wp-json\/wp\/v2\/posts"}],"about":[{"href":"https:\/\/agora.xtec.cat\/ies-santa-eulalia\/wp-json\/wp\/v2\/types\/post"}],"author":[{"embeddable":true,"href":"https:\/\/agora.xtec.cat\/ies-santa-eulalia\/wp-json\/wp\/v2\/users\/1"}],"replies":[{"embeddable":true,"href":"https:\/\/agora.xtec.cat\/ies-santa-eulalia\/wp-json\/wp\/v2\/comments?post=671"}],"version-history":[{"count":2,"href":"https:\/\/agora.xtec.cat\/ies-santa-eulalia\/wp-json\/wp\/v2\/posts\/671\/revisions"}],"predecessor-version":[{"id":676,"href":"https:\/\/agora.xtec.cat\/ies-santa-eulalia\/wp-json\/wp\/v2\/posts\/671\/revisions\/676"}],"wp:attachment":[{"href":"https:\/\/agora.xtec.cat\/ies-santa-eulalia\/wp-json\/wp\/v2\/media?parent=671"}],"wp:term":[{"taxonomy":"category","embeddable":true,"href":"https:\/\/agora.xtec.cat\/ies-santa-eulalia\/wp-json\/wp\/v2\/categories?post=671"},{"taxonomy":"post_tag","embeddable":true,"href":"https:\/\/agora.xtec.cat\/ies-santa-eulalia\/wp-json\/wp\/v2\/tags?post=671"}],"curies":[{"name":"wp","href":"https:\/\/api.w.org\/{rel}","templated":true}]}}