{"id":6708,"date":"2020-11-12T12:21:17","date_gmt":"2020-11-12T11:21:17","guid":{"rendered":"http:\/\/agora.xtec.cat\/ies-santa-eulalia\/?p=6708"},"modified":"2020-11-12T12:23:53","modified_gmt":"2020-11-12T11:23:53","slug":"consell-de-nois-i-noies-de-lhospitalet","status":"publish","type":"post","link":"https:\/\/agora.xtec.cat\/ies-santa-eulalia\/general\/consell-de-nois-i-noies-de-lhospitalet\/","title":{"rendered":"Consell de nois i noies de l&#8217;Hospitalet"},"content":{"rendered":"<p>El passat 10 de novembre va tenir lloc el plenari de constituci\u00f3 del Consell de Nois i Noies de l&#8217;Hospitalet per al curs 2020-2021, amb la participaci\u00f3 de l&#8217;alcaldessa, N\u00faria Mar\u00edn, i del regidor d&#8217;educaci\u00f3, cultura i innovaci\u00f3, David Quir\u00f3s.<\/p>\n<p>Aquest ser\u00e0 un curs especial, ja que la pand\u00e8mia obliga, de moment, a que tota la feina es\u00a0desenvolupi en l\u00ednia.<\/p>\n<p>L&#8217;objectiu del Consell de Nois i Noies \u00e9s donar veu als infants i adolescents per impulsar la seva participaci\u00f3 en projectes de ciutat i formar ciutadans i ciutadanes cr\u00edtics, responsables i compromesos..<\/p>\n<p style=\"font-family: 'Helvetica Neue', Helvetica, Helvetica, Arial, sans-serif; font-size: 16px;\"><img loading=\"lazy\" decoding=\"async\" class=\"wp-image-6709 alignright\" src=\"https:\/\/agora.xtec.cat\/ies-santa-eulalia\/wp-content\/uploads\/usu1612\/2020\/11\/image-300x135.png\" alt=\"\" width=\"393\" height=\"177\" srcset=\"https:\/\/agora.xtec.cat\/ies-santa-eulalia\/wp-content\/uploads\/usu1612\/2020\/11\/image-300x135.png 300w, https:\/\/agora.xtec.cat\/ies-santa-eulalia\/wp-content\/uploads\/usu1612\/2020\/11\/image.png 700w\" sizes=\"auto, (max-width: 393px) 100vw, 393px\" \/><\/p>\n<p>Aquest curs el consell de Nois i noies col\u00b7laborar\u00e0 amb el Pla d&#8217;illes escolars saludables i segures.<\/p>\n<p>En aquest sentit, al plenari, l&#8217;alcaldessa ha agra\u00eft als nois i noies de la ciutat la seva col\u00b7laboraci\u00f3 en el compliment de les mesures de prevenci\u00f3\u00a0de la Covid-19 i l&#8217;esfor\u00e7 que estan fent des de mar\u00e7 per seguir amb els seus estudis.<\/p>\n<p>El Consell el constitueixen prop d&#8217;un centenar de nois i noies de 10 a 16 anys elegit entre l&#8217;alumnat dels diferents centres de prim\u00e0ria i secund\u00e0ria de la ciutat i compta amb la implicaci\u00f3 dels tutors i de les fam\u00edlies.<\/p>\n<p>Al plenari van ser les nostres representants,\u00a0<b>Alicia Buera<\/b>\u00a0(4tB) i\u00a0<b>Meritxell Aranda<\/b>\u00a0(4tA),\u00a0 les encarregades d&#8217;explicar a la resta de participants en que consisteix el Consell de Nois i Noies, compartint la seva experi\u00e8ncia del curs passat.<\/p>\n<p>Aquest curs el treball en el que participaran ser\u00e0 en mitjans de comunicaci\u00f3, realitzaran un programa de r\u00e0dio (veus de l&#8217;Hospitalet), amb el suport de Torre Barrina, per expressar la seva opini\u00f3, debatre els temes que els preocupen i donar a con\u00e8ixer\u00a0 iniciatives ciutadanes o d&#8217;intervenci\u00f3 comunit\u00e0ria que es desenvolupen als instituts. Col\u00b7laboraran tamb\u00e9\u00a0amb Televisi\u00f3 de l&#8217;Hospitalet.<\/p>\n<div><\/div>\n<div><a href=\"http:\/\/www.l-h.cat\/detallNoticia.aspx?1qazC02hnpNXU4leNUjEMwtgqQx984eTrI7WAzNqazAOKomnxIqazB\">http:\/\/www.l-h.cat\/detallNoticia.aspx?1qazC02hnpNXU4leNUjEMwtgqQx984eTrI7WAzNqazAOKomnxIqazB<\/a><\/div>\n<div><\/div>\n<div><\/div>\n","protected":false},"excerpt":{"rendered":"<p>El passat 10 de novembre va tenir lloc el plenari de constituci\u00f3 del Consell de Nois i Noies de l&#8217;Hospitalet per al curs 2020-2021, amb la participaci\u00f3 de l&#8217;alcaldessa, N\u00faria Mar\u00edn, i del regidor d&#8217;educaci\u00f3, cultura i innovaci\u00f3, David Quir\u00f3s.<br \/>\nAquest ser\u00e0 un curs especial, ja&hellip;  <a href=\"https:\/\/agora.xtec.cat\/ies-santa-eulalia\/general\/consell-de-nois-i-noies-de-lhospitalet\/\" title=\"Read Consell de nois i noies de l&#8217;Hospitalet\">Llegeix m\u00e9s\u00bb<\/a><\/p>\n","protected":false},"author":1,"featured_media":6709,"comment_status":"open","ping_status":"closed","sticky":false,"template":"","format":"standard","meta":{"_bbp_topic_count":0,"_bbp_reply_count":0,"_bbp_total_topic_count":0,"_bbp_total_reply_count":0,"_bbp_voice_count":0,"_bbp_anonymous_reply_count":0,"_bbp_topic_count_hidden":0,"_bbp_reply_count_hidden":0,"_bbp_forum_subforum_count":0,"footnotes":""},"categories":[3,1,29],"tags":[],"class_list":["post-6708","post","type-post","status-publish","format-standard","has-post-thumbnail","hentry","category-eso","category-general","category-portada"],"post_mailing_queue_ids":[],"_links":{"self":[{"href":"https:\/\/agora.xtec.cat\/ies-santa-eulalia\/wp-json\/wp\/v2\/posts\/6708","targetHints":{"allow":["GET"]}}],"collection":[{"href":"https:\/\/agora.xtec.cat\/ies-santa-eulalia\/wp-json\/wp\/v2\/posts"}],"about":[{"href":"https:\/\/agora.xtec.cat\/ies-santa-eulalia\/wp-json\/wp\/v2\/types\/post"}],"author":[{"embeddable":true,"href":"https:\/\/agora.xtec.cat\/ies-santa-eulalia\/wp-json\/wp\/v2\/users\/1"}],"replies":[{"embeddable":true,"href":"https:\/\/agora.xtec.cat\/ies-santa-eulalia\/wp-json\/wp\/v2\/comments?post=6708"}],"version-history":[{"count":3,"href":"https:\/\/agora.xtec.cat\/ies-santa-eulalia\/wp-json\/wp\/v2\/posts\/6708\/revisions"}],"predecessor-version":[{"id":6714,"href":"https:\/\/agora.xtec.cat\/ies-santa-eulalia\/wp-json\/wp\/v2\/posts\/6708\/revisions\/6714"}],"wp:featuredmedia":[{"embeddable":true,"href":"https:\/\/agora.xtec.cat\/ies-santa-eulalia\/wp-json\/wp\/v2\/media\/6709"}],"wp:attachment":[{"href":"https:\/\/agora.xtec.cat\/ies-santa-eulalia\/wp-json\/wp\/v2\/media?parent=6708"}],"wp:term":[{"taxonomy":"category","embeddable":true,"href":"https:\/\/agora.xtec.cat\/ies-santa-eulalia\/wp-json\/wp\/v2\/categories?post=6708"},{"taxonomy":"post_tag","embeddable":true,"href":"https:\/\/agora.xtec.cat\/ies-santa-eulalia\/wp-json\/wp\/v2\/tags?post=6708"}],"curies":[{"name":"wp","href":"https:\/\/api.w.org\/{rel}","templated":true}]}}