{"id":6704,"date":"2020-11-11T19:22:08","date_gmt":"2020-11-11T18:22:08","guid":{"rendered":"http:\/\/agora.xtec.cat\/ies-santa-eulalia\/?p=6704"},"modified":"2020-12-11T13:56:31","modified_gmt":"2020-12-11T12:56:31","slug":"escalfem-motors-per-a-la-scise20","status":"publish","type":"post","link":"https:\/\/agora.xtec.cat\/ies-santa-eulalia\/general\/escalfem-motors-per-a-la-scise20\/","title":{"rendered":"Escalfem motors per a la #SCISE20"},"content":{"rendered":"<p>La setmana vinent arrenquen les activitats de la <strong>IV Setmana de la Ci\u00e8ncia<\/strong> a l&#8217;institut <strong>#SCISE20<\/strong> que tindran lloc entre els dies 16 i 30 de novembre. <a href=\"https:\/\/agora.xtec.cat\/ies-santa-eulalia\/wp-content\/uploads\/usu1612\/2020\/11\/SCISE20.png\"><img loading=\"lazy\" decoding=\"async\" class=\"aligncenter size-full wp-image-6706\" src=\"https:\/\/agora.xtec.cat\/ies-santa-eulalia\/wp-content\/uploads\/usu1612\/2020\/11\/SCISE20.png\" alt=\"\" width=\"231\" height=\"95\" \/><\/a>Aquest any, com no pot ser d&#8217;altra manera, entre els diversos pals a tocar sonar\u00e0 amb for\u00e7a tot all\u00f2 relacionat amb la pand\u00e8mia del SARS-CoV-2 i la C\u00f2vid19<\/p>\n<p>I, per comen\u00e7ar a escalfar motors, avui us presentem el cartell d&#8217;enguany fet per la <strong>Sara Garcia<\/strong> de 4t d&#8217;ESO C<\/p>\n<figure class=\"figure wp-caption aligncenter\"><a href=\"https:\/\/agora.xtec.cat\/ies-santa-eulalia\/wp-content\/uploads\/usu1612\/2020\/11\/cartellSCISE20.jpg\"><img loading=\"lazy\" decoding=\"async\" class=\"wp-image-6705\" src=\"https:\/\/agora.xtec.cat\/ies-santa-eulalia\/wp-content\/uploads\/usu1612\/2020\/11\/cartellSCISE20-724x1024.jpg\" alt=\"\" width=\"500\" height=\"707\" srcset=\"https:\/\/agora.xtec.cat\/ies-santa-eulalia\/wp-content\/uploads\/usu1612\/2020\/11\/cartellSCISE20-724x1024.jpg 724w, https:\/\/agora.xtec.cat\/ies-santa-eulalia\/wp-content\/uploads\/usu1612\/2020\/11\/cartellSCISE20-212x300.jpg 212w, https:\/\/agora.xtec.cat\/ies-santa-eulalia\/wp-content\/uploads\/usu1612\/2020\/11\/cartellSCISE20-768x1086.jpg 768w, https:\/\/agora.xtec.cat\/ies-santa-eulalia\/wp-content\/uploads\/usu1612\/2020\/11\/cartellSCISE20.jpg 827w\" sizes=\"auto, (max-width: 500px) 100vw, 500px\" \/><\/a><figcaption class=\"wp-caption-text\">Cartell de la SCISE20 dissenyat per Sara Garcia<\/figcaption><\/figure>\n","protected":false},"excerpt":{"rendered":"<p>La setmana vinent arrenquen les activitats de la IV Setmana de la Ci\u00e8ncia a l&#8217;institut #SCISE20 que tindran lloc entre els dies 16 i 30 de novembre. <a href=\"https:\/\/agora.xtec.cat\/ies-santa-eulalia\/wp-content\/uploads\/usu1612\/2020\/11\/SCISE20.png\"><\/a>Aquest any, com no pot ser d&#8217;altra manera, entre els diversos pals a tocar sonar\u00e0 amb for\u00e7a&hellip;  <a href=\"https:\/\/agora.xtec.cat\/ies-santa-eulalia\/general\/escalfem-motors-per-a-la-scise20\/\" title=\"Read Escalfem motors per a la #SCISE20\">Llegeix m\u00e9s\u00bb<\/a><\/p>\n","protected":false},"author":35,"featured_media":6705,"comment_status":"open","ping_status":"closed","sticky":false,"template":"","format":"standard","meta":{"_bbp_topic_count":0,"_bbp_reply_count":0,"_bbp_total_topic_count":0,"_bbp_total_reply_count":0,"_bbp_voice_count":0,"_bbp_anonymous_reply_count":0,"_bbp_topic_count_hidden":0,"_bbp_reply_count_hidden":0,"_bbp_forum_subforum_count":0,"footnotes":""},"categories":[144,1,29],"tags":[306,221,203,126,307,258,310,168],"class_list":["post-6704","post","type-post","status-publish","format-standard","has-post-thumbnail","hentry","category-novetats-ciencies-naturals","category-general","category-portada","tag-2020-2021","tag-ciencia","tag-ciencia-quotidiana","tag-ciencies","tag-ise2021","tag-que-ha-passat","tag-scise20","tag-setmana-de-la-ciencia"],"post_mailing_queue_ids":[],"_links":{"self":[{"href":"https:\/\/agora.xtec.cat\/ies-santa-eulalia\/wp-json\/wp\/v2\/posts\/6704","targetHints":{"allow":["GET"]}}],"collection":[{"href":"https:\/\/agora.xtec.cat\/ies-santa-eulalia\/wp-json\/wp\/v2\/posts"}],"about":[{"href":"https:\/\/agora.xtec.cat\/ies-santa-eulalia\/wp-json\/wp\/v2\/types\/post"}],"author":[{"embeddable":true,"href":"https:\/\/agora.xtec.cat\/ies-santa-eulalia\/wp-json\/wp\/v2\/users\/35"}],"replies":[{"embeddable":true,"href":"https:\/\/agora.xtec.cat\/ies-santa-eulalia\/wp-json\/wp\/v2\/comments?post=6704"}],"version-history":[{"count":2,"href":"https:\/\/agora.xtec.cat\/ies-santa-eulalia\/wp-json\/wp\/v2\/posts\/6704\/revisions"}],"predecessor-version":[{"id":6747,"href":"https:\/\/agora.xtec.cat\/ies-santa-eulalia\/wp-json\/wp\/v2\/posts\/6704\/revisions\/6747"}],"wp:featuredmedia":[{"embeddable":true,"href":"https:\/\/agora.xtec.cat\/ies-santa-eulalia\/wp-json\/wp\/v2\/media\/6705"}],"wp:attachment":[{"href":"https:\/\/agora.xtec.cat\/ies-santa-eulalia\/wp-json\/wp\/v2\/media?parent=6704"}],"wp:term":[{"taxonomy":"category","embeddable":true,"href":"https:\/\/agora.xtec.cat\/ies-santa-eulalia\/wp-json\/wp\/v2\/categories?post=6704"},{"taxonomy":"post_tag","embeddable":true,"href":"https:\/\/agora.xtec.cat\/ies-santa-eulalia\/wp-json\/wp\/v2\/tags?post=6704"}],"curies":[{"name":"wp","href":"https:\/\/api.w.org\/{rel}","templated":true}]}}