{"id":6674,"date":"2020-10-28T19:38:34","date_gmt":"2020-10-28T18:38:34","guid":{"rendered":"http:\/\/agora.xtec.cat\/ies-santa-eulalia\/?p=6674"},"modified":"2020-10-28T19:38:34","modified_gmt":"2020-10-28T18:38:34","slug":"primera-sessio-virtual-de-lescola-de-families","status":"publish","type":"post","link":"https:\/\/agora.xtec.cat\/ies-santa-eulalia\/general\/primera-sessio-virtual-de-lescola-de-families\/","title":{"rendered":"Primera sessi\u00f3 virtual de l&#8217;Escola de Fam\u00edlies"},"content":{"rendered":"<p>Ahir dimarts es va reprendre l&#8217;activitat de l&#8217;Escola de Fam\u00edlies del nostre Institut amb les fam\u00edlies de l&#8217;Institut Jaume Botey com a convidades. Molt benvingudes, per cert! Unes vint en total. Es va parlar de les creences, l&#8217;aliment de la nostra ment, aplicades a la situaci\u00f3 que vivim; es tractava d&#8217;aprendre quins pensaments ens poden ajudar en aquesta situaci\u00f3 de pand\u00e8mia. En general es va compartir la necessitat de crear espais de trobada com aquest, per aprendre, compartir i donar-nos suport. Aix\u00f2 ara, m\u00e9s important que mai. Estigueu atents a les properes sessions!!<\/p>\n","protected":false},"excerpt":{"rendered":"<p>Ahir dimarts es va reprendre l&#8217;activitat de l&#8217;Escola de Fam\u00edlies del nostre Institut amb les fam\u00edlies de l&#8217;Institut Jaume Botey com a convidades. Molt benvingudes, per cert! Unes vint en total. Es va parlar de les creences, l&#8217;aliment de la nostra ment, aplicades a la&hellip;  <a href=\"https:\/\/agora.xtec.cat\/ies-santa-eulalia\/general\/primera-sessio-virtual-de-lescola-de-families\/\" title=\"Read Primera sessi\u00f3 virtual de l&#8217;Escola de Fam\u00edlies\">Llegeix m\u00e9s\u00bb<\/a><\/p>\n","protected":false},"author":1,"featured_media":6641,"comment_status":"open","ping_status":"closed","sticky":false,"template":"","format":"standard","meta":{"_bbp_topic_count":0,"_bbp_reply_count":0,"_bbp_total_topic_count":0,"_bbp_total_reply_count":0,"_bbp_voice_count":0,"_bbp_anonymous_reply_count":0,"_bbp_topic_count_hidden":0,"_bbp_reply_count_hidden":0,"_bbp_forum_subforum_count":0,"footnotes":""},"categories":[8,3,1,29],"tags":[],"class_list":["post-6674","post","type-post","status-publish","format-standard","has-post-thumbnail","hentry","category-batxillerat","category-eso","category-general","category-portada"],"post_mailing_queue_ids":[],"_links":{"self":[{"href":"https:\/\/agora.xtec.cat\/ies-santa-eulalia\/wp-json\/wp\/v2\/posts\/6674","targetHints":{"allow":["GET"]}}],"collection":[{"href":"https:\/\/agora.xtec.cat\/ies-santa-eulalia\/wp-json\/wp\/v2\/posts"}],"about":[{"href":"https:\/\/agora.xtec.cat\/ies-santa-eulalia\/wp-json\/wp\/v2\/types\/post"}],"author":[{"embeddable":true,"href":"https:\/\/agora.xtec.cat\/ies-santa-eulalia\/wp-json\/wp\/v2\/users\/1"}],"replies":[{"embeddable":true,"href":"https:\/\/agora.xtec.cat\/ies-santa-eulalia\/wp-json\/wp\/v2\/comments?post=6674"}],"version-history":[{"count":1,"href":"https:\/\/agora.xtec.cat\/ies-santa-eulalia\/wp-json\/wp\/v2\/posts\/6674\/revisions"}],"predecessor-version":[{"id":6675,"href":"https:\/\/agora.xtec.cat\/ies-santa-eulalia\/wp-json\/wp\/v2\/posts\/6674\/revisions\/6675"}],"wp:featuredmedia":[{"embeddable":true,"href":"https:\/\/agora.xtec.cat\/ies-santa-eulalia\/wp-json\/wp\/v2\/media\/6641"}],"wp:attachment":[{"href":"https:\/\/agora.xtec.cat\/ies-santa-eulalia\/wp-json\/wp\/v2\/media?parent=6674"}],"wp:term":[{"taxonomy":"category","embeddable":true,"href":"https:\/\/agora.xtec.cat\/ies-santa-eulalia\/wp-json\/wp\/v2\/categories?post=6674"},{"taxonomy":"post_tag","embeddable":true,"href":"https:\/\/agora.xtec.cat\/ies-santa-eulalia\/wp-json\/wp\/v2\/tags?post=6674"}],"curies":[{"name":"wp","href":"https:\/\/api.w.org\/{rel}","templated":true}]}}