{"id":6655,"date":"2020-10-24T13:15:02","date_gmt":"2020-10-24T11:15:02","guid":{"rendered":"http:\/\/agora.xtec.cat\/ies-santa-eulalia\/?p=6655"},"modified":"2020-10-24T13:18:14","modified_gmt":"2020-10-24T11:18:14","slug":"participem-a-la-europe-code-week","status":"publish","type":"post","link":"https:\/\/agora.xtec.cat\/ies-santa-eulalia\/general\/participem-a-la-europe-code-week\/","title":{"rendered":"Participem a la Europe Code Week!"},"content":{"rendered":"<p><a href=\"https:\/\/agora.xtec.cat\/ies-santa-eulalia\/wp-content\/uploads\/usu1612\/2020\/10\/D0EECF50-2EEC-424F-A39A-E7C76906EC2D.jpeg\"><img loading=\"lazy\" decoding=\"async\" class=\"alignnone size-large wp-image-6656\" src=\"https:\/\/agora.xtec.cat\/ies-santa-eulalia\/wp-content\/uploads\/usu1612\/2020\/10\/D0EECF50-2EEC-424F-A39A-E7C76906EC2D-1016x1024.jpeg\" alt=\"\" width=\"1016\" height=\"1024\" srcset=\"https:\/\/agora.xtec.cat\/ies-santa-eulalia\/wp-content\/uploads\/usu1612\/2020\/10\/D0EECF50-2EEC-424F-A39A-E7C76906EC2D-1016x1024.jpeg 1016w, https:\/\/agora.xtec.cat\/ies-santa-eulalia\/wp-content\/uploads\/usu1612\/2020\/10\/D0EECF50-2EEC-424F-A39A-E7C76906EC2D-150x150.jpeg 150w, https:\/\/agora.xtec.cat\/ies-santa-eulalia\/wp-content\/uploads\/usu1612\/2020\/10\/D0EECF50-2EEC-424F-A39A-E7C76906EC2D-298x300.jpeg 298w, https:\/\/agora.xtec.cat\/ies-santa-eulalia\/wp-content\/uploads\/usu1612\/2020\/10\/D0EECF50-2EEC-424F-A39A-E7C76906EC2D-768x774.jpeg 768w, https:\/\/agora.xtec.cat\/ies-santa-eulalia\/wp-content\/uploads\/usu1612\/2020\/10\/D0EECF50-2EEC-424F-A39A-E7C76906EC2D.jpeg 1626w\" sizes=\"auto, (max-width: 1016px) 100vw, 1016px\" \/><\/a><\/p>\n<p>La Setmana de la Programaci\u00f3 de la U.E t\u00e9 com a objectiu apropar la programaci\u00f3 i l\u2019alfabetisme digital d\u2019una forma interessant i divertida.<\/p>\n<p><a href=\"https:\/\/agora.xtec.cat\/ies-santa-eulalia\/wp-content\/uploads\/usu1612\/2020\/10\/IMG_0445-1.jpg\"><img loading=\"lazy\" decoding=\"async\" class=\"alignnone size-large wp-image-6662\" src=\"https:\/\/agora.xtec.cat\/ies-santa-eulalia\/wp-content\/uploads\/usu1612\/2020\/10\/IMG_0445-1-1024x472.jpg\" alt=\"\" width=\"1024\" height=\"472\" srcset=\"https:\/\/agora.xtec.cat\/ies-santa-eulalia\/wp-content\/uploads\/usu1612\/2020\/10\/IMG_0445-1-1024x472.jpg 1024w, https:\/\/agora.xtec.cat\/ies-santa-eulalia\/wp-content\/uploads\/usu1612\/2020\/10\/IMG_0445-1-300x138.jpg 300w, https:\/\/agora.xtec.cat\/ies-santa-eulalia\/wp-content\/uploads\/usu1612\/2020\/10\/IMG_0445-1-768x354.jpg 768w, https:\/\/agora.xtec.cat\/ies-santa-eulalia\/wp-content\/uploads\/usu1612\/2020\/10\/IMG_0445-1.jpg 1887w\" sizes=\"auto, (max-width: 1024px) 100vw, 1024px\" \/><\/a><\/p>\n<p>Aquest any s\u2019estan realitzant 64567 esdeveniments arreu del m\u00f3n, dels quals 416 es fan a Catalunya!<\/p>\n<p><a href=\"https:\/\/agora.xtec.cat\/ies-santa-eulalia\/wp-content\/uploads\/usu1612\/2020\/10\/IMG_0447.jpg\"><img loading=\"lazy\" decoding=\"async\" class=\"alignnone size-large wp-image-6660\" src=\"https:\/\/agora.xtec.cat\/ies-santa-eulalia\/wp-content\/uploads\/usu1612\/2020\/10\/IMG_0447-1024x419.jpg\" alt=\"\" width=\"1024\" height=\"419\" srcset=\"https:\/\/agora.xtec.cat\/ies-santa-eulalia\/wp-content\/uploads\/usu1612\/2020\/10\/IMG_0447-1024x419.jpg 1024w, https:\/\/agora.xtec.cat\/ies-santa-eulalia\/wp-content\/uploads\/usu1612\/2020\/10\/IMG_0447-300x123.jpg 300w, https:\/\/agora.xtec.cat\/ies-santa-eulalia\/wp-content\/uploads\/usu1612\/2020\/10\/IMG_0447-768x314.jpg 768w, https:\/\/agora.xtec.cat\/ies-santa-eulalia\/wp-content\/uploads\/usu1612\/2020\/10\/IMG_0447.jpg 1548w\" sizes=\"auto, (max-width: 1024px) 100vw, 1024px\" \/><\/a><\/p>\n<p>L&#8217;Institut Santa Eul\u00e0lia participa amb una engrescadora activitat per introduir el <strong>pensament computacional<\/strong> i treballar els conceptes d&#8217;<strong>algorisme<\/strong> i <strong>programa<\/strong>, sense necessitat d&#8217;ordinadors i aprofitant per estar a l&#8217;aire lliure!<\/p>\n<p><a href=\"https:\/\/agora.xtec.cat\/ies-santa-eulalia\/wp-content\/uploads\/usu1612\/2020\/10\/43CB2AE9-7ED0-4241-93C2-F1194B8C6CC5.jpeg\"><img loading=\"lazy\" decoding=\"async\" class=\"alignnone size-large wp-image-6667\" src=\"https:\/\/agora.xtec.cat\/ies-santa-eulalia\/wp-content\/uploads\/usu1612\/2020\/10\/43CB2AE9-7ED0-4241-93C2-F1194B8C6CC5-780x1024.jpeg\" alt=\"\" width=\"780\" height=\"1024\" srcset=\"https:\/\/agora.xtec.cat\/ies-santa-eulalia\/wp-content\/uploads\/usu1612\/2020\/10\/43CB2AE9-7ED0-4241-93C2-F1194B8C6CC5-780x1024.jpeg 780w, https:\/\/agora.xtec.cat\/ies-santa-eulalia\/wp-content\/uploads\/usu1612\/2020\/10\/43CB2AE9-7ED0-4241-93C2-F1194B8C6CC5-229x300.jpeg 229w, https:\/\/agora.xtec.cat\/ies-santa-eulalia\/wp-content\/uploads\/usu1612\/2020\/10\/43CB2AE9-7ED0-4241-93C2-F1194B8C6CC5-768x1008.jpeg 768w, https:\/\/agora.xtec.cat\/ies-santa-eulalia\/wp-content\/uploads\/usu1612\/2020\/10\/43CB2AE9-7ED0-4241-93C2-F1194B8C6CC5.jpeg 1493w\" sizes=\"auto, (max-width: 780px) 100vw, 780px\" \/><\/a><\/p>\n<p>S\u2019ho han passat d\u2019all\u00f2 m\u00e9s b\u00e9!! Esperem amb ganes l\u2019edici\u00f3 de l\u2019any vinent!<\/p>\n<p><a href=\"https:\/\/agora.xtec.cat\/ies-santa-eulalia\/wp-content\/uploads\/usu1612\/2020\/10\/0D37B119-420B-4012-94DF-74EC2EBA53B8.jpeg\"><img loading=\"lazy\" decoding=\"async\" class=\"alignnone size-large wp-image-6669\" src=\"https:\/\/agora.xtec.cat\/ies-santa-eulalia\/wp-content\/uploads\/usu1612\/2020\/10\/0D37B119-420B-4012-94DF-74EC2EBA53B8-1024x523.jpeg\" alt=\"\" width=\"1024\" height=\"523\" srcset=\"https:\/\/agora.xtec.cat\/ies-santa-eulalia\/wp-content\/uploads\/usu1612\/2020\/10\/0D37B119-420B-4012-94DF-74EC2EBA53B8-1024x523.jpeg 1024w, https:\/\/agora.xtec.cat\/ies-santa-eulalia\/wp-content\/uploads\/usu1612\/2020\/10\/0D37B119-420B-4012-94DF-74EC2EBA53B8-300x153.jpeg 300w, https:\/\/agora.xtec.cat\/ies-santa-eulalia\/wp-content\/uploads\/usu1612\/2020\/10\/0D37B119-420B-4012-94DF-74EC2EBA53B8-768x392.jpeg 768w, https:\/\/agora.xtec.cat\/ies-santa-eulalia\/wp-content\/uploads\/usu1612\/2020\/10\/0D37B119-420B-4012-94DF-74EC2EBA53B8.jpeg 1243w\" sizes=\"auto, (max-width: 1024px) 100vw, 1024px\" \/><\/a><\/p>\n","protected":false},"excerpt":{"rendered":"<p><a href=\"https:\/\/agora.xtec.cat\/ies-santa-eulalia\/wp-content\/uploads\/usu1612\/2020\/10\/D0EECF50-2EEC-424F-A39A-E7C76906EC2D.jpeg\"><\/a><br \/>\nLa Setmana de la Programaci\u00f3 de la U.E t\u00e9 com a objectiu apropar la programaci\u00f3 i l\u2019alfabetisme digital d\u2019una forma interessant i divertida.<br \/>\n<a href=\"https:\/\/agora.xtec.cat\/ies-santa-eulalia\/wp-content\/uploads\/usu1612\/2020\/10\/IMG_0445-1.jpg\"><\/a><br \/>\nAquest any s\u2019estan realitzant 64567 esdeveniments arreu del m\u00f3n, dels quals 416 es fan a Catalunya!<br \/>\n<a href=\"https:\/\/agora.xtec.cat\/ies-santa-eulalia\/wp-content\/uploads\/usu1612\/2020\/10\/IMG_0447.jpg\"><\/a><br \/>\nL&#8217;Institut Santa Eul\u00e0lia participa amb&hellip;  <a href=\"https:\/\/agora.xtec.cat\/ies-santa-eulalia\/general\/participem-a-la-europe-code-week\/\" title=\"Read Participem a la Europe Code Week!\">Llegeix m\u00e9s\u00bb<\/a><\/p>\n","protected":false},"author":25,"featured_media":6656,"comment_status":"open","ping_status":"closed","sticky":false,"template":"","format":"standard","meta":{"_bbp_topic_count":0,"_bbp_reply_count":0,"_bbp_total_topic_count":0,"_bbp_total_reply_count":0,"_bbp_voice_count":0,"_bbp_anonymous_reply_count":0,"_bbp_topic_count_hidden":0,"_bbp_reply_count_hidden":0,"_bbp_forum_subforum_count":0,"footnotes":""},"categories":[146,10,11,1,29],"tags":[],"class_list":["post-6655","post","type-post","status-publish","format-standard","has-post-thumbnail","hentry","category-novetats-tecnologia","category-eso-1b","category-eso-1c","category-general","category-portada"],"post_mailing_queue_ids":[],"_links":{"self":[{"href":"https:\/\/agora.xtec.cat\/ies-santa-eulalia\/wp-json\/wp\/v2\/posts\/6655","targetHints":{"allow":["GET"]}}],"collection":[{"href":"https:\/\/agora.xtec.cat\/ies-santa-eulalia\/wp-json\/wp\/v2\/posts"}],"about":[{"href":"https:\/\/agora.xtec.cat\/ies-santa-eulalia\/wp-json\/wp\/v2\/types\/post"}],"author":[{"embeddable":true,"href":"https:\/\/agora.xtec.cat\/ies-santa-eulalia\/wp-json\/wp\/v2\/users\/25"}],"replies":[{"embeddable":true,"href":"https:\/\/agora.xtec.cat\/ies-santa-eulalia\/wp-json\/wp\/v2\/comments?post=6655"}],"version-history":[{"count":3,"href":"https:\/\/agora.xtec.cat\/ies-santa-eulalia\/wp-json\/wp\/v2\/posts\/6655\/revisions"}],"predecessor-version":[{"id":6670,"href":"https:\/\/agora.xtec.cat\/ies-santa-eulalia\/wp-json\/wp\/v2\/posts\/6655\/revisions\/6670"}],"wp:featuredmedia":[{"embeddable":true,"href":"https:\/\/agora.xtec.cat\/ies-santa-eulalia\/wp-json\/wp\/v2\/media\/6656"}],"wp:attachment":[{"href":"https:\/\/agora.xtec.cat\/ies-santa-eulalia\/wp-json\/wp\/v2\/media?parent=6655"}],"wp:term":[{"taxonomy":"category","embeddable":true,"href":"https:\/\/agora.xtec.cat\/ies-santa-eulalia\/wp-json\/wp\/v2\/categories?post=6655"},{"taxonomy":"post_tag","embeddable":true,"href":"https:\/\/agora.xtec.cat\/ies-santa-eulalia\/wp-json\/wp\/v2\/tags?post=6655"}],"curies":[{"name":"wp","href":"https:\/\/api.w.org\/{rel}","templated":true}]}}