{"id":6635,"date":"2020-10-22T14:58:21","date_gmt":"2020-10-22T12:58:21","guid":{"rendered":"http:\/\/agora.xtec.cat\/ies-santa-eulalia\/?p=6635"},"modified":"2020-10-22T14:58:21","modified_gmt":"2020-10-22T12:58:21","slug":"torna-lescola-de-families","status":"publish","type":"post","link":"https:\/\/agora.xtec.cat\/ies-santa-eulalia\/general\/torna-lescola-de-families\/","title":{"rendered":"Torna l&#8217;Escola de Fam\u00edlies!"},"content":{"rendered":"<p>Un curs m\u00e9s tenim la possibilitat de gaudir d&#8217;aquest espai de trobada (enguany virtual) i de suport a les fam\u00edlies.<\/p>\n<p>Aquest curs 2020-21 reprenem aquest cam\u00ed conjunt amb una sessi\u00f3 dedicada a les &#8220;Creences que emmalalteixen i creences que sanen&#8221;; quines s\u00f3n les que ens faciliten viure millor en aquesta situaci\u00f3 en qu\u00e8 ens trobem.<\/p>\n<p>Estarem encantats si ens acompanyeu!<\/p>\n<p>La trobada virtual ser\u00e0 el dimarts 27 d&#8217;octubre a les 18:00h. Com que ser\u00e0 virtual, seran necess\u00e0ries unes dades per a que rebeu les indicacions per a la connexi\u00f3.<\/p>\n<p>Els interessats\/des podeu enviar un correu a l&#8217;AMPA: buzonampasantaeulalia@gmail.<\/p>\n<p>&nbsp;<\/p>\n<p>&nbsp;<\/p>\n<p>&nbsp;<\/p>\n","protected":false},"excerpt":{"rendered":"<p>Un curs m\u00e9s tenim la possibilitat de gaudir d&#8217;aquest espai de trobada (enguany virtual) i de suport a les fam\u00edlies.<br \/>\nAquest curs 2020-21 reprenem aquest cam\u00ed conjunt amb una sessi\u00f3 dedicada a les &#8220;Creences que emmalalteixen i creences que sanen&#8221;; quines s\u00f3n les que ens faciliten&hellip;  <a href=\"https:\/\/agora.xtec.cat\/ies-santa-eulalia\/general\/torna-lescola-de-families\/\" title=\"Read Torna l&#8217;Escola de Fam\u00edlies!\">Llegeix m\u00e9s\u00bb<\/a><\/p>\n","protected":false},"author":1,"featured_media":6636,"comment_status":"open","ping_status":"closed","sticky":false,"template":"","format":"standard","meta":{"_bbp_topic_count":0,"_bbp_reply_count":0,"_bbp_total_topic_count":0,"_bbp_total_reply_count":0,"_bbp_voice_count":0,"_bbp_anonymous_reply_count":0,"_bbp_topic_count_hidden":0,"_bbp_reply_count_hidden":0,"_bbp_forum_subforum_count":0,"footnotes":""},"categories":[8,3,1,29],"tags":[],"class_list":["post-6635","post","type-post","status-publish","format-standard","has-post-thumbnail","hentry","category-batxillerat","category-eso","category-general","category-portada"],"post_mailing_queue_ids":[],"_links":{"self":[{"href":"https:\/\/agora.xtec.cat\/ies-santa-eulalia\/wp-json\/wp\/v2\/posts\/6635","targetHints":{"allow":["GET"]}}],"collection":[{"href":"https:\/\/agora.xtec.cat\/ies-santa-eulalia\/wp-json\/wp\/v2\/posts"}],"about":[{"href":"https:\/\/agora.xtec.cat\/ies-santa-eulalia\/wp-json\/wp\/v2\/types\/post"}],"author":[{"embeddable":true,"href":"https:\/\/agora.xtec.cat\/ies-santa-eulalia\/wp-json\/wp\/v2\/users\/1"}],"replies":[{"embeddable":true,"href":"https:\/\/agora.xtec.cat\/ies-santa-eulalia\/wp-json\/wp\/v2\/comments?post=6635"}],"version-history":[{"count":1,"href":"https:\/\/agora.xtec.cat\/ies-santa-eulalia\/wp-json\/wp\/v2\/posts\/6635\/revisions"}],"predecessor-version":[{"id":6637,"href":"https:\/\/agora.xtec.cat\/ies-santa-eulalia\/wp-json\/wp\/v2\/posts\/6635\/revisions\/6637"}],"wp:featuredmedia":[{"embeddable":true,"href":"https:\/\/agora.xtec.cat\/ies-santa-eulalia\/wp-json\/wp\/v2\/media\/6636"}],"wp:attachment":[{"href":"https:\/\/agora.xtec.cat\/ies-santa-eulalia\/wp-json\/wp\/v2\/media?parent=6635"}],"wp:term":[{"taxonomy":"category","embeddable":true,"href":"https:\/\/agora.xtec.cat\/ies-santa-eulalia\/wp-json\/wp\/v2\/categories?post=6635"},{"taxonomy":"post_tag","embeddable":true,"href":"https:\/\/agora.xtec.cat\/ies-santa-eulalia\/wp-json\/wp\/v2\/tags?post=6635"}],"curies":[{"name":"wp","href":"https:\/\/api.w.org\/{rel}","templated":true}]}}