{"id":6209,"date":"2020-05-13T10:38:49","date_gmt":"2020-05-13T08:38:49","guid":{"rendered":"http:\/\/agora.xtec.cat\/ies-santa-eulalia\/?p=6209"},"modified":"2020-05-13T10:38:49","modified_gmt":"2020-05-13T08:38:49","slug":"dol-en-temps-de-covid","status":"publish","type":"post","link":"https:\/\/agora.xtec.cat\/ies-santa-eulalia\/general\/dol-en-temps-de-covid\/","title":{"rendered":"Dol en temps de Covid"},"content":{"rendered":"<p>Degut a l\u2019excepcional situaci\u00f3 que vivim a causa del Covid, pensem que potser hi ha fam\u00edlies del centre que han hagut d\u2019experimentar la <strong>p\u00e8rdua d\u2019alguna persona estimada.<\/strong> Si a la p\u00e8rdua afegim les condicions en qu\u00e8 es produeix (impossibilitat de cuidar\/acomiadar ning\u00fa&#8230;), l\u2019angoixa i sensaci\u00f3 de buit augmenten.<\/p>\n<p>Per aquest motiu, des de l\u2019<strong>Escola de Fam\u00edlies del Santa Eul\u00e0lia<\/strong>, s\u2019ha pensat publicar una petita <span style=\"color: #0000ff;\"><a style=\"color: #0000ff;\" href=\"https:\/\/agora.xtec.cat\/ies-santa-eulalia\/wp-content\/uploads\/usu1612\/2020\/05\/DOL-en-temps-de-COVID.pdf\"><strong>guia<\/strong><\/a><\/span>, com acompanyament per les fam\u00edlies, per si pogu\u00e9s ser d\u2019utilitat. La <strong>Juana Gallardo<\/strong>, que ha portat les sessions de l\u2019Escola de Fam\u00edlies, facilita tamb\u00e9 la seva adre\u00e7a de correu al final de la guia, per contestar preguntes que poguessin sorgir.<\/p>\n<p>Feu clic <a href=\"https:\/\/agora.xtec.cat\/ies-santa-eulalia\/wp-content\/uploads\/usu1612\/2020\/05\/DOL-en-temps-de-COVID.pdf\"><span style=\"color: #0000ff;\"><strong>aqu\u00ed<\/strong> <\/span><\/a>per llegir-ho.<\/p>\n","protected":false},"excerpt":{"rendered":"<p>Degut a l\u2019excepcional situaci\u00f3 que vivim a causa del Covid, pensem que potser hi ha fam\u00edlies del centre que han hagut d\u2019experimentar la p\u00e8rdua d\u2019alguna persona estimada. Si a la p\u00e8rdua afegim les condicions en qu\u00e8 es produeix (impossibilitat de cuidar\/acomiadar ning\u00fa&#8230;), l\u2019angoixa i sensaci\u00f3&hellip;  <a href=\"https:\/\/agora.xtec.cat\/ies-santa-eulalia\/general\/dol-en-temps-de-covid\/\" title=\"Read Dol en temps de Covid\">Llegeix m\u00e9s\u00bb<\/a><\/p>\n","protected":false},"author":1,"featured_media":6210,"comment_status":"open","ping_status":"closed","sticky":false,"template":"","format":"standard","meta":{"_bbp_topic_count":0,"_bbp_reply_count":0,"_bbp_total_topic_count":0,"_bbp_total_reply_count":0,"_bbp_voice_count":0,"_bbp_anonymous_reply_count":0,"_bbp_topic_count_hidden":0,"_bbp_reply_count_hidden":0,"_bbp_forum_subforum_count":0,"footnotes":""},"categories":[8,3,1,29],"tags":[],"class_list":["post-6209","post","type-post","status-publish","format-standard","has-post-thumbnail","hentry","category-batxillerat","category-eso","category-general","category-portada"],"post_mailing_queue_ids":[],"_links":{"self":[{"href":"https:\/\/agora.xtec.cat\/ies-santa-eulalia\/wp-json\/wp\/v2\/posts\/6209","targetHints":{"allow":["GET"]}}],"collection":[{"href":"https:\/\/agora.xtec.cat\/ies-santa-eulalia\/wp-json\/wp\/v2\/posts"}],"about":[{"href":"https:\/\/agora.xtec.cat\/ies-santa-eulalia\/wp-json\/wp\/v2\/types\/post"}],"author":[{"embeddable":true,"href":"https:\/\/agora.xtec.cat\/ies-santa-eulalia\/wp-json\/wp\/v2\/users\/1"}],"replies":[{"embeddable":true,"href":"https:\/\/agora.xtec.cat\/ies-santa-eulalia\/wp-json\/wp\/v2\/comments?post=6209"}],"version-history":[{"count":2,"href":"https:\/\/agora.xtec.cat\/ies-santa-eulalia\/wp-json\/wp\/v2\/posts\/6209\/revisions"}],"predecessor-version":[{"id":6270,"href":"https:\/\/agora.xtec.cat\/ies-santa-eulalia\/wp-json\/wp\/v2\/posts\/6209\/revisions\/6270"}],"wp:featuredmedia":[{"embeddable":true,"href":"https:\/\/agora.xtec.cat\/ies-santa-eulalia\/wp-json\/wp\/v2\/media\/6210"}],"wp:attachment":[{"href":"https:\/\/agora.xtec.cat\/ies-santa-eulalia\/wp-json\/wp\/v2\/media?parent=6209"}],"wp:term":[{"taxonomy":"category","embeddable":true,"href":"https:\/\/agora.xtec.cat\/ies-santa-eulalia\/wp-json\/wp\/v2\/categories?post=6209"},{"taxonomy":"post_tag","embeddable":true,"href":"https:\/\/agora.xtec.cat\/ies-santa-eulalia\/wp-json\/wp\/v2\/tags?post=6209"}],"curies":[{"name":"wp","href":"https:\/\/api.w.org\/{rel}","templated":true}]}}