{"id":6089,"date":"2020-03-10T08:53:48","date_gmt":"2020-03-10T07:53:48","guid":{"rendered":"http:\/\/agora.xtec.cat\/ies-santa-eulalia\/?p=6089"},"modified":"2020-03-11T10:54:45","modified_gmt":"2020-03-11T09:54:45","slug":"ens-apropem-al-dia-de-les-mates","status":"publish","type":"post","link":"https:\/\/agora.xtec.cat\/ies-santa-eulalia\/general\/ens-apropem-al-dia-de-les-mates\/","title":{"rendered":"Ens apropem al dia de les MaTes"},"content":{"rendered":"<p><a href=\"https:\/\/agora.xtec.cat\/ies-santa-eulalia\/wp-content\/uploads\/usu1612\/2020\/03\/Dia_pi_MMACA.jpg\"><img loading=\"lazy\" decoding=\"async\" class=\"size-medium wp-image-6090 alignleft\" src=\"https:\/\/agora.xtec.cat\/ies-santa-eulalia\/wp-content\/uploads\/usu1612\/2020\/03\/Dia_pi_MMACA-212x300.jpg\" alt=\"\" width=\"212\" height=\"300\" srcset=\"https:\/\/agora.xtec.cat\/ies-santa-eulalia\/wp-content\/uploads\/usu1612\/2020\/03\/Dia_pi_MMACA-212x300.jpg 212w, https:\/\/agora.xtec.cat\/ies-santa-eulalia\/wp-content\/uploads\/usu1612\/2020\/03\/Dia_pi_MMACA.jpg 596w\" sizes=\"auto, (max-width: 212px) 100vw, 212px\" \/><\/a>El mes de mar\u00e7 arrenca replet d&#8217;activitats matem\u00e0tiques al nostre institut en motiu de la celebraci\u00f3 del dia internacional de les Matem\u00e0tiques, el 14 de mar\u00e7, tamb\u00e9 conegut com el dia del nombre Pi (3\/14).<\/p>\n<p>&nbsp;<\/p>\n<p>Comen\u00e7arem el divendres 13 amb la <span style=\"color: #ff6600;\"><strong>Jornada Virtual Matem\u00e0tica<\/strong><\/span> amb els alumnes de 1r d&#8217;ESO, seguirem amb les <a href=\"https:\/\/agora.xtec.cat\/ies-santa-eulalia\/linstitut\/departaments\/departament-de-matematiques\/proves-cangur\/\"><strong><span style=\"color: #339966;\">Proves Cangur<\/span><\/strong><\/a>, el dia 19, amb alumnes d&#8217;ESO i Batxillerat i tenim temps fins el 29 de mar\u00e7 per a enviar una foto al <a href=\"https:\/\/agora.xtec.cat\/ies-santa-eulalia\/wp-admin\/post.php?post=5706&amp;action=edit&amp;classic-editor\"><span style=\"color: #0000ff;\"><strong>Concurs de Fotografia Matem\u00e0tica<\/strong><\/span><\/a> que organitza l&#8217;institut.<\/p>\n<p>&nbsp;<\/p>\n<p>I, per si encara no en tenim prou, el dia 15 de 10 a 14h al Parc de Can Mercader de Cornell\u00e0 hi trobarem un munt d&#8217;activitats matem\u00e0tiques per a tots els gustos en commemoraci\u00f3 del nombre Pi.<\/p>\n","protected":false},"excerpt":{"rendered":"<p><a href=\"https:\/\/agora.xtec.cat\/ies-santa-eulalia\/wp-content\/uploads\/usu1612\/2020\/03\/Dia_pi_MMACA.jpg\"><\/a>El mes de mar\u00e7 arrenca replet d&#8217;activitats matem\u00e0tiques al nostre institut en motiu de la celebraci\u00f3 del dia internacional de les Matem\u00e0tiques, el 14 de mar\u00e7, tamb\u00e9 conegut com el dia del nombre Pi (3\/14).<br \/>\n&nbsp;<br \/>\nComen\u00e7arem el divendres 13 amb la Jornada Virtual Matem\u00e0tica amb&hellip;  <a href=\"https:\/\/agora.xtec.cat\/ies-santa-eulalia\/general\/ens-apropem-al-dia-de-les-mates\/\" title=\"Read Ens apropem al dia de les MaTes\">Llegeix m\u00e9s\u00bb<\/a><\/p>\n","protected":false},"author":1,"featured_media":6093,"comment_status":"open","ping_status":"closed","sticky":false,"template":"","format":"standard","meta":{"_bbp_topic_count":0,"_bbp_reply_count":0,"_bbp_total_topic_count":0,"_bbp_total_reply_count":0,"_bbp_voice_count":0,"_bbp_anonymous_reply_count":0,"_bbp_topic_count_hidden":0,"_bbp_reply_count_hidden":0,"_bbp_forum_subforum_count":0,"footnotes":""},"categories":[140,8,3,1,29],"tags":[],"class_list":["post-6089","post","type-post","status-publish","format-standard","has-post-thumbnail","hentry","category-novetats-matematiques","category-batxillerat","category-eso","category-general","category-portada"],"post_mailing_queue_ids":[],"_links":{"self":[{"href":"https:\/\/agora.xtec.cat\/ies-santa-eulalia\/wp-json\/wp\/v2\/posts\/6089","targetHints":{"allow":["GET"]}}],"collection":[{"href":"https:\/\/agora.xtec.cat\/ies-santa-eulalia\/wp-json\/wp\/v2\/posts"}],"about":[{"href":"https:\/\/agora.xtec.cat\/ies-santa-eulalia\/wp-json\/wp\/v2\/types\/post"}],"author":[{"embeddable":true,"href":"https:\/\/agora.xtec.cat\/ies-santa-eulalia\/wp-json\/wp\/v2\/users\/1"}],"replies":[{"embeddable":true,"href":"https:\/\/agora.xtec.cat\/ies-santa-eulalia\/wp-json\/wp\/v2\/comments?post=6089"}],"version-history":[{"count":3,"href":"https:\/\/agora.xtec.cat\/ies-santa-eulalia\/wp-json\/wp\/v2\/posts\/6089\/revisions"}],"predecessor-version":[{"id":6099,"href":"https:\/\/agora.xtec.cat\/ies-santa-eulalia\/wp-json\/wp\/v2\/posts\/6089\/revisions\/6099"}],"wp:featuredmedia":[{"embeddable":true,"href":"https:\/\/agora.xtec.cat\/ies-santa-eulalia\/wp-json\/wp\/v2\/media\/6093"}],"wp:attachment":[{"href":"https:\/\/agora.xtec.cat\/ies-santa-eulalia\/wp-json\/wp\/v2\/media?parent=6089"}],"wp:term":[{"taxonomy":"category","embeddable":true,"href":"https:\/\/agora.xtec.cat\/ies-santa-eulalia\/wp-json\/wp\/v2\/categories?post=6089"},{"taxonomy":"post_tag","embeddable":true,"href":"https:\/\/agora.xtec.cat\/ies-santa-eulalia\/wp-json\/wp\/v2\/tags?post=6089"}],"curies":[{"name":"wp","href":"https:\/\/api.w.org\/{rel}","templated":true}]}}