{"id":6043,"date":"2020-03-11T10:54:07","date_gmt":"2020-03-11T09:54:07","guid":{"rendered":"http:\/\/agora.xtec.cat\/ies-santa-eulalia\/?p=6043"},"modified":"2020-03-14T19:10:35","modified_gmt":"2020-03-14T18:10:35","slug":"arbre-genealogic-dels-alumnes-de-laula-dacollida","status":"publish","type":"post","link":"https:\/\/agora.xtec.cat\/ies-santa-eulalia\/general\/arbre-genealogic-dels-alumnes-de-laula-dacollida\/","title":{"rendered":"Arbre Geneal\u00f2gic dels alumnes de l&#8217;aula d&#8217;acollida"},"content":{"rendered":"<p style=\"text-align: justify;\">El Passat 12 de febrer a la tarda els nostres alumnes d&#8217;aula d&#8217;acollida van presentar, davant de familiars i amics, el<a href=\"https:\/\/agora.xtec.cat\/ies-santa-eulalia\/wp-content\/uploads\/usu1612\/2020\/03\/IMG_20200301_090310-1.jpg\"><img loading=\"lazy\" decoding=\"async\" class=\" wp-image-6047 alignright\" src=\"https:\/\/agora.xtec.cat\/ies-santa-eulalia\/wp-content\/uploads\/usu1612\/2020\/03\/IMG_20200301_090310-1-300x220.jpg\" alt=\"\" width=\"335\" height=\"246\" srcset=\"https:\/\/agora.xtec.cat\/ies-santa-eulalia\/wp-content\/uploads\/usu1612\/2020\/03\/IMG_20200301_090310-1-300x220.jpg 300w, https:\/\/agora.xtec.cat\/ies-santa-eulalia\/wp-content\/uploads\/usu1612\/2020\/03\/IMG_20200301_090310-1-768x564.jpg 768w, https:\/\/agora.xtec.cat\/ies-santa-eulalia\/wp-content\/uploads\/usu1612\/2020\/03\/IMG_20200301_090310-1-1024x753.jpg 1024w, https:\/\/agora.xtec.cat\/ies-santa-eulalia\/wp-content\/uploads\/usu1612\/2020\/03\/IMG_20200301_090310-1.jpg 1660w\" sizes=\"auto, (max-width: 335px) 100vw, 335px\" \/><\/a> seu arbre geneal\u00f2gic, demostrant quant han apr\u00e8s en aquests mesos.La millor manera d&#8217;aprendre una nova llengua, en aquest cas el catal\u00e0, \u00e9s des de les emocions, i aquesta va ser una activitat molt emotiva. A m\u00e9s, va ajudar a millorar i crear nous vincles entre les fam\u00edlies i el centre. Va ser tot un \u00e8xit d&#8217;assist\u00e8ncia, i el p\u00fablic va quedar ben content.<\/p>\n<p>Cliqueu <a href=\"https:\/\/drive.google.com\/file\/d\/1QWaeKyH8GUXt0ZOJ2MI9oOh85MrH1tCA\/view?usp=sharing https:\/\/drive.google.com\/file\/d\/1SPXiOlDQmmWIMVSd8GAQ7nh_YwbUGqMX\/view?usp=sharing https:\/\/drive.google.com\/file\/d\/1d5yUj6iaRQDPisH8n4mz6nbNS9iOtdQW\/view?usp=sharing https:\/\/drive.google.com\/file\/d\/1HWuldKtF2McJb8i0WIQXH9lfHzzBVr2g\/view?usp=sharing\">aqui per veure m\u00e9s fotos i v\u00eddeos<\/a><\/p>\n<p>&nbsp;<\/p>\n<p>&nbsp;<\/p>\n","protected":false},"excerpt":{"rendered":"<p>El Passat 12 de febrer a la tarda els nostres alumnes d&#8217;aula d&#8217;acollida van presentar, davant de familiars i amics, el<a href=\"https:\/\/agora.xtec.cat\/ies-santa-eulalia\/wp-content\/uploads\/usu1612\/2020\/03\/IMG_20200301_090310-1.jpg\"><\/a> seu arbre geneal\u00f2gic, demostrant quant han apr\u00e8s en aquests mesos.La millor manera d&#8217;aprendre una nova llengua, en aquest cas el catal\u00e0, \u00e9s des&hellip;  <a href=\"https:\/\/agora.xtec.cat\/ies-santa-eulalia\/general\/arbre-genealogic-dels-alumnes-de-laula-dacollida\/\" title=\"Read Arbre Geneal\u00f2gic dels alumnes de l&#8217;aula d&#8217;acollida\">Llegeix m\u00e9s\u00bb<\/a><\/p>\n","protected":false},"author":1,"featured_media":6098,"comment_status":"open","ping_status":"closed","sticky":false,"template":"","format":"standard","meta":{"_bbp_topic_count":0,"_bbp_reply_count":0,"_bbp_total_topic_count":0,"_bbp_total_reply_count":0,"_bbp_voice_count":0,"_bbp_anonymous_reply_count":0,"_bbp_topic_count_hidden":0,"_bbp_reply_count_hidden":0,"_bbp_forum_subforum_count":0,"footnotes":""},"categories":[3,1,29],"tags":[],"class_list":["post-6043","post","type-post","status-publish","format-standard","has-post-thumbnail","hentry","category-eso","category-general","category-portada"],"post_mailing_queue_ids":[],"_links":{"self":[{"href":"https:\/\/agora.xtec.cat\/ies-santa-eulalia\/wp-json\/wp\/v2\/posts\/6043","targetHints":{"allow":["GET"]}}],"collection":[{"href":"https:\/\/agora.xtec.cat\/ies-santa-eulalia\/wp-json\/wp\/v2\/posts"}],"about":[{"href":"https:\/\/agora.xtec.cat\/ies-santa-eulalia\/wp-json\/wp\/v2\/types\/post"}],"author":[{"embeddable":true,"href":"https:\/\/agora.xtec.cat\/ies-santa-eulalia\/wp-json\/wp\/v2\/users\/1"}],"replies":[{"embeddable":true,"href":"https:\/\/agora.xtec.cat\/ies-santa-eulalia\/wp-json\/wp\/v2\/comments?post=6043"}],"version-history":[{"count":3,"href":"https:\/\/agora.xtec.cat\/ies-santa-eulalia\/wp-json\/wp\/v2\/posts\/6043\/revisions"}],"predecessor-version":[{"id":6147,"href":"https:\/\/agora.xtec.cat\/ies-santa-eulalia\/wp-json\/wp\/v2\/posts\/6043\/revisions\/6147"}],"wp:featuredmedia":[{"embeddable":true,"href":"https:\/\/agora.xtec.cat\/ies-santa-eulalia\/wp-json\/wp\/v2\/media\/6098"}],"wp:attachment":[{"href":"https:\/\/agora.xtec.cat\/ies-santa-eulalia\/wp-json\/wp\/v2\/media?parent=6043"}],"wp:term":[{"taxonomy":"category","embeddable":true,"href":"https:\/\/agora.xtec.cat\/ies-santa-eulalia\/wp-json\/wp\/v2\/categories?post=6043"},{"taxonomy":"post_tag","embeddable":true,"href":"https:\/\/agora.xtec.cat\/ies-santa-eulalia\/wp-json\/wp\/v2\/tags?post=6043"}],"curies":[{"name":"wp","href":"https:\/\/api.w.org\/{rel}","templated":true}]}}