{"id":6038,"date":"2020-03-04T10:53:13","date_gmt":"2020-03-04T09:53:13","guid":{"rendered":"http:\/\/agora.xtec.cat\/ies-santa-eulalia\/?p=6038"},"modified":"2020-03-04T10:54:49","modified_gmt":"2020-03-04T09:54:49","slug":"visita-a-la-uab-2","status":"publish","type":"post","link":"https:\/\/agora.xtec.cat\/ies-santa-eulalia\/general\/visita-a-la-uab-2\/","title":{"rendered":"Visita a la UAB"},"content":{"rendered":"<p>Els alumnes de segon de Batxillerat de l&#8217;institut van realitzar una visita a la facultat de ci\u00e8ncies de la UAB, una oportunitat per con\u00e8ixer com \u00e9s una facultat des de dins. Les proves d&#8217;acc\u00e8s estan aqu\u00ed mateix, cal encarar b\u00e9 el seu final de curs i apretar fort. Mireu quina patxoca fan!!! (feu clic a la imatge per ampliar)<\/p>\n<p>Endavant, nois i noies!!!!<\/p>\n<p><a href=\"https:\/\/agora.xtec.cat\/ies-santa-eulalia\/wp-content\/uploads\/usu1612\/2020\/03\/IMG_20200226_131856-min-1.jpg\"><img loading=\"lazy\" decoding=\"async\" class=\"size-medium wp-image-6040 aligncenter\" src=\"https:\/\/agora.xtec.cat\/ies-santa-eulalia\/wp-content\/uploads\/usu1612\/2020\/03\/IMG_20200226_131856-min-1-300x138.jpg\" alt=\"\" width=\"300\" height=\"138\" srcset=\"https:\/\/agora.xtec.cat\/ies-santa-eulalia\/wp-content\/uploads\/usu1612\/2020\/03\/IMG_20200226_131856-min-1-300x138.jpg 300w, https:\/\/agora.xtec.cat\/ies-santa-eulalia\/wp-content\/uploads\/usu1612\/2020\/03\/IMG_20200226_131856-min-1-768x354.jpg 768w, https:\/\/agora.xtec.cat\/ies-santa-eulalia\/wp-content\/uploads\/usu1612\/2020\/03\/IMG_20200226_131856-min-1-1024x472.jpg 1024w\" sizes=\"auto, (max-width: 300px) 100vw, 300px\" \/><\/a><\/p>\n","protected":false},"excerpt":{"rendered":"<p>Els alumnes de segon de Batxillerat de l&#8217;institut van realitzar una visita a la facultat de ci\u00e8ncies de la UAB, una oportunitat per con\u00e8ixer com \u00e9s una facultat des de dins. Les proves d&#8217;acc\u00e8s estan aqu\u00ed mateix, cal encarar b\u00e9 el seu final de curs&hellip;  <a href=\"https:\/\/agora.xtec.cat\/ies-santa-eulalia\/general\/visita-a-la-uab-2\/\" title=\"Read Visita a la UAB\">Llegeix m\u00e9s\u00bb<\/a><\/p>\n","protected":false},"author":1,"featured_media":6040,"comment_status":"open","ping_status":"closed","sticky":false,"template":"","format":"standard","meta":{"_bbp_topic_count":0,"_bbp_reply_count":0,"_bbp_total_topic_count":0,"_bbp_total_reply_count":0,"_bbp_voice_count":0,"_bbp_anonymous_reply_count":0,"_bbp_topic_count_hidden":0,"_bbp_reply_count_hidden":0,"_bbp_forum_subforum_count":0,"footnotes":""},"categories":[174,1,29],"tags":[],"class_list":["post-6038","post","type-post","status-publish","format-standard","has-post-thumbnail","hentry","category-2n-batxillerat","category-general","category-portada"],"post_mailing_queue_ids":[],"_links":{"self":[{"href":"https:\/\/agora.xtec.cat\/ies-santa-eulalia\/wp-json\/wp\/v2\/posts\/6038","targetHints":{"allow":["GET"]}}],"collection":[{"href":"https:\/\/agora.xtec.cat\/ies-santa-eulalia\/wp-json\/wp\/v2\/posts"}],"about":[{"href":"https:\/\/agora.xtec.cat\/ies-santa-eulalia\/wp-json\/wp\/v2\/types\/post"}],"author":[{"embeddable":true,"href":"https:\/\/agora.xtec.cat\/ies-santa-eulalia\/wp-json\/wp\/v2\/users\/1"}],"replies":[{"embeddable":true,"href":"https:\/\/agora.xtec.cat\/ies-santa-eulalia\/wp-json\/wp\/v2\/comments?post=6038"}],"version-history":[{"count":1,"href":"https:\/\/agora.xtec.cat\/ies-santa-eulalia\/wp-json\/wp\/v2\/posts\/6038\/revisions"}],"predecessor-version":[{"id":6041,"href":"https:\/\/agora.xtec.cat\/ies-santa-eulalia\/wp-json\/wp\/v2\/posts\/6038\/revisions\/6041"}],"wp:featuredmedia":[{"embeddable":true,"href":"https:\/\/agora.xtec.cat\/ies-santa-eulalia\/wp-json\/wp\/v2\/media\/6040"}],"wp:attachment":[{"href":"https:\/\/agora.xtec.cat\/ies-santa-eulalia\/wp-json\/wp\/v2\/media?parent=6038"}],"wp:term":[{"taxonomy":"category","embeddable":true,"href":"https:\/\/agora.xtec.cat\/ies-santa-eulalia\/wp-json\/wp\/v2\/categories?post=6038"},{"taxonomy":"post_tag","embeddable":true,"href":"https:\/\/agora.xtec.cat\/ies-santa-eulalia\/wp-json\/wp\/v2\/tags?post=6038"}],"curies":[{"name":"wp","href":"https:\/\/api.w.org\/{rel}","templated":true}]}}