{"id":6002,"date":"2020-02-26T10:59:37","date_gmt":"2020-02-26T09:59:37","guid":{"rendered":"http:\/\/agora.xtec.cat\/ies-santa-eulalia\/?p=6002"},"modified":"2020-02-26T11:12:17","modified_gmt":"2020-02-26T10:12:17","slug":"escola-de-families-sessio-del-febrer","status":"publish","type":"post","link":"https:\/\/agora.xtec.cat\/ies-santa-eulalia\/general\/escola-de-families-sessio-del-febrer\/","title":{"rendered":"Com ens comuniquem amb els nostres fills?"},"content":{"rendered":"<p>Dimarts 25 de febrer va tenir lloc la sessi\u00f3 del febrer de l&#8217;Escola de Fam\u00edlies, dedicada a la comunicaci\u00f3 dins la fam\u00edlia. Es va parlar de com \u00e9s d&#8217;important una escolta atenta del que pensen i senten els fills i, a la vegada, de la import\u00e0ncia d&#8217;expressar adequadament els nostres propis sentiments i expectatives. Tamb\u00e9 es va tractar la manera m\u00e9s positiva d&#8217;intervenir en les diferents situacions que es puguin donar, per tal d&#8217;afavorir sempre l&#8217;entesa i l&#8217; ambient d&#8217;aprenentatge.<\/p>\n<p><a href=\"https:\/\/agora.xtec.cat\/ies-santa-eulalia\/wp-content\/uploads\/usu1612\/2020\/02\/Escola-de-Fam\u00edlies-25-2-2020-IMG-20200225-WA0011.jpg\"><img loading=\"lazy\" decoding=\"async\" class=\"alignnone size-medium wp-image-6003\" src=\"https:\/\/agora.xtec.cat\/ies-santa-eulalia\/wp-content\/uploads\/usu1612\/2020\/02\/Escola-de-Fam\u00edlies-25-2-2020-IMG-20200225-WA0011-300x246.jpg\" alt=\"\" width=\"300\" height=\"246\" srcset=\"https:\/\/agora.xtec.cat\/ies-santa-eulalia\/wp-content\/uploads\/usu1612\/2020\/02\/Escola-de-Fam\u00edlies-25-2-2020-IMG-20200225-WA0011-300x246.jpg 300w, https:\/\/agora.xtec.cat\/ies-santa-eulalia\/wp-content\/uploads\/usu1612\/2020\/02\/Escola-de-Fam\u00edlies-25-2-2020-IMG-20200225-WA0011-768x631.jpg 768w, https:\/\/agora.xtec.cat\/ies-santa-eulalia\/wp-content\/uploads\/usu1612\/2020\/02\/Escola-de-Fam\u00edlies-25-2-2020-IMG-20200225-WA0011-1024x841.jpg 1024w, https:\/\/agora.xtec.cat\/ies-santa-eulalia\/wp-content\/uploads\/usu1612\/2020\/02\/Escola-de-Fam\u00edlies-25-2-2020-IMG-20200225-WA0011.jpg 2048w\" sizes=\"auto, (max-width: 300px) 100vw, 300px\" \/><\/a><\/p>\n","protected":false},"excerpt":{"rendered":"<p>Dimarts 25 de febrer va tenir lloc la sessi\u00f3 del febrer de l&#8217;Escola de Fam\u00edlies, dedicada a la comunicaci\u00f3 dins la fam\u00edlia. Es va parlar de com \u00e9s d&#8217;important una escolta atenta del que pensen i senten els fills i, a la vegada, de la&hellip;  <a href=\"https:\/\/agora.xtec.cat\/ies-santa-eulalia\/general\/escola-de-families-sessio-del-febrer\/\" title=\"Read Com ens comuniquem amb els nostres fills?\">Llegeix m\u00e9s\u00bb<\/a><\/p>\n","protected":false},"author":1,"featured_media":6003,"comment_status":"open","ping_status":"closed","sticky":false,"template":"","format":"standard","meta":{"_bbp_topic_count":0,"_bbp_reply_count":0,"_bbp_total_topic_count":0,"_bbp_total_reply_count":0,"_bbp_voice_count":0,"_bbp_anonymous_reply_count":0,"_bbp_topic_count_hidden":0,"_bbp_reply_count_hidden":0,"_bbp_forum_subforum_count":0,"footnotes":""},"categories":[1,29],"tags":[],"class_list":["post-6002","post","type-post","status-publish","format-standard","has-post-thumbnail","hentry","category-general","category-portada"],"post_mailing_queue_ids":[],"_links":{"self":[{"href":"https:\/\/agora.xtec.cat\/ies-santa-eulalia\/wp-json\/wp\/v2\/posts\/6002","targetHints":{"allow":["GET"]}}],"collection":[{"href":"https:\/\/agora.xtec.cat\/ies-santa-eulalia\/wp-json\/wp\/v2\/posts"}],"about":[{"href":"https:\/\/agora.xtec.cat\/ies-santa-eulalia\/wp-json\/wp\/v2\/types\/post"}],"author":[{"embeddable":true,"href":"https:\/\/agora.xtec.cat\/ies-santa-eulalia\/wp-json\/wp\/v2\/users\/1"}],"replies":[{"embeddable":true,"href":"https:\/\/agora.xtec.cat\/ies-santa-eulalia\/wp-json\/wp\/v2\/comments?post=6002"}],"version-history":[{"count":2,"href":"https:\/\/agora.xtec.cat\/ies-santa-eulalia\/wp-json\/wp\/v2\/posts\/6002\/revisions"}],"predecessor-version":[{"id":6006,"href":"https:\/\/agora.xtec.cat\/ies-santa-eulalia\/wp-json\/wp\/v2\/posts\/6002\/revisions\/6006"}],"wp:featuredmedia":[{"embeddable":true,"href":"https:\/\/agora.xtec.cat\/ies-santa-eulalia\/wp-json\/wp\/v2\/media\/6003"}],"wp:attachment":[{"href":"https:\/\/agora.xtec.cat\/ies-santa-eulalia\/wp-json\/wp\/v2\/media?parent=6002"}],"wp:term":[{"taxonomy":"category","embeddable":true,"href":"https:\/\/agora.xtec.cat\/ies-santa-eulalia\/wp-json\/wp\/v2\/categories?post=6002"},{"taxonomy":"post_tag","embeddable":true,"href":"https:\/\/agora.xtec.cat\/ies-santa-eulalia\/wp-json\/wp\/v2\/tags?post=6002"}],"curies":[{"name":"wp","href":"https:\/\/api.w.org\/{rel}","templated":true}]}}