{"id":5977,"date":"2020-02-21T09:48:15","date_gmt":"2020-02-21T08:48:15","guid":{"rendered":"http:\/\/agora.xtec.cat\/ies-santa-eulalia\/?p=5977"},"modified":"2020-02-21T09:48:15","modified_gmt":"2020-02-21T08:48:15","slug":"sortida-de-1r-deso-per-veure-les-aventures-dulisses","status":"publish","type":"post","link":"https:\/\/agora.xtec.cat\/ies-santa-eulalia\/general\/sortida-de-1r-deso-per-veure-les-aventures-dulisses\/","title":{"rendered":"Sortida de 1r d&#8217;ESO per veure &#8220;Les aventures d&#8217;Ulisses&#8221;"},"content":{"rendered":"<p>Dimecres 19 de febrer tots els alumnes de 1r d&#8217;ESO van anar a veure l&#8217;obra de teatre &#8220;<strong>Les aventures d&#8217;Ulisses<\/strong>&#8221; al Teatreneu, despr\u00e9s d&#8217;haver llegit el llibre i haver fet un mural en grup. Aqu\u00ed teniu algunes fotos i algunes de les seves opinions:<\/p>\n<p>&#8220;M&#8217;ha agradat l&#8217;experi\u00e8ncia i he apr\u00e8s coses. Ha sigut enriquidor. Encara que al teatre va ser molt resumit, penso que la podien representar m\u00e9s llarga&#8221; (D\u00eddac P, 1r ESO B)<\/p>\n<p>&#8220;Hi havia bastantes coses que al teatre no van dir per\u00f2 que al llibre s\u00ed que sortien&#8221; (Eric S. 1r ESO B)<\/p>\n<p>&#8220;Veient l&#8217;obra tot m&#8217;ha quedat una mica m\u00e9s clar&#8221; (Luc\u00eda L. 1r ESO B)<\/p>\n<p>&#8220;La manera de parlar dels actors era molt exagerada&#8221; (Alba C. 1r ESO B)<\/p>\n<p>&#8220;M&#8217;ha agradat molt aquesta hist\u00f2ria perqu\u00e8 era molt emocionant&#8221; (Farwa S. 1r ESO B)<\/p>\n<p><a href=\"https:\/\/agora.xtec.cat\/ies-santa-eulalia\/wp-content\/uploads\/usu1612\/2020\/02\/IMG-20200220-WA0004.jpg\"><img loading=\"lazy\" decoding=\"async\" class=\"alignnone size-medium wp-image-5978\" src=\"https:\/\/agora.xtec.cat\/ies-santa-eulalia\/wp-content\/uploads\/usu1612\/2020\/02\/IMG-20200220-WA0004-300x225.jpg\" alt=\"\" width=\"300\" height=\"225\" srcset=\"https:\/\/agora.xtec.cat\/ies-santa-eulalia\/wp-content\/uploads\/usu1612\/2020\/02\/IMG-20200220-WA0004-300x225.jpg 300w, https:\/\/agora.xtec.cat\/ies-santa-eulalia\/wp-content\/uploads\/usu1612\/2020\/02\/IMG-20200220-WA0004-768x576.jpg 768w, https:\/\/agora.xtec.cat\/ies-santa-eulalia\/wp-content\/uploads\/usu1612\/2020\/02\/IMG-20200220-WA0004-1024x768.jpg 1024w, https:\/\/agora.xtec.cat\/ies-santa-eulalia\/wp-content\/uploads\/usu1612\/2020\/02\/IMG-20200220-WA0004-200x150.jpg 200w, https:\/\/agora.xtec.cat\/ies-santa-eulalia\/wp-content\/uploads\/usu1612\/2020\/02\/IMG-20200220-WA0004.jpg 1600w\" sizes=\"auto, (max-width: 300px) 100vw, 300px\" \/><\/a> <a href=\"https:\/\/agora.xtec.cat\/ies-santa-eulalia\/wp-content\/uploads\/usu1612\/2020\/02\/IMG-20200220-WA0002.jpg\"><img loading=\"lazy\" decoding=\"async\" class=\"alignnone size-medium wp-image-5979\" src=\"https:\/\/agora.xtec.cat\/ies-santa-eulalia\/wp-content\/uploads\/usu1612\/2020\/02\/IMG-20200220-WA0002-300x169.jpg\" alt=\"\" width=\"300\" height=\"169\" srcset=\"https:\/\/agora.xtec.cat\/ies-santa-eulalia\/wp-content\/uploads\/usu1612\/2020\/02\/IMG-20200220-WA0002-300x169.jpg 300w, https:\/\/agora.xtec.cat\/ies-santa-eulalia\/wp-content\/uploads\/usu1612\/2020\/02\/IMG-20200220-WA0002-768x432.jpg 768w, https:\/\/agora.xtec.cat\/ies-santa-eulalia\/wp-content\/uploads\/usu1612\/2020\/02\/IMG-20200220-WA0002-1024x576.jpg 1024w, https:\/\/agora.xtec.cat\/ies-santa-eulalia\/wp-content\/uploads\/usu1612\/2020\/02\/IMG-20200220-WA0002.jpg 1599w\" sizes=\"auto, (max-width: 300px) 100vw, 300px\" \/><\/a> <a href=\"https:\/\/agora.xtec.cat\/ies-santa-eulalia\/wp-content\/uploads\/usu1612\/2020\/02\/IMG-20200220-WA0003.jpg\"><img loading=\"lazy\" decoding=\"async\" class=\"alignnone size-medium wp-image-5980\" src=\"https:\/\/agora.xtec.cat\/ies-santa-eulalia\/wp-content\/uploads\/usu1612\/2020\/02\/IMG-20200220-WA0003-300x225.jpg\" alt=\"\" width=\"300\" height=\"225\" srcset=\"https:\/\/agora.xtec.cat\/ies-santa-eulalia\/wp-content\/uploads\/usu1612\/2020\/02\/IMG-20200220-WA0003-300x225.jpg 300w, https:\/\/agora.xtec.cat\/ies-santa-eulalia\/wp-content\/uploads\/usu1612\/2020\/02\/IMG-20200220-WA0003-768x576.jpg 768w, https:\/\/agora.xtec.cat\/ies-santa-eulalia\/wp-content\/uploads\/usu1612\/2020\/02\/IMG-20200220-WA0003-1024x768.jpg 1024w, https:\/\/agora.xtec.cat\/ies-santa-eulalia\/wp-content\/uploads\/usu1612\/2020\/02\/IMG-20200220-WA0003-200x150.jpg 200w, https:\/\/agora.xtec.cat\/ies-santa-eulalia\/wp-content\/uploads\/usu1612\/2020\/02\/IMG-20200220-WA0003.jpg 1600w\" sizes=\"auto, (max-width: 300px) 100vw, 300px\" \/><\/a> <a href=\"https:\/\/agora.xtec.cat\/ies-santa-eulalia\/wp-content\/uploads\/usu1612\/2020\/02\/IMG-20200220-WA0001.jpg\"><img loading=\"lazy\" decoding=\"async\" class=\"alignnone size-medium wp-image-5981\" src=\"https:\/\/agora.xtec.cat\/ies-santa-eulalia\/wp-content\/uploads\/usu1612\/2020\/02\/IMG-20200220-WA0001-300x225.jpg\" alt=\"\" width=\"300\" height=\"225\" srcset=\"https:\/\/agora.xtec.cat\/ies-santa-eulalia\/wp-content\/uploads\/usu1612\/2020\/02\/IMG-20200220-WA0001-300x225.jpg 300w, https:\/\/agora.xtec.cat\/ies-santa-eulalia\/wp-content\/uploads\/usu1612\/2020\/02\/IMG-20200220-WA0001-768x576.jpg 768w, https:\/\/agora.xtec.cat\/ies-santa-eulalia\/wp-content\/uploads\/usu1612\/2020\/02\/IMG-20200220-WA0001-1024x768.jpg 1024w, https:\/\/agora.xtec.cat\/ies-santa-eulalia\/wp-content\/uploads\/usu1612\/2020\/02\/IMG-20200220-WA0001-200x150.jpg 200w, https:\/\/agora.xtec.cat\/ies-santa-eulalia\/wp-content\/uploads\/usu1612\/2020\/02\/IMG-20200220-WA0001.jpg 1600w\" sizes=\"auto, (max-width: 300px) 100vw, 300px\" \/><\/a><\/p>\n","protected":false},"excerpt":{"rendered":"<p>Dimecres 19 de febrer tots els alumnes de 1r d&#8217;ESO van anar a veure l&#8217;obra de teatre &#8220;Les aventures d&#8217;Ulisses&#8221; al Teatreneu, despr\u00e9s d&#8217;haver llegit el llibre i haver fet un mural en grup. Aqu\u00ed teniu algunes fotos i algunes de les seves opinions:<br \/>\n&#8220;M&#8217;ha agradat&hellip;  <a href=\"https:\/\/agora.xtec.cat\/ies-santa-eulalia\/general\/sortida-de-1r-deso-per-veure-les-aventures-dulisses\/\" title=\"Read Sortida de 1r d&#8217;ESO per veure &#8220;Les aventures d&#8217;Ulisses&#8221;\">Llegeix m\u00e9s\u00bb<\/a><\/p>\n","protected":false},"author":1,"featured_media":5980,"comment_status":"open","ping_status":"closed","sticky":false,"template":"","format":"standard","meta":{"_bbp_topic_count":0,"_bbp_reply_count":0,"_bbp_total_topic_count":0,"_bbp_total_reply_count":0,"_bbp_voice_count":0,"_bbp_anonymous_reply_count":0,"_bbp_topic_count_hidden":0,"_bbp_reply_count_hidden":0,"_bbp_forum_subforum_count":0,"footnotes":""},"categories":[136,3,1,29],"tags":[],"class_list":["post-5977","post","type-post","status-publish","format-standard","has-post-thumbnail","hentry","category-novetats-catala","category-eso","category-general","category-portada"],"post_mailing_queue_ids":[],"_links":{"self":[{"href":"https:\/\/agora.xtec.cat\/ies-santa-eulalia\/wp-json\/wp\/v2\/posts\/5977","targetHints":{"allow":["GET"]}}],"collection":[{"href":"https:\/\/agora.xtec.cat\/ies-santa-eulalia\/wp-json\/wp\/v2\/posts"}],"about":[{"href":"https:\/\/agora.xtec.cat\/ies-santa-eulalia\/wp-json\/wp\/v2\/types\/post"}],"author":[{"embeddable":true,"href":"https:\/\/agora.xtec.cat\/ies-santa-eulalia\/wp-json\/wp\/v2\/users\/1"}],"replies":[{"embeddable":true,"href":"https:\/\/agora.xtec.cat\/ies-santa-eulalia\/wp-json\/wp\/v2\/comments?post=5977"}],"version-history":[{"count":1,"href":"https:\/\/agora.xtec.cat\/ies-santa-eulalia\/wp-json\/wp\/v2\/posts\/5977\/revisions"}],"predecessor-version":[{"id":5982,"href":"https:\/\/agora.xtec.cat\/ies-santa-eulalia\/wp-json\/wp\/v2\/posts\/5977\/revisions\/5982"}],"wp:featuredmedia":[{"embeddable":true,"href":"https:\/\/agora.xtec.cat\/ies-santa-eulalia\/wp-json\/wp\/v2\/media\/5980"}],"wp:attachment":[{"href":"https:\/\/agora.xtec.cat\/ies-santa-eulalia\/wp-json\/wp\/v2\/media?parent=5977"}],"wp:term":[{"taxonomy":"category","embeddable":true,"href":"https:\/\/agora.xtec.cat\/ies-santa-eulalia\/wp-json\/wp\/v2\/categories?post=5977"},{"taxonomy":"post_tag","embeddable":true,"href":"https:\/\/agora.xtec.cat\/ies-santa-eulalia\/wp-json\/wp\/v2\/tags?post=5977"}],"curies":[{"name":"wp","href":"https:\/\/api.w.org\/{rel}","templated":true}]}}