{"id":5873,"date":"2020-02-05T11:14:21","date_gmt":"2020-02-05T10:14:21","guid":{"rendered":"http:\/\/agora.xtec.cat\/ies-santa-eulalia\/?p=5873"},"modified":"2020-02-07T09:39:48","modified_gmt":"2020-02-07T08:39:48","slug":"mural-a-la-facana","status":"publish","type":"post","link":"https:\/\/agora.xtec.cat\/ies-santa-eulalia\/general\/mural-a-la-facana\/","title":{"rendered":"Mural a la fa\u00e7ana"},"content":{"rendered":"<div><span style=\"color: #351c75;\">Dilluns de la setmana passada<b>\u00a0<span style=\"font-size: large;\">es va comen\u00e7ar a dibuixar el mural de la fa\u00e7ana del carrer Carrilet.<\/span>\u00a0<\/b><\/span><\/div>\n<div><\/div>\n<div><\/div>\n<div><span style=\"color: #000080;\"><b><span style=\"color: #000080;\">El projecte se&#8217;ns proposa des del centre Cultural de Santa Eul\u00e0lia que ens ofereix la possibilitat de fer un treball conjunt amb un artista de l&#8217;Hospitalet<\/span>.\u00a0<\/b><\/span><\/div>\n<div><span style=\"color: #351c75;\">\u00a0<\/span><\/div>\n<div><span style=\"color: #351c75;\"><b>El projecte s&#8217;inicia a l&#8217;Optativa de Dibuix de 4t de l&#8217;ESO on els alumnes<\/b>, organitzats en parelles, treballen valors i temes d&#8217;actualitat. A partir d&#8217;aqu\u00ed, el Garbi, l&#8217;artista que es converteix en el nostre company de projecte, transforma els esbossos dels alumnes i els d\u00f3na forma al seu estil.<\/span><\/div>\n<div><span style=\"color: #351c75;\">\u00a0<\/span><\/div>\n<div><span style=\"color: #351c75;\"><span style=\"font-size: large;\"><b>Els temes que s&#8217;han treballat en el disseny del mural s\u00f3n<\/b><\/span>: la pau, la igualtat de g\u00e8nere, el canvi clim\u00e0tic , la diversitat LGBTI, el treball cooperatiu, trencar estereotips, personatges importants de diferents \u00e0mbits&#8230;<\/span><\/div>\n<div><span style=\"color: #351c75;\">\u00a0<\/span><\/div>\n<div><span style=\"color: #351c75;\"><span style=\"font-size: large;\"><b>El Garbi, artista multidisciplinari,<\/b><\/span>\u00a0ha tingut l&#8217;habilitat de saber captar els missatges que volien transmetre els alumnes i els ha transformat en els seus petits personatges d&#8217;ulls grans.<\/span><\/div>\n<div><span style=\"color: #351c75;\">\u00a0<\/span><\/div>\n<div><span style=\"color: #351c75;\">Encara estarem tota la setmana pintant i omplint de color el mural.<\/span><\/div>\n<div><span style=\"color: #351c75;\">\u00a0<\/span><\/div>\n<div>\n<p><span style=\"color: #351c75;\"><span style=\"color: #351c75;\"><span style=\"font-size: large;\"><b>Us convidem a donar-li un cop d&#8217;ull a les fotos i al <a href=\"https:\/\/lhdigital.cat\/web\/digital-h\/veure-multimedia?xarxaId=5e3c0e1e59c4db3830f7b50b&amp;vimeoId=undefined&amp;video=&amp;titol=%C3%9Altims%20retocs%20al%20nou%20mural%20de%20Santa%20Eul%C3%A0lia#.Xj0iBRg-KGo.link\"><span style=\"color: #99cc00;\">reportatge<\/span><\/a> que ens va fer la televisi\u00f3 de l&#8217;Hospitalet!<\/b><\/span><\/span><\/span><\/p>\n<div class=\"plupload_thumb_wrapper\">\n<div class=\"plupload_thumb\">\n<div class=\"status-wrapper\">\n<div class=\"status-text\"><a href=\"https:\/\/agora.xtec.cat\/ies-santa-eulalia\/wp-content\/uploads\/usu1612\/2020\/02\/20200129_1313571-min.jpg\"><img loading=\"lazy\" decoding=\"async\" class=\"alignnone size-medium wp-image-5883\" src=\"https:\/\/agora.xtec.cat\/ies-santa-eulalia\/wp-content\/uploads\/usu1612\/2020\/02\/20200129_1313571-min-300x169.jpg\" alt=\"\" width=\"300\" height=\"169\" srcset=\"https:\/\/agora.xtec.cat\/ies-santa-eulalia\/wp-content\/uploads\/usu1612\/2020\/02\/20200129_1313571-min-300x169.jpg 300w, https:\/\/agora.xtec.cat\/ies-santa-eulalia\/wp-content\/uploads\/usu1612\/2020\/02\/20200129_1313571-min-768x432.jpg 768w, https:\/\/agora.xtec.cat\/ies-santa-eulalia\/wp-content\/uploads\/usu1612\/2020\/02\/20200129_1313571-min-1024x576.jpg 1024w\" sizes=\"auto, (max-width: 300px) 100vw, 300px\" \/><\/a><a href=\"https:\/\/agora.xtec.cat\/ies-santa-eulalia\/wp-content\/uploads\/usu1612\/2020\/02\/20200130_1139531-min1.jpg\"><img loading=\"lazy\" decoding=\"async\" class=\"alignnone size-medium wp-image-5888\" src=\"https:\/\/agora.xtec.cat\/ies-santa-eulalia\/wp-content\/uploads\/usu1612\/2020\/02\/20200130_1139531-min1-300x169.jpg\" alt=\"\" width=\"300\" height=\"169\" srcset=\"https:\/\/agora.xtec.cat\/ies-santa-eulalia\/wp-content\/uploads\/usu1612\/2020\/02\/20200130_1139531-min1-300x169.jpg 300w, https:\/\/agora.xtec.cat\/ies-santa-eulalia\/wp-content\/uploads\/usu1612\/2020\/02\/20200130_1139531-min1-768x432.jpg 768w, https:\/\/agora.xtec.cat\/ies-santa-eulalia\/wp-content\/uploads\/usu1612\/2020\/02\/20200130_1139531-min1-1024x576.jpg 1024w\" sizes=\"auto, (max-width: 300px) 100vw, 300px\" \/><\/a> <a href=\"https:\/\/agora.xtec.cat\/ies-santa-eulalia\/wp-content\/uploads\/usu1612\/2020\/02\/20200130_1143102-min1.jpg\"><img loading=\"lazy\" decoding=\"async\" class=\"alignnone size-medium wp-image-5889\" src=\"https:\/\/agora.xtec.cat\/ies-santa-eulalia\/wp-content\/uploads\/usu1612\/2020\/02\/20200130_1143102-min1-300x169.jpg\" alt=\"\" width=\"300\" height=\"169\" srcset=\"https:\/\/agora.xtec.cat\/ies-santa-eulalia\/wp-content\/uploads\/usu1612\/2020\/02\/20200130_1143102-min1-300x169.jpg 300w, https:\/\/agora.xtec.cat\/ies-santa-eulalia\/wp-content\/uploads\/usu1612\/2020\/02\/20200130_1143102-min1-768x432.jpg 768w, https:\/\/agora.xtec.cat\/ies-santa-eulalia\/wp-content\/uploads\/usu1612\/2020\/02\/20200130_1143102-min1-1024x576.jpg 1024w\" sizes=\"auto, (max-width: 300px) 100vw, 300px\" \/><\/a> <a href=\"https:\/\/agora.xtec.cat\/ies-santa-eulalia\/wp-content\/uploads\/usu1612\/2020\/02\/20200130_1147451-min1.jpg\"><img loading=\"lazy\" decoding=\"async\" class=\"alignnone size-medium wp-image-5890\" src=\"https:\/\/agora.xtec.cat\/ies-santa-eulalia\/wp-content\/uploads\/usu1612\/2020\/02\/20200130_1147451-min1-300x169.jpg\" alt=\"\" width=\"300\" height=\"169\" srcset=\"https:\/\/agora.xtec.cat\/ies-santa-eulalia\/wp-content\/uploads\/usu1612\/2020\/02\/20200130_1147451-min1-300x169.jpg 300w, https:\/\/agora.xtec.cat\/ies-santa-eulalia\/wp-content\/uploads\/usu1612\/2020\/02\/20200130_1147451-min1-768x432.jpg 768w, https:\/\/agora.xtec.cat\/ies-santa-eulalia\/wp-content\/uploads\/usu1612\/2020\/02\/20200130_1147451-min1-1024x576.jpg 1024w\" sizes=\"auto, (max-width: 300px) 100vw, 300px\" \/><\/a><\/div>\n<\/div>\n<\/div>\n<\/div>\n<\/div>\n","protected":false},"excerpt":{"rendered":"<p>Dilluns de la setmana passada\u00a0es va comen\u00e7ar a dibuixar el mural de la fa\u00e7ana del carrer Carrilet.\u00a0<\/p>\n<p>El projecte se&#8217;ns proposa des del centre Cultural de Santa Eul\u00e0lia que ens ofereix la possibilitat de fer un treball conjunt amb un artista de l&#8217;Hospitalet.\u00a0<br \/>\n\u00a0<br \/>\nEl projecte s&#8217;inicia a&hellip;  <a href=\"https:\/\/agora.xtec.cat\/ies-santa-eulalia\/general\/mural-a-la-facana\/\" title=\"Read Mural a la fa\u00e7ana\">Llegeix m\u00e9s\u00bb<\/a><\/p>\n","protected":false},"author":1,"featured_media":5890,"comment_status":"open","ping_status":"closed","sticky":false,"template":"","format":"standard","meta":{"_bbp_topic_count":0,"_bbp_reply_count":0,"_bbp_total_topic_count":0,"_bbp_total_reply_count":0,"_bbp_voice_count":0,"_bbp_anonymous_reply_count":0,"_bbp_topic_count_hidden":0,"_bbp_reply_count_hidden":0,"_bbp_forum_subforum_count":0,"footnotes":""},"categories":[150,3,1,29],"tags":[],"class_list":["post-5873","post","type-post","status-publish","format-standard","has-post-thumbnail","hentry","category-novetats-visual-i-plastica","category-eso","category-general","category-portada"],"post_mailing_queue_ids":[],"_links":{"self":[{"href":"https:\/\/agora.xtec.cat\/ies-santa-eulalia\/wp-json\/wp\/v2\/posts\/5873","targetHints":{"allow":["GET"]}}],"collection":[{"href":"https:\/\/agora.xtec.cat\/ies-santa-eulalia\/wp-json\/wp\/v2\/posts"}],"about":[{"href":"https:\/\/agora.xtec.cat\/ies-santa-eulalia\/wp-json\/wp\/v2\/types\/post"}],"author":[{"embeddable":true,"href":"https:\/\/agora.xtec.cat\/ies-santa-eulalia\/wp-json\/wp\/v2\/users\/1"}],"replies":[{"embeddable":true,"href":"https:\/\/agora.xtec.cat\/ies-santa-eulalia\/wp-json\/wp\/v2\/comments?post=5873"}],"version-history":[{"count":3,"href":"https:\/\/agora.xtec.cat\/ies-santa-eulalia\/wp-json\/wp\/v2\/posts\/5873\/revisions"}],"predecessor-version":[{"id":5902,"href":"https:\/\/agora.xtec.cat\/ies-santa-eulalia\/wp-json\/wp\/v2\/posts\/5873\/revisions\/5902"}],"wp:featuredmedia":[{"embeddable":true,"href":"https:\/\/agora.xtec.cat\/ies-santa-eulalia\/wp-json\/wp\/v2\/media\/5890"}],"wp:attachment":[{"href":"https:\/\/agora.xtec.cat\/ies-santa-eulalia\/wp-json\/wp\/v2\/media?parent=5873"}],"wp:term":[{"taxonomy":"category","embeddable":true,"href":"https:\/\/agora.xtec.cat\/ies-santa-eulalia\/wp-json\/wp\/v2\/categories?post=5873"},{"taxonomy":"post_tag","embeddable":true,"href":"https:\/\/agora.xtec.cat\/ies-santa-eulalia\/wp-json\/wp\/v2\/tags?post=5873"}],"curies":[{"name":"wp","href":"https:\/\/api.w.org\/{rel}","templated":true}]}}