{"id":5847,"date":"2020-01-29T11:10:34","date_gmt":"2020-01-29T10:10:34","guid":{"rendered":"http:\/\/agora.xtec.cat\/ies-santa-eulalia\/?p=5847"},"modified":"2020-01-29T18:11:06","modified_gmt":"2020-01-29T17:11:06","slug":"la-puerta-violeta","status":"publish","type":"post","link":"https:\/\/agora.xtec.cat\/ies-santa-eulalia\/general\/la-puerta-violeta\/","title":{"rendered":"La Puerta Violeta"},"content":{"rendered":"<p style=\"text-align: center;\"><a href=\"https:\/\/agora.xtec.cat\/ies-santa-eulalia\/wp-content\/uploads\/usu1612\/2020\/01\/Picture-1.png\"><img loading=\"lazy\" decoding=\"async\" class=\"alignnone wp-image-5849\" src=\"https:\/\/agora.xtec.cat\/ies-santa-eulalia\/wp-content\/uploads\/usu1612\/2020\/01\/Picture-1-240x300.png\" alt=\"\" width=\"416\" height=\"520\" srcset=\"https:\/\/agora.xtec.cat\/ies-santa-eulalia\/wp-content\/uploads\/usu1612\/2020\/01\/Picture-1-240x300.png 240w, https:\/\/agora.xtec.cat\/ies-santa-eulalia\/wp-content\/uploads\/usu1612\/2020\/01\/Picture-1.png 412w\" sizes=\"auto, (max-width: 416px) 100vw, 416px\" \/><\/a><\/p>\n<p style=\"text-align: center;\"><strong>LA PUERTA VIOLETA<\/strong><\/p>\n<p>&nbsp;<\/p>\n<p>L\u2019alumnat de 4t d\u2019ESO ha elaborat una campanya contra la viol\u00e8ncia de g\u00e8nere. A partir de la can\u00e7\u00f3 de la cantautora Rozal\u00e9n \u201cLa puerta violeta\u201d han recreat les seves portes violetes.<\/p>\n<p>Des del departament de castell\u00e0\u00a0 volem agrair la implicaci\u00f3 dels alumnes i especialment a la <strong>No\u00e8lia \u00c1lvarez<\/strong> (4t.B) que ha dissenyat el mural i ha elaborat el dibuix central.<\/p>\n<p>Moltes gr\u00e0cies a tots l\u2019alumnat i molt\u00edssimes gr\u00e0cies No\u00e8lia pel teu esfor\u00e7 i la teva implicaci\u00f3.<\/p>\n<p><a href=\"https:\/\/agora.xtec.cat\/ies-santa-eulalia\/wp-content\/uploads\/usu1612\/2020\/01\/Picture-2.png\"><img loading=\"lazy\" decoding=\"async\" class=\"size-medium wp-image-5848 aligncenter\" src=\"https:\/\/agora.xtec.cat\/ies-santa-eulalia\/wp-content\/uploads\/usu1612\/2020\/01\/Picture-2-300x226.png\" alt=\"\" width=\"300\" height=\"226\" srcset=\"https:\/\/agora.xtec.cat\/ies-santa-eulalia\/wp-content\/uploads\/usu1612\/2020\/01\/Picture-2-300x226.png 300w, https:\/\/agora.xtec.cat\/ies-santa-eulalia\/wp-content\/uploads\/usu1612\/2020\/01\/Picture-2-200x150.png 200w, https:\/\/agora.xtec.cat\/ies-santa-eulalia\/wp-content\/uploads\/usu1612\/2020\/01\/Picture-2.png 387w\" sizes=\"auto, (max-width: 300px) 100vw, 300px\" \/><\/a><\/p>\n","protected":false},"excerpt":{"rendered":"<p><a href=\"https:\/\/agora.xtec.cat\/ies-santa-eulalia\/wp-content\/uploads\/usu1612\/2020\/01\/Picture-1.png\"><\/a><br \/>\nLA PUERTA VIOLETA<br \/>\n&nbsp;<br \/>\nL\u2019alumnat de 4t d\u2019ESO ha elaborat una campanya contra la viol\u00e8ncia de g\u00e8nere. A partir de la can\u00e7\u00f3 de la cantautora Rozal\u00e9n \u201cLa puerta violeta\u201d han recreat les seves portes violetes.<br \/>\nDes del departament de castell\u00e0\u00a0 volem agrair la implicaci\u00f3 dels alumnes i&hellip;  <a href=\"https:\/\/agora.xtec.cat\/ies-santa-eulalia\/general\/la-puerta-violeta\/\" title=\"Read La Puerta Violeta\">Llegeix m\u00e9s\u00bb<\/a><\/p>\n","protected":false},"author":1,"featured_media":5849,"comment_status":"open","ping_status":"closed","sticky":false,"template":"","format":"standard","meta":{"_bbp_topic_count":0,"_bbp_reply_count":0,"_bbp_total_topic_count":0,"_bbp_total_reply_count":0,"_bbp_voice_count":0,"_bbp_anonymous_reply_count":0,"_bbp_topic_count_hidden":0,"_bbp_reply_count_hidden":0,"_bbp_forum_subforum_count":0,"footnotes":""},"categories":[137,3,1,29],"tags":[292,288,218],"class_list":["post-5847","post","type-post","status-publish","format-standard","has-post-thumbnail","hentry","category-llengua-castellana-i-literatura","category-eso","category-general","category-portada","tag-2019-2020","tag-4t-eso","tag-santa-eulalia"],"post_mailing_queue_ids":[],"_links":{"self":[{"href":"https:\/\/agora.xtec.cat\/ies-santa-eulalia\/wp-json\/wp\/v2\/posts\/5847","targetHints":{"allow":["GET"]}}],"collection":[{"href":"https:\/\/agora.xtec.cat\/ies-santa-eulalia\/wp-json\/wp\/v2\/posts"}],"about":[{"href":"https:\/\/agora.xtec.cat\/ies-santa-eulalia\/wp-json\/wp\/v2\/types\/post"}],"author":[{"embeddable":true,"href":"https:\/\/agora.xtec.cat\/ies-santa-eulalia\/wp-json\/wp\/v2\/users\/1"}],"replies":[{"embeddable":true,"href":"https:\/\/agora.xtec.cat\/ies-santa-eulalia\/wp-json\/wp\/v2\/comments?post=5847"}],"version-history":[{"count":2,"href":"https:\/\/agora.xtec.cat\/ies-santa-eulalia\/wp-json\/wp\/v2\/posts\/5847\/revisions"}],"predecessor-version":[{"id":5854,"href":"https:\/\/agora.xtec.cat\/ies-santa-eulalia\/wp-json\/wp\/v2\/posts\/5847\/revisions\/5854"}],"wp:featuredmedia":[{"embeddable":true,"href":"https:\/\/agora.xtec.cat\/ies-santa-eulalia\/wp-json\/wp\/v2\/media\/5849"}],"wp:attachment":[{"href":"https:\/\/agora.xtec.cat\/ies-santa-eulalia\/wp-json\/wp\/v2\/media?parent=5847"}],"wp:term":[{"taxonomy":"category","embeddable":true,"href":"https:\/\/agora.xtec.cat\/ies-santa-eulalia\/wp-json\/wp\/v2\/categories?post=5847"},{"taxonomy":"post_tag","embeddable":true,"href":"https:\/\/agora.xtec.cat\/ies-santa-eulalia\/wp-json\/wp\/v2\/tags?post=5847"}],"curies":[{"name":"wp","href":"https:\/\/api.w.org\/{rel}","templated":true}]}}